{"id":1405,"date":"2013-11-01T14:40:18","date_gmt":"2013-11-01T16:40:18","guid":{"rendered":"http:\/\/ne2.caritas.org.br.s174889.gridserver.com\/?p=1405"},"modified":"2017-07-11T15:23:17","modified_gmt":"2017-07-11T18:23:17","slug":"caritas-realiza-encontro-intermunicipal-p12-em-angelim","status":"publish","type":"post","link":"https:\/\/www.caritasne2.org.br\/site\/caritas-realiza-encontro-intermunicipal-p12-em-angelim\/","title":{"rendered":"C\u00e1ritas realiza Encontro Intermunicipal do P1+2 em Angelim"},"content":{"rendered":"<p style=\"text-align: justify;\">A C\u00e1ritas Brasileira Regional Nordeste 2 realizou no Sindicato dos Trabalhadores Rurais de Angelim, o Encontro Comunit\u00e1rio Municipal de Avalia\u00e7\u00e3o do Programa Uma Terra e Duas \u00c1guas. O evento que aconteceu\u00a0no dia 11 de outubro, reuniu agricultores e agricultoras dos munic\u00edpios de Angelim, Cal\u00e7ado e Terezinha, que fazem parte da execu\u00e7\u00e3o do P1+2.<\/p>\n<p style=\"text-align: justify;\">As boas-vindas do Encontro ficou por conta de Ivand\u00edlson Lima, morador de Angelim. \u201cEste \u00e9 um dia de constru\u00e7\u00e3o e que bom que voc\u00eas, agricultores e agricultoras, est\u00e3o aqui para vivenciar este momento\u201d, disse. Em seguida, passou a palavra para a equipe de m\u00edstica, que coordenou o momento de apresenta\u00e7\u00e3o e entrosamento entre os participantes do evento.<\/p>\n<p style=\"text-align: justify;\">Em aten\u00e7\u00e3o \u00e0 campanha de preven\u00e7\u00e3o ao c\u00e2ncer de mama, uma das doen\u00e7as que mais mata mulheres no mundo e, ao contr\u00e1rio do que muitos pensam, atinge tamb\u00e9m os homens, a programa\u00e7\u00e3o do Encontro teve uma palestra especial sobre o assunto com a enfermeira Yolanda Cardoso Vieira. Na ocasi\u00e3o, dentre outras coisas, os participantes do evento aprenderam como deve ser feito o autoexame de mama.<\/p>\n<p style=\"text-align: justify;\">Logo ap\u00f3s, o articulador de campo Adriano Souza, apresentou a palestra \u201cO uso de agrot\u00f3xicos e suas principais consequ\u00eancias\u201d. Na oportunidade, ele trouxe o hist\u00f3rico e os dados sobre o uso de venenos na agricultura e sugeriu que os agricultores optassem por atitudes simples no combate \u00e0s pragas, como por exemplo, plantio de ervas de cheiro na lavoura, armadilha luminosa, cobertura morta, sacos para embalar os frutos, entre outras medidas. \u201cA mudan\u00e7a de h\u00e1bitos come\u00e7a em cada um de n\u00f3s. N\u00e3o adianta ficar chocado com as fotos que mostram os malef\u00edcios dos agrot\u00f3xicos e quando chegar em casa continuar usando na produ\u00e7\u00e3o\u201d, afirmou.<\/p>\n<p style=\"text-align: justify;\">A terceira e \u00faltima palestra, intitulada \u201cAgricultura familiar e agroecologia\u201d, foi ministrada pelo tamb\u00e9m articulador de campo, Samuel Barros. Um dos assuntos que norteou a apresenta\u00e7\u00e3o do t\u00e9cnico foi a Lei da Agricultura Familiar N\u00ba 11.326, de 2006, que estabelece as condi\u00e7\u00f5es para que o homem e a mulher do campo sejam considerados, de fato, agricultor e agricultora familiar. Ao falar das a\u00e7\u00f5es agroecol\u00f3gicas, ele defendeu uma proposta de agricultura justa e sustent\u00e1vel, que seja capaz de se opor \u00e0 produ\u00e7\u00e3o convencional.<\/p>\n<p style=\"text-align: justify;\">Depois do almo\u00e7o, os agricultores e agricultoras que foram contemplados por tecnologias de segunda \u00e1gua, dividiram-se em grupos para pensar o que o P1+2 mudou na vida de cada fam\u00edlia e o que pode ser melhorado no Programa.<\/p>\n<p style=\"text-align: justify;\">O evento foi encerrado com a fala da coodenadora do P1+2 com apoio do Minist\u00e9rio do Desenvolvimento Social, Flavianeide Pereira, que salientou a import\u00e2ncia da participa\u00e7\u00e3o de cada um nesta constru\u00e7\u00e3o de um Semi\u00e1rido mais rico em vida e possibilidades.<\/p>\n<p style=\"text-align: justify;\"><a href=\"http:\/\/ne2.caritas.org.br.s174889.gridserver.com\/2013\/11\/01\/caritas-realiza-encontro-intermunicipal-p12-em-angelim\/encontro-d\/\" rel=\"attachment wp-att-1407\"><img decoding=\"async\" loading=\"lazy\" class=\"aligncenter size-medium wp-image-1407\" title=\"Encontro d\" src=\"http:\/\/ne2.caritas.org.br.s174889.gridserver.com\/wp-content\/uploads\/2013\/11\/Encontro-d-300x225.jpg\" alt=\"\" width=\"300\" height=\"225\" srcset=\"https:\/\/www.caritasne2.org.br\/site\/wp-content\/uploads\/2013\/11\/Encontro-d-300x225.jpg 300w, https:\/\/www.caritasne2.org.br\/site\/wp-content\/uploads\/2013\/11\/Encontro-d-768x576.jpg 768w, https:\/\/www.caritasne2.org.br\/site\/wp-content\/uploads\/2013\/11\/Encontro-d-1024x768.jpg 1024w\" sizes=\"(max-width: 300px) 100vw, 300px\" \/><\/a><\/p>\n<p style=\"text-align: justify;\">por Lidiane Santos &#8211; Comunicadora popular do P1+2 &#8211; C\u00e1ritas Regional NE2<\/p>\n<p style=\"text-align: justify;\">\n<ul class=\"ssb_list_wrapper\"><li class=\"fb2\" style=\"width:135px\"><iframe src=\"\/\/www.facebook.com\/plugins\/like.php?href=https%3A%2F%2Fwww.caritasne2.org.br%2Fsite%2Fcaritas-realiza-encontro-intermunicipal-p12-em-angelim%2F&amp;layout=button_count&amp;action=like&amp;show_faces=false&amp;share=true&amp;width=135&amp;height=21&amp;appId=307091639398582\" scrolling=\"no\" frameborder=\"0\" style=\"border:none; overflow:hidden;  width:150px; height:21px;\" allowTransparency=\"true\"><\/iframe><\/li><li class=\"twtr\" style=\"width:90px\"><a href=\"https:\/\/twitter.com\/share\" class=\"twitter-share-button\" data-url=\"https:\/\/www.caritasne2.org.br\/site\/caritas-realiza-encontro-intermunicipal-p12-em-angelim\/\">&nbsp;<\/a><script>!function(d,s,id){var js,fjs=d.getElementsByTagName(s)[0],p=\/^http:\/.test(d.location)?'http':'https';if(!d.getElementById(id)){js=d.createElement(s);js.id=id;js.src=p+':\/\/platform.twitter.com\/widgets.js';fjs.parentNode.insertBefore(js,fjs);}}(document, 'script', 'twitter-wjs');<\/script><\/li><li class=\"gplus\" style=\"width:68px\"><div class=\"g-plusone\" data-size=\"medium\" data-href=\"https:\/\/www.caritasne2.org.br\/site\/caritas-realiza-encontro-intermunicipal-p12-em-angelim\/\"><\/div><\/li><li class=\"ssb_linkedin\" style=\"width:64px\"><script src=\"\/\/platform.linkedin.com\/in.js\" type=\"text\/javascript\">lang: en_US<\/script><script type=\"IN\/Share\" data-url=\"https:\/\/www.caritasne2.org.br\/site\/caritas-realiza-encontro-intermunicipal-p12-em-angelim\/\" data-counter=\"right\"><\/script><\/li><\/ul>","protected":false},"excerpt":{"rendered":"<p>A C\u00e1ritas Brasileira Regional Nordeste 2 realizou no Sindicato dos Trabalhadores Rurais de Angelim, o Encontro Comunit\u00e1rio Municipal de Avalia\u00e7\u00e3o do Programa Uma Terra e Duas \u00c1guas. O evento que aconteceu\u00a0no dia 11 de outubro, reuniu agricultores e agricultoras dos munic\u00edpios de Angelim, Cal\u00e7ado e Terezinha, que fazem parte da execu\u00e7\u00e3o do P1+2. As boas-vindas do Encontro ficou por conta de Ivand\u00edlson Lima, morador de [&hellip;]<\/p>\n<ul class=\"ssb_list_wrapper\"><li class=\"fb2\" style=\"width:135px\"><iframe src=\"\/\/www.facebook.com\/plugins\/like.php?href=https%3A%2F%2Fwww.caritasne2.org.br%2Fsite%2Fcaritas-realiza-encontro-intermunicipal-p12-em-angelim%2F&amp;layout=button_count&amp;action=like&amp;show_faces=false&amp;share=true&amp;width=135&amp;height=21&amp;appId=307091639398582\" scrolling=\"no\" frameborder=\"0\" style=\"border:none; overflow:hidden;  width:150px; height:21px;\" allowTransparency=\"true\"><\/iframe><\/li><li class=\"twtr\" style=\"width:90px\"><a href=\"https:\/\/twitter.com\/share\" class=\"twitter-share-button\" data-url=\"https:\/\/www.caritasne2.org.br\/site\/caritas-realiza-encontro-intermunicipal-p12-em-angelim\/\">&nbsp;<\/a><script>!function(d,s,id){var js,fjs=d.getElementsByTagName(s)[0],p=\/^http:\/.test(d.location)?'http':'https';if(!d.getElementById(id)){js=d.createElement(s);js.id=id;js.src=p+':\/\/platform.twitter.com\/widgets.js';fjs.parentNode.insertBefore(js,fjs);}}(document, 'script', 'twitter-wjs');<\/script><\/li><li class=\"gplus\" style=\"width:68px\"><div class=\"g-plusone\" data-size=\"medium\" data-href=\"https:\/\/www.caritasne2.org.br\/site\/caritas-realiza-encontro-intermunicipal-p12-em-angelim\/\"><\/div><\/li><li class=\"ssb_linkedin\" style=\"width:64px\"><script src=\"\/\/platform.linkedin.com\/in.js\" type=\"text\/javascript\">lang: en_US<\/script><script type=\"IN\/Share\" data-url=\"https:\/\/www.caritasne2.org.br\/site\/caritas-realiza-encontro-intermunicipal-p12-em-angelim\/\" data-counter=\"right\"><\/script><\/li><\/ul>","protected":false},"author":4,"featured_media":1411,"comment_status":"open","ping_status":"open","sticky":false,"template":"","format":"standard","meta":[],"categories":[20,224],"tags":[67,160],"_links":{"self":[{"href":"https:\/\/www.caritasne2.org.br\/site\/wp-json\/wp\/v2\/posts\/1405"}],"collection":[{"href":"https:\/\/www.caritasne2.org.br\/site\/wp-json\/wp\/v2\/posts"}],"about":[{"href":"https:\/\/www.caritasne2.org.br\/site\/wp-json\/wp\/v2\/types\/post"}],"author":[{"embeddable":true,"href":"https:\/\/www.caritasne2.org.br\/site\/wp-json\/wp\/v2\/users\/4"}],"replies":[{"embeddable":true,"href":"https:\/\/www.caritasne2.org.br\/site\/wp-json\/wp\/v2\/comments?post=1405"}],"version-history":[{"count":0,"href":"https:\/\/www.caritasne2.org.br\/site\/wp-json\/wp\/v2\/posts\/1405\/revisions"}],"wp:featuredmedia":[{"embeddable":true,"href":"https:\/\/www.caritasne2.org.br\/site\/wp-json\/wp\/v2\/media\/1411"}],"wp:attachment":[{"href":"https:\/\/www.caritasne2.org.br\/site\/wp-json\/wp\/v2\/media?parent=1405"}],"wp:term":[{"taxonomy":"category","embeddable":true,"href":"https:\/\/www.caritasne2.org.br\/site\/wp-json\/wp\/v2\/categories?post=1405"},{"taxonomy":"post_tag","embeddable":true,"href":"https:\/\/www.caritasne2.org.br\/site\/wp-json\/wp\/v2\/tags?post=1405"}],"curies":[{"name":"wp","href":"https:\/\/api.w.org\/{rel}","templated":true}]}}