{"id":1400,"date":"2013-11-01T13:01:59","date_gmt":"2013-11-01T15:01:59","guid":{"rendered":"http:\/\/ne2.caritas.org.br.s174889.gridserver.com\/?p=1400"},"modified":"2017-07-11T15:23:17","modified_gmt":"2017-07-11T18:23:17","slug":"caravana-apodi-nos-levou-realidades-diversas","status":"publish","type":"post","link":"https:\/\/www.caritasne2.org.br\/site\/caravana-apodi-nos-levou-realidades-diversas\/","title":{"rendered":"A Caravana do Apodi nos levou a realidades diversas"},"content":{"rendered":"<p style=\"text-align: justify;\">Na regi\u00e3o da Chapada do Apodi, que abrange Rio Grande do Norte e Cear\u00e1, h\u00e1 realidades e realidades. Esta constata\u00e7\u00e3o foi feita durante a realiza\u00e7\u00e3o da Caravana Agroecol\u00f3gica e Cultural da Chapada do Apodi, que aconteceu entre os dias 23 e 26 do m\u00eas de outubro, deste ano. De um lado, observa-se o bra\u00e7o do Estado brasileiro agindo em nome do Agrohidroneg\u00f3cio, praticando injusti\u00e7as, acobertando desmandos e contribuindo para que milhares de trabalhadores e trabalhadoras abreviem suas vidas. Do outro lado, a resist\u00eancia de fam\u00edlias agricultoras para se manter na terra e garantir sua produ\u00e7\u00e3o de alimentos dentro de sistemas sustent\u00e1veis. Sem falar na luta constante contra o agroneg\u00f3cio.<\/p>\n<p style=\"text-align: justify;\">Na parte do Cear\u00e1, onde aconteceu a Rota de Z\u00e9 Maria, que se situa em Limoeiro do Norte, \u00e9 gritante a situa\u00e7\u00e3o das fam\u00edlias agricultoras que foram arrancadas de suas terras para constru\u00e7\u00e3o de barragens e per\u00edmetros irrigados. Infraestruturas criadas e bancadas pelo governo federal, por interm\u00e9dio do Departamento Nacional de Obras e Saneamento (DNOCS), para grandes empresas de fruticultura para exporta\u00e7\u00e3o. Enquanto isso, fam\u00edlias inteiras s\u00e3o entregues a pr\u00f3pria sorte depois de terem suas terras desapropriadas pela Uni\u00e3o. \u00c9 o que vem acontecendo com as 320 fam\u00edlias agricultoras do Vale do Jaguaribe-Apodi, no Cear\u00e1, que tiveram suas terras desapropriadas entre 1985 e 1988. As terras foram destinadas a constru\u00e7\u00e3o da Barragem do Figueiredo, iniciada em 2002 e o per\u00edmetro irrigado de Tabuleiro das Russas, que iniciou em 2008.<\/p>\n<p style=\"text-align: justify;\">Este ano, cerca de 100 fam\u00edlias atingidas pela Barragem do Figueiredo foram obrigadas a irem morar no reassentamento em casas rachadas, sem \u00e1gua, sem luz e sem acesso \u00e0 terra para produzirem seus alimentos. Agricultores e agricultoras junto com suas lideran\u00e7as e organiza\u00e7\u00f5es de apoio j\u00e1 participaram de diversas reuni\u00f5es, mesas de negocia\u00e7\u00f5es, audi\u00eancias p\u00fablicas e at\u00e9 fechamento de rodovia para serem ouvidas e atendidas pelo DNOCS ou algum outro representante do governo Federal. O m\u00e1ximo que conseguiram foi a assinatura do DNOCS em dois Termos de Ajuste de Conduta (TAC), junto ao Minist\u00e9rio P\u00fablico Federal, mas que n\u00e3o foram cumpridos. As fam\u00edlias continuam largadas passando necessidades. \u201cN\u00e3o estamos fazendo grandes exig\u00eancias, queremos o m\u00ednimo para nossas fam\u00edlias: \u00e1gua, luz e terra para produzir\u201d, diz seu Luiz dos Santos, durante mais um protesto na CE 138, na esperan\u00e7a de serem ouvidos e atendidos em suas reivindica\u00e7\u00f5es.<\/p>\n<p style=\"text-align: justify;\">Resistindo ao agroneg\u00f3cio \u2013 Mesmo com todos os empecilhos e enfrentamentos, fam\u00edlias agricultoras tamb\u00e9m da regi\u00e3o do Jaguaribe, conquistaram suas terras e desenvolvem uma agricultura sustent\u00e1vel. O assentamento Oziel Alves e a comunidade de Catigueirinha, que se localizam no munic\u00edpio de Potiretama-CE, com o apoio dos movimentos sociais e da C\u00e1ritas, tem potencializado a agricultura familiar de base agroecol\u00f3gica.<\/p>\n<p style=\"text-align: justify;\">Na comunidade de Catingueirinha, o banco de sementes garante a produ\u00e7\u00e3o de alimentos de qualidade e saud\u00e1vel. As cisternas cal\u00e7ad\u00e3o propicia um quintal produtivo onde hortali\u00e7as, leguminosas e diversas frut\u00edferas trazem seguran\u00e7a alimentar para as fam\u00edlias. No assentamento Oziel Alves, do Movimento dos Trabalhadores Sem Terra (MST), a cria\u00e7\u00e3o animal diversifica a dieta alimentar de crian\u00e7as, jovens, idosos e adultos. Leite, queijo, carne alimentam e geram renda para agricultores e agricultoras do assentamento. O trabalho coletivo garante a socializa\u00e7\u00e3o da produ\u00e7\u00e3o e o aprendizado nas diversas \u00e1reas: produtiva, educativa, de gest\u00e3o, etc. \u201cA gente tem essa rebeldia na pele\u201d, diz uma das lideran\u00e7as do assentamento. E \u00e9 essa rebeldia que mostra que a agricultura familiar de base agroecol\u00f3gica traz vida para o campo e o agrohidroneg\u00f3cio \u00e9 uma cultura de morte.<\/p>\n<p style=\"text-align: justify;\"><strong>Caravana Agroecol\u00f3gica e Cultural da Chapada do Apodi<\/strong> \u2013 Foi mais uma das etapas de prepara\u00e7\u00e3o para o III Encontro Nacional de Agroecologia (III ENA), realizado pela Articula\u00e7\u00e3o Nacional de Agroecologia (ANA) em maio de 2014, na Bahia.<\/p>\n<p>Mais informa\u00e7\u00f5es:<\/p>\n<p>http:\/\/caravanaagroecologicaapodi.wordpress.com\/<\/p>\n<p><strong>por Laudenice Oliveira (Centro Sabi\u00e1)<\/strong><\/p>\n<ul class=\"ssb_list_wrapper\"><li class=\"fb2\" style=\"width:135px\"><iframe src=\"\/\/www.facebook.com\/plugins\/like.php?href=https%3A%2F%2Fwww.caritasne2.org.br%2Fsite%2Fcaravana-apodi-nos-levou-realidades-diversas%2F&amp;layout=button_count&amp;action=like&amp;show_faces=false&amp;share=true&amp;width=135&amp;height=21&amp;appId=307091639398582\" scrolling=\"no\" frameborder=\"0\" style=\"border:none; overflow:hidden;  width:150px; height:21px;\" allowTransparency=\"true\"><\/iframe><\/li><li class=\"twtr\" style=\"width:90px\"><a href=\"https:\/\/twitter.com\/share\" class=\"twitter-share-button\" data-url=\"https:\/\/www.caritasne2.org.br\/site\/caravana-apodi-nos-levou-realidades-diversas\/\">&nbsp;<\/a><script>!function(d,s,id){var js,fjs=d.getElementsByTagName(s)[0],p=\/^http:\/.test(d.location)?'http':'https';if(!d.getElementById(id)){js=d.createElement(s);js.id=id;js.src=p+':\/\/platform.twitter.com\/widgets.js';fjs.parentNode.insertBefore(js,fjs);}}(document, 'script', 'twitter-wjs');<\/script><\/li><li class=\"gplus\" style=\"width:68px\"><div class=\"g-plusone\" data-size=\"medium\" data-href=\"https:\/\/www.caritasne2.org.br\/site\/caravana-apodi-nos-levou-realidades-diversas\/\"><\/div><\/li><li class=\"ssb_linkedin\" style=\"width:64px\"><script src=\"\/\/platform.linkedin.com\/in.js\" type=\"text\/javascript\">lang: en_US<\/script><script type=\"IN\/Share\" data-url=\"https:\/\/www.caritasne2.org.br\/site\/caravana-apodi-nos-levou-realidades-diversas\/\" data-counter=\"right\"><\/script><\/li><\/ul>","protected":false},"excerpt":{"rendered":"<p>Na regi\u00e3o da Chapada do Apodi, que abrange Rio Grande do Norte e Cear\u00e1, h\u00e1 realidades e realidades. Esta constata\u00e7\u00e3o foi feita durante a realiza\u00e7\u00e3o da Caravana Agroecol\u00f3gica e Cultural da Chapada do Apodi, que aconteceu entre os dias 23 e 26 do m\u00eas de outubro, deste ano. De um lado, observa-se o bra\u00e7o do Estado brasileiro agindo em nome do Agrohidroneg\u00f3cio, praticando injusti\u00e7as, acobertando [&hellip;]<\/p>\n<ul class=\"ssb_list_wrapper\"><li class=\"fb2\" style=\"width:135px\"><iframe src=\"\/\/www.facebook.com\/plugins\/like.php?href=https%3A%2F%2Fwww.caritasne2.org.br%2Fsite%2Fcaravana-apodi-nos-levou-realidades-diversas%2F&amp;layout=button_count&amp;action=like&amp;show_faces=false&amp;share=true&amp;width=135&amp;height=21&amp;appId=307091639398582\" scrolling=\"no\" frameborder=\"0\" style=\"border:none; overflow:hidden;  width:150px; height:21px;\" allowTransparency=\"true\"><\/iframe><\/li><li class=\"twtr\" style=\"width:90px\"><a href=\"https:\/\/twitter.com\/share\" class=\"twitter-share-button\" data-url=\"https:\/\/www.caritasne2.org.br\/site\/caravana-apodi-nos-levou-realidades-diversas\/\">&nbsp;<\/a><script>!function(d,s,id){var js,fjs=d.getElementsByTagName(s)[0],p=\/^http:\/.test(d.location)?'http':'https';if(!d.getElementById(id)){js=d.createElement(s);js.id=id;js.src=p+':\/\/platform.twitter.com\/widgets.js';fjs.parentNode.insertBefore(js,fjs);}}(document, 'script', 'twitter-wjs');<\/script><\/li><li class=\"gplus\" style=\"width:68px\"><div class=\"g-plusone\" data-size=\"medium\" data-href=\"https:\/\/www.caritasne2.org.br\/site\/caravana-apodi-nos-levou-realidades-diversas\/\"><\/div><\/li><li class=\"ssb_linkedin\" style=\"width:64px\"><script src=\"\/\/platform.linkedin.com\/in.js\" type=\"text\/javascript\">lang: en_US<\/script><script type=\"IN\/Share\" data-url=\"https:\/\/www.caritasne2.org.br\/site\/caravana-apodi-nos-levou-realidades-diversas\/\" data-counter=\"right\"><\/script><\/li><\/ul>","protected":false},"author":4,"featured_media":1401,"comment_status":"open","ping_status":"open","sticky":false,"template":"","format":"standard","meta":[],"categories":[20],"tags":[67],"_links":{"self":[{"href":"https:\/\/www.caritasne2.org.br\/site\/wp-json\/wp\/v2\/posts\/1400"}],"collection":[{"href":"https:\/\/www.caritasne2.org.br\/site\/wp-json\/wp\/v2\/posts"}],"about":[{"href":"https:\/\/www.caritasne2.org.br\/site\/wp-json\/wp\/v2\/types\/post"}],"author":[{"embeddable":true,"href":"https:\/\/www.caritasne2.org.br\/site\/wp-json\/wp\/v2\/users\/4"}],"replies":[{"embeddable":true,"href":"https:\/\/www.caritasne2.org.br\/site\/wp-json\/wp\/v2\/comments?post=1400"}],"version-history":[{"count":0,"href":"https:\/\/www.caritasne2.org.br\/site\/wp-json\/wp\/v2\/posts\/1400\/revisions"}],"wp:featuredmedia":[{"embeddable":true,"href":"https:\/\/www.caritasne2.org.br\/site\/wp-json\/wp\/v2\/media\/1401"}],"wp:attachment":[{"href":"https:\/\/www.caritasne2.org.br\/site\/wp-json\/wp\/v2\/media?parent=1400"}],"wp:term":[{"taxonomy":"category","embeddable":true,"href":"https:\/\/www.caritasne2.org.br\/site\/wp-json\/wp\/v2\/categories?post=1400"},{"taxonomy":"post_tag","embeddable":true,"href":"https:\/\/www.caritasne2.org.br\/site\/wp-json\/wp\/v2\/tags?post=1400"}],"curies":[{"name":"wp","href":"https:\/\/api.w.org\/{rel}","templated":true}]}}