{"id":1395,"date":"2013-11-01T12:46:30","date_gmt":"2013-11-01T14:46:30","guid":{"rendered":"http:\/\/ne2.caritas.org.br.s174889.gridserver.com\/?p=1395"},"modified":"2017-07-11T15:23:17","modified_gmt":"2017-07-11T18:23:17","slug":"venha-vier-estamos-juntos-somos-rede","status":"publish","type":"post","link":"https:\/\/www.caritasne2.org.br\/site\/venha-vier-estamos-juntos-somos-rede\/","title":{"rendered":"&#8220;Venha o que vier, estamos juntos e somos rede&#8221;"},"content":{"rendered":"<p style=\"text-align: justify;\">\u00c0 tarde do \u00faltimo dia do 3\u00ba Encontro Nacional de Agricultoras e Agricultores Experimentadores, realizado em Campina Grande (PB), de 28 a 31 de outubro, encerrou a programa\u00e7\u00e3o com uma m\u00edstica trazendo uma reflex\u00e3o sobre tudo o que foi vivenciado durante os quatro dias do evento. O encerramento reafirmou o compromisso de todas as institui\u00e7\u00f5es que comp\u00f5em a ASA de lutar pelo direito \u00e0 \u00e1gua, \u00e0 terra e sobretudo a vida no campo. Os participantes formaram um grande c\u00edrculo para juntos cantarem a partilharem do momento final.<\/p>\n<p style=\"text-align: justify;\">Ao som de m\u00fasicas regionais cantadas pela cantora paraibana Sandra Bel\u00ea, participantes dos dez estados apresentaram em tarjetas a s\u00edntese dos aprendizados adquiridos. A resist\u00eancia e a luta pela agricultura familiar, o fortalecimento da rede ASA em cada estado, a multiplica\u00e7\u00e3o das experi\u00eancias, o resgate das sementes crioulas, o incentivo da juventude na agricultura, a perseveran\u00e7a e seguran\u00e7a alimentar foram alguns dos ensinamentos destacados na m\u00edstica.<\/p>\n<p style=\"text-align: justify;\">\u201cVenha o que vier estamos juntos e somos rede\u201d. A frase repetida por todos e todas fortaleceu os princ\u00edpios da Articula\u00e7\u00e3o Semi\u00e1rido Brasileiro. Na perspectiva de um semi\u00e1rido mais justo e mais feliz todos compartilharam de tapioca com mel para representar a comunh\u00e3o das hist\u00f3rias de agricultores e agricultoras presentes, e lembrando tamb\u00e9m os que n\u00e3o estavam.<\/p>\n<p style=\"text-align: justify;\">Ao final, uma grande ciranda marcou a despedida desse momento de troca de conhecimento, fortalecimento das pol\u00edticas de conviv\u00eancia e de encontro das vozes dos agricultores e agricultoras que permeiam o semi\u00e1rido brasileiro.<\/p>\n<p style=\"text-align: justify;\">por Ermaela C\u00edcera &#8211; Comunicadora popular da ASA Campina Grande &#8211; Para\u00edba.<\/p>\n<ul class=\"ssb_list_wrapper\"><li class=\"fb2\" style=\"width:135px\"><iframe src=\"\/\/www.facebook.com\/plugins\/like.php?href=https%3A%2F%2Fwww.caritasne2.org.br%2Fsite%2Fvenha-vier-estamos-juntos-somos-rede%2F&amp;layout=button_count&amp;action=like&amp;show_faces=false&amp;share=true&amp;width=135&amp;height=21&amp;appId=307091639398582\" scrolling=\"no\" frameborder=\"0\" style=\"border:none; overflow:hidden;  width:150px; height:21px;\" allowTransparency=\"true\"><\/iframe><\/li><li class=\"twtr\" style=\"width:90px\"><a href=\"https:\/\/twitter.com\/share\" class=\"twitter-share-button\" data-url=\"https:\/\/www.caritasne2.org.br\/site\/venha-vier-estamos-juntos-somos-rede\/\">&nbsp;<\/a><script>!function(d,s,id){var js,fjs=d.getElementsByTagName(s)[0],p=\/^http:\/.test(d.location)?'http':'https';if(!d.getElementById(id)){js=d.createElement(s);js.id=id;js.src=p+':\/\/platform.twitter.com\/widgets.js';fjs.parentNode.insertBefore(js,fjs);}}(document, 'script', 'twitter-wjs');<\/script><\/li><li class=\"gplus\" style=\"width:68px\"><div class=\"g-plusone\" data-size=\"medium\" data-href=\"https:\/\/www.caritasne2.org.br\/site\/venha-vier-estamos-juntos-somos-rede\/\"><\/div><\/li><li class=\"ssb_linkedin\" style=\"width:64px\"><script src=\"\/\/platform.linkedin.com\/in.js\" type=\"text\/javascript\">lang: en_US<\/script><script type=\"IN\/Share\" data-url=\"https:\/\/www.caritasne2.org.br\/site\/venha-vier-estamos-juntos-somos-rede\/\" data-counter=\"right\"><\/script><\/li><\/ul>","protected":false},"excerpt":{"rendered":"<p>\u00c0 tarde do \u00faltimo dia do 3\u00ba Encontro Nacional de Agricultoras e Agricultores Experimentadores, realizado em Campina Grande (PB), de 28 a 31 de outubro, encerrou a programa\u00e7\u00e3o com uma m\u00edstica trazendo uma reflex\u00e3o sobre tudo o que foi vivenciado durante os quatro dias do evento. O encerramento reafirmou o compromisso de todas as institui\u00e7\u00f5es que comp\u00f5em a ASA de lutar pelo direito \u00e0 \u00e1gua, [&hellip;]<\/p>\n<ul class=\"ssb_list_wrapper\"><li class=\"fb2\" style=\"width:135px\"><iframe src=\"\/\/www.facebook.com\/plugins\/like.php?href=https%3A%2F%2Fwww.caritasne2.org.br%2Fsite%2Fvenha-vier-estamos-juntos-somos-rede%2F&amp;layout=button_count&amp;action=like&amp;show_faces=false&amp;share=true&amp;width=135&amp;height=21&amp;appId=307091639398582\" scrolling=\"no\" frameborder=\"0\" style=\"border:none; overflow:hidden;  width:150px; height:21px;\" allowTransparency=\"true\"><\/iframe><\/li><li class=\"twtr\" style=\"width:90px\"><a href=\"https:\/\/twitter.com\/share\" class=\"twitter-share-button\" data-url=\"https:\/\/www.caritasne2.org.br\/site\/venha-vier-estamos-juntos-somos-rede\/\">&nbsp;<\/a><script>!function(d,s,id){var js,fjs=d.getElementsByTagName(s)[0],p=\/^http:\/.test(d.location)?'http':'https';if(!d.getElementById(id)){js=d.createElement(s);js.id=id;js.src=p+':\/\/platform.twitter.com\/widgets.js';fjs.parentNode.insertBefore(js,fjs);}}(document, 'script', 'twitter-wjs');<\/script><\/li><li class=\"gplus\" style=\"width:68px\"><div class=\"g-plusone\" data-size=\"medium\" data-href=\"https:\/\/www.caritasne2.org.br\/site\/venha-vier-estamos-juntos-somos-rede\/\"><\/div><\/li><li class=\"ssb_linkedin\" style=\"width:64px\"><script src=\"\/\/platform.linkedin.com\/in.js\" type=\"text\/javascript\">lang: en_US<\/script><script type=\"IN\/Share\" data-url=\"https:\/\/www.caritasne2.org.br\/site\/venha-vier-estamos-juntos-somos-rede\/\" data-counter=\"right\"><\/script><\/li><\/ul>","protected":false},"author":4,"featured_media":1396,"comment_status":"open","ping_status":"open","sticky":false,"template":"","format":"standard","meta":[],"categories":[72,20],"tags":[157,67],"_links":{"self":[{"href":"https:\/\/www.caritasne2.org.br\/site\/wp-json\/wp\/v2\/posts\/1395"}],"collection":[{"href":"https:\/\/www.caritasne2.org.br\/site\/wp-json\/wp\/v2\/posts"}],"about":[{"href":"https:\/\/www.caritasne2.org.br\/site\/wp-json\/wp\/v2\/types\/post"}],"author":[{"embeddable":true,"href":"https:\/\/www.caritasne2.org.br\/site\/wp-json\/wp\/v2\/users\/4"}],"replies":[{"embeddable":true,"href":"https:\/\/www.caritasne2.org.br\/site\/wp-json\/wp\/v2\/comments?post=1395"}],"version-history":[{"count":0,"href":"https:\/\/www.caritasne2.org.br\/site\/wp-json\/wp\/v2\/posts\/1395\/revisions"}],"wp:featuredmedia":[{"embeddable":true,"href":"https:\/\/www.caritasne2.org.br\/site\/wp-json\/wp\/v2\/media\/1396"}],"wp:attachment":[{"href":"https:\/\/www.caritasne2.org.br\/site\/wp-json\/wp\/v2\/media?parent=1395"}],"wp:term":[{"taxonomy":"category","embeddable":true,"href":"https:\/\/www.caritasne2.org.br\/site\/wp-json\/wp\/v2\/categories?post=1395"},{"taxonomy":"post_tag","embeddable":true,"href":"https:\/\/www.caritasne2.org.br\/site\/wp-json\/wp\/v2\/tags?post=1395"}],"curies":[{"name":"wp","href":"https:\/\/api.w.org\/{rel}","templated":true}]}}