{"id":1385,"date":"2013-11-01T12:25:58","date_gmt":"2013-11-01T14:25:58","guid":{"rendered":"http:\/\/ne2.caritas.org.br.s174889.gridserver.com\/?p=1385"},"modified":"2017-07-11T15:23:44","modified_gmt":"2017-07-11T18:23:44","slug":"brasil-em-vivemos-ainda-existe-fome-pobreza","status":"publish","type":"post","link":"https:\/\/www.caritasne2.org.br\/site\/brasil-em-vivemos-ainda-existe-fome-pobreza\/","title":{"rendered":"No Brasil em que vivemos ainda existe fome e pobreza?"},"content":{"rendered":"<p style=\"text-align: justify;\">A C\u00e1ritas Brasileira realiza todos os anos a Semana da Solidariedade, na semana em que celebra seu anivers\u00e1rio, de 5 a 12 de novembro. Neste ano, na comemora\u00e7\u00e3o de seus 57 anos de concretiza\u00e7\u00e3o da sua miss\u00e3o de \u201ctestemunhar e anunciar o Evangelho de Jesus Cristo, defendendo e promovendo a vida e participando da constru\u00e7\u00e3o solid\u00e1ria de uma sociedade justa, igualit\u00e1ria e plural, junto com as pessoas em situa\u00e7\u00e3o de exclus\u00e3o social\u201d, estamos motivados com o tema: Solidariedade e Justi\u00e7a Social, com o objetivo de chamar a aten\u00e7\u00e3o da sociedade para refletir sobre a invisibilidade das desigualdades sociais que geram fome e pobreza existentes em nosso pa\u00eds, principalmente nas periferias das grandes e m\u00e9dias cidades e no meio rural. Desigualdades essas provocadas pelo atual modelo de desenvolvimento.<\/p>\n<p style=\"text-align: justify;\">Os dados oficiais do Governo Federal apontam que nos \u00faltimos anos (2003 \u2013 2012) o Brasil vem conseguindo combater a pobreza e a mis\u00e9ria de 16 milh\u00f5es de brasileiros por meio dos programas de transfer\u00eancia de renda, principalmente \u201co Bolsa Fam\u00edlia\u201d, proporcionando uma real melhoria nas condi\u00e7\u00f5es de vida das pessoas. No entanto, percebe-se ainda a necessidade de avan\u00e7ar para solucionar de maneira estruturante e efetiva essa mazela hist\u00f3rica que afeta toda sociedade, a exemplo da n\u00e3o realiza\u00e7\u00e3o de um processo mais amplo de reforma agr\u00e1ria e urbana.<\/p>\n<p style=\"text-align: justify;\">De acordo com o Instituto Brasileiro de Geografia e Estat\u00edstica (IBGE), o Brasil \u00e9 a sexta economia mais rica do mundo, mas 57 milh\u00f5es de pessoas ainda vivem em estado de pobreza, ou seja, sobrevivem com meio sal\u00e1rio m\u00ednimo. Mesmo com programas de distribui\u00e7\u00e3o de renda promovidos pelo Governo Federal, 20% dos mais ricos ainda det\u00e9m 63,8% da renda nacional, enquanto os 20% mais pobres acessam apenas 2,5% de toda a riqueza que \u00e9 produzida pelo pa\u00eds.<\/p>\n<p style=\"text-align: justify;\">Tendo como base esse cen\u00e1rio repugnante de nega\u00e7\u00e3o de direitos, a Semana da Solidariedade deve ser assumida por todos os homens e mulheres que acreditam em um \u201coutro mundo poss\u00edvel\u201d, no Reino de Deus, na Terra Sem Males. Seja qual for o lugar social que ocupamos, dentro ou fora das estruturas religiosas, sociais ou pol\u00edticas, nossa tarefa \u00e9 agir por meio de gestos de solidariedade para a den\u00fancia, supera\u00e7\u00e3o da realidade e constru\u00e7\u00e3o de uma cultura de direitos humanos para todos e todas no alcance pleno da justi\u00e7a social.<\/p>\n<ul class=\"ssb_list_wrapper\"><li class=\"fb2\" style=\"width:135px\"><iframe src=\"\/\/www.facebook.com\/plugins\/like.php?href=https%3A%2F%2Fwww.caritasne2.org.br%2Fsite%2Fbrasil-em-vivemos-ainda-existe-fome-pobreza%2F&amp;layout=button_count&amp;action=like&amp;show_faces=false&amp;share=true&amp;width=135&amp;height=21&amp;appId=307091639398582\" scrolling=\"no\" frameborder=\"0\" style=\"border:none; overflow:hidden;  width:150px; height:21px;\" allowTransparency=\"true\"><\/iframe><\/li><li class=\"twtr\" style=\"width:90px\"><a href=\"https:\/\/twitter.com\/share\" class=\"twitter-share-button\" data-url=\"https:\/\/www.caritasne2.org.br\/site\/brasil-em-vivemos-ainda-existe-fome-pobreza\/\">&nbsp;<\/a><script>!function(d,s,id){var js,fjs=d.getElementsByTagName(s)[0],p=\/^http:\/.test(d.location)?'http':'https';if(!d.getElementById(id)){js=d.createElement(s);js.id=id;js.src=p+':\/\/platform.twitter.com\/widgets.js';fjs.parentNode.insertBefore(js,fjs);}}(document, 'script', 'twitter-wjs');<\/script><\/li><li class=\"gplus\" style=\"width:68px\"><div class=\"g-plusone\" data-size=\"medium\" data-href=\"https:\/\/www.caritasne2.org.br\/site\/brasil-em-vivemos-ainda-existe-fome-pobreza\/\"><\/div><\/li><li class=\"ssb_linkedin\" style=\"width:64px\"><script src=\"\/\/platform.linkedin.com\/in.js\" type=\"text\/javascript\">lang: en_US<\/script><script type=\"IN\/Share\" data-url=\"https:\/\/www.caritasne2.org.br\/site\/brasil-em-vivemos-ainda-existe-fome-pobreza\/\" data-counter=\"right\"><\/script><\/li><\/ul>","protected":false},"excerpt":{"rendered":"<p>A C\u00e1ritas Brasileira realiza todos os anos a Semana da Solidariedade, na semana em que celebra seu anivers\u00e1rio, de 5 a 12 de novembro. Neste ano, na comemora\u00e7\u00e3o de seus 57 anos de concretiza\u00e7\u00e3o da sua miss\u00e3o de \u201ctestemunhar e anunciar o Evangelho de Jesus Cristo, defendendo e promovendo a vida e participando da constru\u00e7\u00e3o solid\u00e1ria de uma sociedade justa, igualit\u00e1ria e plural, junto com [&hellip;]<\/p>\n<ul class=\"ssb_list_wrapper\"><li class=\"fb2\" style=\"width:135px\"><iframe src=\"\/\/www.facebook.com\/plugins\/like.php?href=https%3A%2F%2Fwww.caritasne2.org.br%2Fsite%2Fbrasil-em-vivemos-ainda-existe-fome-pobreza%2F&amp;layout=button_count&amp;action=like&amp;show_faces=false&amp;share=true&amp;width=135&amp;height=21&amp;appId=307091639398582\" scrolling=\"no\" frameborder=\"0\" style=\"border:none; overflow:hidden;  width:150px; height:21px;\" allowTransparency=\"true\"><\/iframe><\/li><li class=\"twtr\" style=\"width:90px\"><a href=\"https:\/\/twitter.com\/share\" class=\"twitter-share-button\" data-url=\"https:\/\/www.caritasne2.org.br\/site\/brasil-em-vivemos-ainda-existe-fome-pobreza\/\">&nbsp;<\/a><script>!function(d,s,id){var js,fjs=d.getElementsByTagName(s)[0],p=\/^http:\/.test(d.location)?'http':'https';if(!d.getElementById(id)){js=d.createElement(s);js.id=id;js.src=p+':\/\/platform.twitter.com\/widgets.js';fjs.parentNode.insertBefore(js,fjs);}}(document, 'script', 'twitter-wjs');<\/script><\/li><li class=\"gplus\" style=\"width:68px\"><div class=\"g-plusone\" data-size=\"medium\" data-href=\"https:\/\/www.caritasne2.org.br\/site\/brasil-em-vivemos-ainda-existe-fome-pobreza\/\"><\/div><\/li><li class=\"ssb_linkedin\" style=\"width:64px\"><script src=\"\/\/platform.linkedin.com\/in.js\" type=\"text\/javascript\">lang: en_US<\/script><script type=\"IN\/Share\" data-url=\"https:\/\/www.caritasne2.org.br\/site\/brasil-em-vivemos-ainda-existe-fome-pobreza\/\" data-counter=\"right\"><\/script><\/li><\/ul>","protected":false},"author":4,"featured_media":1392,"comment_status":"open","ping_status":"open","sticky":false,"template":"","format":"standard","meta":[],"categories":[20],"tags":[67,310,314,311,315],"_links":{"self":[{"href":"https:\/\/www.caritasne2.org.br\/site\/wp-json\/wp\/v2\/posts\/1385"}],"collection":[{"href":"https:\/\/www.caritasne2.org.br\/site\/wp-json\/wp\/v2\/posts"}],"about":[{"href":"https:\/\/www.caritasne2.org.br\/site\/wp-json\/wp\/v2\/types\/post"}],"author":[{"embeddable":true,"href":"https:\/\/www.caritasne2.org.br\/site\/wp-json\/wp\/v2\/users\/4"}],"replies":[{"embeddable":true,"href":"https:\/\/www.caritasne2.org.br\/site\/wp-json\/wp\/v2\/comments?post=1385"}],"version-history":[{"count":0,"href":"https:\/\/www.caritasne2.org.br\/site\/wp-json\/wp\/v2\/posts\/1385\/revisions"}],"wp:featuredmedia":[{"embeddable":true,"href":"https:\/\/www.caritasne2.org.br\/site\/wp-json\/wp\/v2\/media\/1392"}],"wp:attachment":[{"href":"https:\/\/www.caritasne2.org.br\/site\/wp-json\/wp\/v2\/media?parent=1385"}],"wp:term":[{"taxonomy":"category","embeddable":true,"href":"https:\/\/www.caritasne2.org.br\/site\/wp-json\/wp\/v2\/categories?post=1385"},{"taxonomy":"post_tag","embeddable":true,"href":"https:\/\/www.caritasne2.org.br\/site\/wp-json\/wp\/v2\/tags?post=1385"}],"curies":[{"name":"wp","href":"https:\/\/api.w.org\/{rel}","templated":true}]}}