{"id":1363,"date":"2013-10-25T16:18:49","date_gmt":"2013-10-25T18:18:49","guid":{"rendered":"http:\/\/ne2.caritas.org.br.s174889.gridserver.com\/?p=1363"},"modified":"2017-07-11T15:23:44","modified_gmt":"2017-07-11T18:23:44","slug":"a-fome-existente-nao-e-algo-natural-mensagem-final-da-xix-assembleia-nacional-da-rede-caritas","status":"publish","type":"post","link":"https:\/\/www.caritasne2.org.br\/site\/a-fome-existente-nao-e-algo-natural-mensagem-final-da-xix-assembleia-nacional-da-rede-caritas\/","title":{"rendered":"\u201cA fome existente n\u00e3o \u00e9 algo natural\u201d \u2013 mensagem final da XIX Assembleia Nacional da Rede C\u00e1ritas"},"content":{"rendered":"<p style=\"text-align: justify;\">Prevista para ser lan\u00e7ada em dezembro deste ano, a Rede C\u00e1ritas Internacional prepara uma campanha mundial contra a fome a pobreza. Foi com vistas a esta grande mobiliza\u00e7\u00e3o que a C\u00e1ritas Brasileira debateu tem\u00e1ticas relacionadas \u00e0s realidades da fome e da pobreza no Brasil e no mundo. O evento, que ocorreu em Bras\u00edlia (DF), reuniu 216 agentes de todo o pa\u00eds e culminou em uma mensagem final que partilha os resultados das reflex\u00f5es e os novos compromissos com agentes pastorais, pastorais sociais e entidades parceiras e com todas as pessoas comprometidas na luta em favor de um mundo sem fome e sem pobreza.<\/p>\n<p style=\"text-align: justify;\">\u201cA fome existente n\u00e3o \u00e9 algo natural. \u00c9 fruto da concentra\u00e7\u00e3o da propriedade da terra, da riqueza gerada e da renda em m\u00e3os de uma minoria cada dia menor e que usa seu poder para concentrar ainda mais. \u00c9 fruto tamb\u00e9m da submiss\u00e3o dos governantes das na\u00e7\u00f5es aos interesses dessa minoria em nome de um progresso que s\u00f3 destina migalhas para os direitos das pessoas. Sendo a pobreza causada pela concentra\u00e7\u00e3o da riqueza, ela somente ser\u00e1 superada com uma profunda transforma\u00e7\u00e3o estrutural da sociedade e com a distribui\u00e7\u00e3o dessa riqueza com crit\u00e9rios de justi\u00e7a e de igualdade em rela\u00e7\u00e3o ao direito \u00e0 vida na Terra.\u201d<\/p>\n<p style=\"text-align: justify;\">Para ler a mensagem na\u00a0\u00edntegra <a title=\"Mensagem\" href=\"http:\/\/ne2.caritas.org.br.s174889.gridserver.com\/wp-content\/uploads\/2013\/10\/MENSAGEM-DA-19\u00aa-ASSEMBELIA-DA-C\u00c1RITAS-BRASILEIRA-reda\u00e7\u00e3o-final.pdf\">clique aqui<\/a><\/p>\n<p style=\"text-align: justify;\">Foto: Nando Zamban<\/p>\n<ul class=\"ssb_list_wrapper\"><li class=\"fb2\" style=\"width:135px\"><iframe src=\"\/\/www.facebook.com\/plugins\/like.php?href=https%3A%2F%2Fwww.caritasne2.org.br%2Fsite%2Fa-fome-existente-nao-e-algo-natural-mensagem-final-da-xix-assembleia-nacional-da-rede-caritas%2F&amp;layout=button_count&amp;action=like&amp;show_faces=false&amp;share=true&amp;width=135&amp;height=21&amp;appId=307091639398582\" scrolling=\"no\" frameborder=\"0\" style=\"border:none; overflow:hidden;  width:150px; height:21px;\" allowTransparency=\"true\"><\/iframe><\/li><li class=\"twtr\" style=\"width:90px\"><a href=\"https:\/\/twitter.com\/share\" class=\"twitter-share-button\" data-url=\"https:\/\/www.caritasne2.org.br\/site\/a-fome-existente-nao-e-algo-natural-mensagem-final-da-xix-assembleia-nacional-da-rede-caritas\/\">&nbsp;<\/a><script>!function(d,s,id){var js,fjs=d.getElementsByTagName(s)[0],p=\/^http:\/.test(d.location)?'http':'https';if(!d.getElementById(id)){js=d.createElement(s);js.id=id;js.src=p+':\/\/platform.twitter.com\/widgets.js';fjs.parentNode.insertBefore(js,fjs);}}(document, 'script', 'twitter-wjs');<\/script><\/li><li class=\"gplus\" style=\"width:68px\"><div class=\"g-plusone\" data-size=\"medium\" data-href=\"https:\/\/www.caritasne2.org.br\/site\/a-fome-existente-nao-e-algo-natural-mensagem-final-da-xix-assembleia-nacional-da-rede-caritas\/\"><\/div><\/li><li class=\"ssb_linkedin\" style=\"width:64px\"><script src=\"\/\/platform.linkedin.com\/in.js\" type=\"text\/javascript\">lang: en_US<\/script><script type=\"IN\/Share\" data-url=\"https:\/\/www.caritasne2.org.br\/site\/a-fome-existente-nao-e-algo-natural-mensagem-final-da-xix-assembleia-nacional-da-rede-caritas\/\" data-counter=\"right\"><\/script><\/li><\/ul>","protected":false},"excerpt":{"rendered":"<p>Prevista para ser lan\u00e7ada em dezembro deste ano, a Rede C\u00e1ritas Internacional prepara uma campanha mundial contra a fome a pobreza. Foi com vistas a esta grande mobiliza\u00e7\u00e3o que a C\u00e1ritas Brasileira debateu tem\u00e1ticas relacionadas \u00e0s realidades da fome e da pobreza no Brasil e no mundo. O evento, que ocorreu em Bras\u00edlia (DF), reuniu 216 agentes de todo o pa\u00eds e culminou em uma [&hellip;]<\/p>\n<ul class=\"ssb_list_wrapper\"><li class=\"fb2\" style=\"width:135px\"><iframe src=\"\/\/www.facebook.com\/plugins\/like.php?href=https%3A%2F%2Fwww.caritasne2.org.br%2Fsite%2Fa-fome-existente-nao-e-algo-natural-mensagem-final-da-xix-assembleia-nacional-da-rede-caritas%2F&amp;layout=button_count&amp;action=like&amp;show_faces=false&amp;share=true&amp;width=135&amp;height=21&amp;appId=307091639398582\" scrolling=\"no\" frameborder=\"0\" style=\"border:none; overflow:hidden;  width:150px; height:21px;\" allowTransparency=\"true\"><\/iframe><\/li><li class=\"twtr\" style=\"width:90px\"><a href=\"https:\/\/twitter.com\/share\" class=\"twitter-share-button\" data-url=\"https:\/\/www.caritasne2.org.br\/site\/a-fome-existente-nao-e-algo-natural-mensagem-final-da-xix-assembleia-nacional-da-rede-caritas\/\">&nbsp;<\/a><script>!function(d,s,id){var js,fjs=d.getElementsByTagName(s)[0],p=\/^http:\/.test(d.location)?'http':'https';if(!d.getElementById(id)){js=d.createElement(s);js.id=id;js.src=p+':\/\/platform.twitter.com\/widgets.js';fjs.parentNode.insertBefore(js,fjs);}}(document, 'script', 'twitter-wjs');<\/script><\/li><li class=\"gplus\" style=\"width:68px\"><div class=\"g-plusone\" data-size=\"medium\" data-href=\"https:\/\/www.caritasne2.org.br\/site\/a-fome-existente-nao-e-algo-natural-mensagem-final-da-xix-assembleia-nacional-da-rede-caritas\/\"><\/div><\/li><li class=\"ssb_linkedin\" style=\"width:64px\"><script src=\"\/\/platform.linkedin.com\/in.js\" type=\"text\/javascript\">lang: en_US<\/script><script type=\"IN\/Share\" data-url=\"https:\/\/www.caritasne2.org.br\/site\/a-fome-existente-nao-e-algo-natural-mensagem-final-da-xix-assembleia-nacional-da-rede-caritas\/\" data-counter=\"right\"><\/script><\/li><\/ul>","protected":false},"author":4,"featured_media":1370,"comment_status":"open","ping_status":"open","sticky":false,"template":"","format":"standard","meta":[],"categories":[20],"tags":[67,312],"_links":{"self":[{"href":"https:\/\/www.caritasne2.org.br\/site\/wp-json\/wp\/v2\/posts\/1363"}],"collection":[{"href":"https:\/\/www.caritasne2.org.br\/site\/wp-json\/wp\/v2\/posts"}],"about":[{"href":"https:\/\/www.caritasne2.org.br\/site\/wp-json\/wp\/v2\/types\/post"}],"author":[{"embeddable":true,"href":"https:\/\/www.caritasne2.org.br\/site\/wp-json\/wp\/v2\/users\/4"}],"replies":[{"embeddable":true,"href":"https:\/\/www.caritasne2.org.br\/site\/wp-json\/wp\/v2\/comments?post=1363"}],"version-history":[{"count":0,"href":"https:\/\/www.caritasne2.org.br\/site\/wp-json\/wp\/v2\/posts\/1363\/revisions"}],"wp:featuredmedia":[{"embeddable":true,"href":"https:\/\/www.caritasne2.org.br\/site\/wp-json\/wp\/v2\/media\/1370"}],"wp:attachment":[{"href":"https:\/\/www.caritasne2.org.br\/site\/wp-json\/wp\/v2\/media?parent=1363"}],"wp:term":[{"taxonomy":"category","embeddable":true,"href":"https:\/\/www.caritasne2.org.br\/site\/wp-json\/wp\/v2\/categories?post=1363"},{"taxonomy":"post_tag","embeddable":true,"href":"https:\/\/www.caritasne2.org.br\/site\/wp-json\/wp\/v2\/tags?post=1363"}],"curies":[{"name":"wp","href":"https:\/\/api.w.org\/{rel}","templated":true}]}}