{"id":13605,"date":"2025-10-21T15:40:47","date_gmt":"2025-10-21T18:40:47","guid":{"rendered":"https:\/\/www.caritasne2.org.br\/site\/?p=13605"},"modified":"2025-10-21T15:40:47","modified_gmt":"2025-10-21T18:40:47","slug":"x-assembleia-da-cbne2-um-tempo-de-comunhao-esperanca-e-compromisso-com-a-vida","status":"publish","type":"post","link":"https:\/\/www.caritasne2.org.br\/site\/x-assembleia-da-cbne2-um-tempo-de-comunhao-esperanca-e-compromisso-com-a-vida\/","title":{"rendered":"X Assembleia da CBNE2: um tempo de comunh\u00e3o, esperan\u00e7a e compromisso com a vida"},"content":{"rendered":"<div class=\"row\">\n<div class=\"col-12 description contrasty-white\"><em><strong>Assembleia prepara a C\u00e1ritas Brasileira Regional Nordeste 2 para os pr\u00f3ximos quatro anos com novos rumos, lideran\u00e7a e sede reformada<\/strong><\/em><\/div>\n<\/div>\n<div class=\"row\">\n<div class=\"col-md-6 mt-3\">\n<p><img decoding=\"async\" loading=\"lazy\" class=\"alignright size-medium wp-image-13612\" src=\"https:\/\/www.caritasne2.org.br\/site\/wp-content\/uploads\/2025\/10\/DSC08910-300x169.jpg\" alt=\"\" width=\"300\" height=\"169\" srcset=\"https:\/\/www.caritasne2.org.br\/site\/wp-content\/uploads\/2025\/10\/DSC08910-300x169.jpg 300w, https:\/\/www.caritasne2.org.br\/site\/wp-content\/uploads\/2025\/10\/DSC08910-1024x576.jpg 1024w, https:\/\/www.caritasne2.org.br\/site\/wp-content\/uploads\/2025\/10\/DSC08910-768x432.jpg 768w, https:\/\/www.caritasne2.org.br\/site\/wp-content\/uploads\/2025\/10\/DSC08910-1536x864.jpg 1536w, https:\/\/www.caritasne2.org.br\/site\/wp-content\/uploads\/2025\/10\/DSC08910-2048x1152.jpg 2048w, https:\/\/www.caritasne2.org.br\/site\/wp-content\/uploads\/2025\/10\/DSC08910-588x330.jpg 588w\" sizes=\"(max-width: 300px) 100vw, 300px\" \/>A X Assembleia da C\u00e1ritas Brasileira Regional Nordeste 2 foi um marco de f\u00e9, comunh\u00e3o e renova\u00e7\u00e3o para toda a Rede. Realizada de 17 a 19 de outubro, no Recife, a Assembleia reuniu representantes das entidades membros de Pernambuco, Para\u00edba, Alagoas e Rio Grande do Norte, al\u00e9m do arcebispo da Para\u00edba e bispo referencial da CBNE2, Dom Manoel Delson, e membros do Secretariado Nacional da C\u00e1ritas Brasileira.<\/p>\n<p>Com o tema \u201cRede C\u00e1ritas: presen\u00e7a prof\u00e9tica na constru\u00e7\u00e3o da <img decoding=\"async\" loading=\"lazy\" class=\"alignright size-medium wp-image-13611\" src=\"https:\/\/www.caritasne2.org.br\/site\/wp-content\/uploads\/2025\/10\/7GB_1970-300x200.jpg\" alt=\"\" width=\"300\" height=\"200\" srcset=\"https:\/\/www.caritasne2.org.br\/site\/wp-content\/uploads\/2025\/10\/7GB_1970-300x200.jpg 300w, https:\/\/www.caritasne2.org.br\/site\/wp-content\/uploads\/2025\/10\/7GB_1970-1024x681.jpg 1024w, https:\/\/www.caritasne2.org.br\/site\/wp-content\/uploads\/2025\/10\/7GB_1970-768x511.jpg 768w, https:\/\/www.caritasne2.org.br\/site\/wp-content\/uploads\/2025\/10\/7GB_1970-1536x1022.jpg 1536w, https:\/\/www.caritasne2.org.br\/site\/wp-content\/uploads\/2025\/10\/7GB_1970-2048x1363.jpg 2048w\" sizes=\"(max-width: 300px) 100vw, 300px\" \/>sociedade do Bem Viver\u201d e o lema \u201cN\u00e3o deixe cair a profecia\u201d \u2014 frase de Dom Helder C\u00e2mara \u2014 o encontro foi um verdadeiro exerc\u00edcio de comunh\u00e3o e sinodalidade, reafirmando a miss\u00e3o da C\u00e1ritas de ser presen\u00e7a transformadora no ch\u00e3o dos territ\u00f3rios, junto aos que mais sofrem.<\/p>\n<p>A Assembleia teve in\u00edcio na sexta-feira (17) com um momento de m\u00edstica e espiritualidade conduzido pelo Comit\u00ea de Forma\u00e7\u00e3o, M\u00edstica e Espiritualidade da CBNE2. Foi um tempo de partilha e celebra\u00e7\u00e3o da caminhada solid\u00e1ria da Rede, que h\u00e1 d\u00e9cadas semeia vida, justi\u00e7a e <img decoding=\"async\" loading=\"lazy\" class=\"alignright size-medium wp-image-13610\" src=\"https:\/\/www.caritasne2.org.br\/site\/wp-content\/uploads\/2025\/10\/7GB_1979-300x200.jpg\" alt=\"\" width=\"300\" height=\"200\" srcset=\"https:\/\/www.caritasne2.org.br\/site\/wp-content\/uploads\/2025\/10\/7GB_1979-300x200.jpg 300w, https:\/\/www.caritasne2.org.br\/site\/wp-content\/uploads\/2025\/10\/7GB_1979-1024x681.jpg 1024w, https:\/\/www.caritasne2.org.br\/site\/wp-content\/uploads\/2025\/10\/7GB_1979-768x511.jpg 768w, https:\/\/www.caritasne2.org.br\/site\/wp-content\/uploads\/2025\/10\/7GB_1979-1536x1022.jpg 1536w, https:\/\/www.caritasne2.org.br\/site\/wp-content\/uploads\/2025\/10\/7GB_1979-2048x1363.jpg 2048w\" sizes=\"(max-width: 300px) 100vw, 300px\" \/>esperan\u00e7a nas comunidades. No mesmo dia, a economista e militante Sandra Quintela, do Jubileu Sul, conduziu uma an\u00e1lise de conjuntura, convidando as pessoas participantes a refletirem sobre os desafios sociais e ambientais do nosso tempo e sobre o papel prof\u00e9tico da C\u00e1ritas diante deles.<\/p>\n<p>O s\u00e1bado come\u00e7ou tamb\u00e9m em clima de espiritualidade e gratid\u00e3o. Neilda Pereira, secret\u00e1ria regional da CBNE2, apresentou os frutos da caminhada da C\u00e1ritas nos \u00faltimos anos, evidenciando o trabalho realizado nos quatro territ\u00f3rios e em diversas \u00e1reas de atua\u00e7\u00e3o: <img decoding=\"async\" loading=\"lazy\" class=\"alignright size-medium wp-image-13613\" src=\"https:\/\/www.caritasne2.org.br\/site\/wp-content\/uploads\/2025\/10\/Noticias-FEED-2025-1080-x-1350-px-2025-10-20T162204.150-240x300.png\" alt=\"\" width=\"240\" height=\"300\" srcset=\"https:\/\/www.caritasne2.org.br\/site\/wp-content\/uploads\/2025\/10\/Noticias-FEED-2025-1080-x-1350-px-2025-10-20T162204.150-240x300.png 240w, https:\/\/www.caritasne2.org.br\/site\/wp-content\/uploads\/2025\/10\/Noticias-FEED-2025-1080-x-1350-px-2025-10-20T162204.150-819x1024.png 819w, https:\/\/www.caritasne2.org.br\/site\/wp-content\/uploads\/2025\/10\/Noticias-FEED-2025-1080-x-1350-px-2025-10-20T162204.150-768x960.png 768w, https:\/\/www.caritasne2.org.br\/site\/wp-content\/uploads\/2025\/10\/Noticias-FEED-2025-1080-x-1350-px-2025-10-20T162204.150.png 1080w\" sizes=\"(max-width: 240px) 100vw, 240px\" \/>economia popular solid\u00e1ria, conviv\u00eancia com os biomas, seguran\u00e7a alimentar, inf\u00e2ncia e juventude, migra\u00e7\u00e3o, ref\u00fagio e voluntariado. Em seguida, foram apresentadas a presta\u00e7\u00e3o de contas e o balan\u00e7o financeiro do quadri\u00eanio 2022\u20132025. O momento foi permeado por partilhas, testemunhos e reflex\u00f5es sobre os desafios enfrentados e as conquistas alcan\u00e7adas.<\/p>\n<p>A programa\u00e7\u00e3o seguiu com uma Caminhada Prof\u00e9tica e Solid\u00e1ria, um gesto simb\u00f3lico de escuta, partilha e compromisso com a miss\u00e3o. Em grupos, os participantes apresentaram as a\u00e7\u00f5es realizadas nos estados e dialogaram sobre caminhos para fortalecer a rede e aprofundar a presen\u00e7a da C\u00e1ritas nos territ\u00f3rios. \u201cSaio encantada e fortalecida. Levo comigo aprendizados e a esperan\u00e7a de ver a C\u00e1ritas ainda mais viva e atuante em Alagoas\u201d, partilhou Thamires Morais, volunt\u00e1ria e presidente da C\u00e1ritas Diocesana de Palmeira dos \u00cdndios (AL).<\/p>\n<p><img decoding=\"async\" loading=\"lazy\" class=\"alignright size-medium wp-image-13609\" src=\"https:\/\/www.caritasne2.org.br\/site\/wp-content\/uploads\/2025\/10\/DSC08902-300x169.jpg\" alt=\"\" width=\"300\" height=\"169\" srcset=\"https:\/\/www.caritasne2.org.br\/site\/wp-content\/uploads\/2025\/10\/DSC08902-300x169.jpg 300w, https:\/\/www.caritasne2.org.br\/site\/wp-content\/uploads\/2025\/10\/DSC08902-1024x576.jpg 1024w, https:\/\/www.caritasne2.org.br\/site\/wp-content\/uploads\/2025\/10\/DSC08902-768x432.jpg 768w, https:\/\/www.caritasne2.org.br\/site\/wp-content\/uploads\/2025\/10\/DSC08902-1536x864.jpg 1536w, https:\/\/www.caritasne2.org.br\/site\/wp-content\/uploads\/2025\/10\/DSC08902-2048x1152.jpg 2048w, https:\/\/www.caritasne2.org.br\/site\/wp-content\/uploads\/2025\/10\/DSC08902-588x330.jpg 588w\" sizes=\"(max-width: 300px) 100vw, 300px\" \/>Um dos momentos centrais da Assembleia foi a elei\u00e7\u00e3o do novo Conselho Regional, que atuar\u00e1 no per\u00edodo de 2026 a 2029. Ap\u00f3s as apresenta\u00e7\u00f5es e partilhas dos candidatos, os representantes das entidades membros escolheram seus novos conselheiros, reafirmando o compromisso com a corresponsabilidade e a democracia participativa que marcam a identidade da C\u00e1ritas.<\/p>\n<p>Os novos conselheiros eleitos s\u00e3o: Severino Ramos da Funda\u00e7\u00e3o <img decoding=\"async\" loading=\"lazy\" class=\"alignright size-medium wp-image-13607\" src=\"https:\/\/www.caritasne2.org.br\/site\/wp-content\/uploads\/2025\/10\/Noticias-FEED-2025-1080-x-1350-px-2025-10-20T162606.952-240x300.png\" alt=\"\" width=\"240\" height=\"300\" srcset=\"https:\/\/www.caritasne2.org.br\/site\/wp-content\/uploads\/2025\/10\/Noticias-FEED-2025-1080-x-1350-px-2025-10-20T162606.952-240x300.png 240w, https:\/\/www.caritasne2.org.br\/site\/wp-content\/uploads\/2025\/10\/Noticias-FEED-2025-1080-x-1350-px-2025-10-20T162606.952-819x1024.png 819w, https:\/\/www.caritasne2.org.br\/site\/wp-content\/uploads\/2025\/10\/Noticias-FEED-2025-1080-x-1350-px-2025-10-20T162606.952-768x960.png 768w, https:\/\/www.caritasne2.org.br\/site\/wp-content\/uploads\/2025\/10\/Noticias-FEED-2025-1080-x-1350-px-2025-10-20T162606.952.png 1080w\" sizes=\"(max-width: 240px) 100vw, 240px\" \/>Monsenhor Petronilo Pedrosa (PE), Jos\u00e9 Carlos Martins, C\u00e1ritas Diocesana de Caic\u00f3 (RN); Uzenilda Florentino, C\u00e1ritas Diocesana de Guarabira (PB); Abd\u00edzia Maria, C\u00e1ritas Arquidiocesana de Macei\u00f3 (AL). Como suplentes, foram escolhidas Irm\u00e3 Mayara Crispim, da A\u00e7\u00e3o Social Arquidiocesana da Para\u00edba (PB) e Maria Quit\u00e9ria da C\u00e1ritas Diocesana de Palmeira dos Indios (AL).<\/p>\n<p>Durante o processo, Dom Manoel Delson expressou sua alegria e gratid\u00e3o pelos oito anos \u00e0 frente da fun\u00e7\u00e3o de bispo referencial da C\u00e1ritas NE2. \u201cA C\u00e1ritas \u00e9 o rosto solid\u00e1rio da Igreja. Ela chega onde a dor grita, onde a vida precisa florescer. \u00c9 uma alegria ver o quanto essa rede cresceu, se fortaleceu e segue firme na constru\u00e7\u00e3o de um mundo mais justo e fraterno\u201d, afirmou.<\/p>\n<p>Na noite do s\u00e1bado (18), a celebra\u00e7\u00e3o se estendeu com a reinaugura\u00e7\u00e3o da sede da C\u00e1ritas Brasileira Regional Nordeste 2, um espa\u00e7o que simboliza o recome\u00e7o e o compromisso renovado com a miss\u00e3o de servir com amor e <img decoding=\"async\" loading=\"lazy\" class=\"alignright size-medium wp-image-13608\" src=\"https:\/\/www.caritasne2.org.br\/site\/wp-content\/uploads\/2025\/10\/Noticias-FEED-2025-1080-x-1350-px-2025-10-20T160101.324-240x300.png\" alt=\"\" width=\"240\" height=\"300\" srcset=\"https:\/\/www.caritasne2.org.br\/site\/wp-content\/uploads\/2025\/10\/Noticias-FEED-2025-1080-x-1350-px-2025-10-20T160101.324-240x300.png 240w, https:\/\/www.caritasne2.org.br\/site\/wp-content\/uploads\/2025\/10\/Noticias-FEED-2025-1080-x-1350-px-2025-10-20T160101.324-819x1024.png 819w, https:\/\/www.caritasne2.org.br\/site\/wp-content\/uploads\/2025\/10\/Noticias-FEED-2025-1080-x-1350-px-2025-10-20T160101.324-768x960.png 768w, https:\/\/www.caritasne2.org.br\/site\/wp-content\/uploads\/2025\/10\/Noticias-FEED-2025-1080-x-1350-px-2025-10-20T160101.324.png 1080w\" sizes=\"(max-width: 240px) 100vw, 240px\" \/>esperan\u00e7a. O momento contou com a presen\u00e7a e b\u00ean\u00e7\u00e3o de Dom Delson e de representantes das entidades membros.<\/p>\n<p>O domingo (19) foi marcado por emo\u00e7\u00e3o, louvor e gratid\u00e3o. A m\u00edstica inicial, conduzida pelo F\u00f3rum C\u00e1ritas Para\u00edba, preparou o cora\u00e7\u00e3o das pessoas para o envio mission\u00e1rio. Em seguida, os grupos de trabalho definiram as \u00e1reas priorit\u00e1rias para o pr\u00f3ximo quadri\u00eanio, reafirmando os compromissos da Rede com os povos e territ\u00f3rios do Nordeste. O encerramento aconteceu com uma celebra\u00e7\u00e3o eucar\u00edstica na Igreja das Fronteiras, presidida por Dom Delson \u2014 um momento de comunh\u00e3o e envio para continuar, com coragem e ternura, a miss\u00e3o prof\u00e9tica da C\u00e1ritas de \u201cn\u00e3o deixar cair a profecia\u201d e seguir construindo, juntos, a sociedade do Bem Viver.<\/p>\n<\/div>\n<\/div>\n<ul class=\"ssb_list_wrapper\"><li class=\"fb2\" style=\"width:135px\"><iframe src=\"\/\/www.facebook.com\/plugins\/like.php?href=https%3A%2F%2Fwww.caritasne2.org.br%2Fsite%2Fx-assembleia-da-cbne2-um-tempo-de-comunhao-esperanca-e-compromisso-com-a-vida%2F&amp;layout=button_count&amp;action=like&amp;show_faces=false&amp;share=true&amp;width=135&amp;height=21&amp;appId=307091639398582\" scrolling=\"no\" frameborder=\"0\" style=\"border:none; overflow:hidden;  width:150px; height:21px;\" allowTransparency=\"true\"><\/iframe><\/li><li class=\"twtr\" style=\"width:90px\"><a href=\"https:\/\/twitter.com\/share\" class=\"twitter-share-button\" data-url=\"https:\/\/www.caritasne2.org.br\/site\/x-assembleia-da-cbne2-um-tempo-de-comunhao-esperanca-e-compromisso-com-a-vida\/\">&nbsp;<\/a><script>!function(d,s,id){var js,fjs=d.getElementsByTagName(s)[0],p=\/^http:\/.test(d.location)?'http':'https';if(!d.getElementById(id)){js=d.createElement(s);js.id=id;js.src=p+':\/\/platform.twitter.com\/widgets.js';fjs.parentNode.insertBefore(js,fjs);}}(document, 'script', 'twitter-wjs');<\/script><\/li><li class=\"gplus\" style=\"width:68px\"><div class=\"g-plusone\" data-size=\"medium\" data-href=\"https:\/\/www.caritasne2.org.br\/site\/x-assembleia-da-cbne2-um-tempo-de-comunhao-esperanca-e-compromisso-com-a-vida\/\"><\/div><\/li><li class=\"ssb_linkedin\" style=\"width:64px\"><script src=\"\/\/platform.linkedin.com\/in.js\" type=\"text\/javascript\">lang: en_US<\/script><script type=\"IN\/Share\" data-url=\"https:\/\/www.caritasne2.org.br\/site\/x-assembleia-da-cbne2-um-tempo-de-comunhao-esperanca-e-compromisso-com-a-vida\/\" data-counter=\"right\"><\/script><\/li><\/ul>","protected":false},"excerpt":{"rendered":"<p>Assembleia prepara a C\u00e1ritas Brasileira Regional Nordeste 2 para os pr\u00f3ximos quatro anos com novos rumos, lideran\u00e7a e sede reformada A X Assembleia da C\u00e1ritas Brasileira Regional Nordeste 2 foi um marco de f\u00e9, comunh\u00e3o e renova\u00e7\u00e3o para toda a Rede. Realizada de 17 a 19 de outubro, no Recife, a Assembleia reuniu representantes das entidades membros de Pernambuco, Para\u00edba, Alagoas e Rio Grande do [&hellip;]<\/p>\n<ul class=\"ssb_list_wrapper\"><li class=\"fb2\" style=\"width:135px\"><iframe src=\"\/\/www.facebook.com\/plugins\/like.php?href=https%3A%2F%2Fwww.caritasne2.org.br%2Fsite%2Fx-assembleia-da-cbne2-um-tempo-de-comunhao-esperanca-e-compromisso-com-a-vida%2F&amp;layout=button_count&amp;action=like&amp;show_faces=false&amp;share=true&amp;width=135&amp;height=21&amp;appId=307091639398582\" scrolling=\"no\" frameborder=\"0\" style=\"border:none; overflow:hidden;  width:150px; height:21px;\" allowTransparency=\"true\"><\/iframe><\/li><li class=\"twtr\" style=\"width:90px\"><a href=\"https:\/\/twitter.com\/share\" class=\"twitter-share-button\" data-url=\"https:\/\/www.caritasne2.org.br\/site\/x-assembleia-da-cbne2-um-tempo-de-comunhao-esperanca-e-compromisso-com-a-vida\/\">&nbsp;<\/a><script>!function(d,s,id){var js,fjs=d.getElementsByTagName(s)[0],p=\/^http:\/.test(d.location)?'http':'https';if(!d.getElementById(id)){js=d.createElement(s);js.id=id;js.src=p+':\/\/platform.twitter.com\/widgets.js';fjs.parentNode.insertBefore(js,fjs);}}(document, 'script', 'twitter-wjs');<\/script><\/li><li class=\"gplus\" style=\"width:68px\"><div class=\"g-plusone\" data-size=\"medium\" data-href=\"https:\/\/www.caritasne2.org.br\/site\/x-assembleia-da-cbne2-um-tempo-de-comunhao-esperanca-e-compromisso-com-a-vida\/\"><\/div><\/li><li class=\"ssb_linkedin\" style=\"width:64px\"><script src=\"\/\/platform.linkedin.com\/in.js\" type=\"text\/javascript\">lang: en_US<\/script><script type=\"IN\/Share\" data-url=\"https:\/\/www.caritasne2.org.br\/site\/x-assembleia-da-cbne2-um-tempo-de-comunhao-esperanca-e-compromisso-com-a-vida\/\" data-counter=\"right\"><\/script><\/li><\/ul>","protected":false},"author":4,"featured_media":13606,"comment_status":"open","ping_status":"open","sticky":false,"template":"","format":"standard","meta":[],"categories":[21,20],"tags":[],"_links":{"self":[{"href":"https:\/\/www.caritasne2.org.br\/site\/wp-json\/wp\/v2\/posts\/13605"}],"collection":[{"href":"https:\/\/www.caritasne2.org.br\/site\/wp-json\/wp\/v2\/posts"}],"about":[{"href":"https:\/\/www.caritasne2.org.br\/site\/wp-json\/wp\/v2\/types\/post"}],"author":[{"embeddable":true,"href":"https:\/\/www.caritasne2.org.br\/site\/wp-json\/wp\/v2\/users\/4"}],"replies":[{"embeddable":true,"href":"https:\/\/www.caritasne2.org.br\/site\/wp-json\/wp\/v2\/comments?post=13605"}],"version-history":[{"count":6,"href":"https:\/\/www.caritasne2.org.br\/site\/wp-json\/wp\/v2\/posts\/13605\/revisions"}],"predecessor-version":[{"id":13619,"href":"https:\/\/www.caritasne2.org.br\/site\/wp-json\/wp\/v2\/posts\/13605\/revisions\/13619"}],"wp:featuredmedia":[{"embeddable":true,"href":"https:\/\/www.caritasne2.org.br\/site\/wp-json\/wp\/v2\/media\/13606"}],"wp:attachment":[{"href":"https:\/\/www.caritasne2.org.br\/site\/wp-json\/wp\/v2\/media?parent=13605"}],"wp:term":[{"taxonomy":"category","embeddable":true,"href":"https:\/\/www.caritasne2.org.br\/site\/wp-json\/wp\/v2\/categories?post=13605"},{"taxonomy":"post_tag","embeddable":true,"href":"https:\/\/www.caritasne2.org.br\/site\/wp-json\/wp\/v2\/tags?post=13605"}],"curies":[{"name":"wp","href":"https:\/\/api.w.org\/{rel}","templated":true}]}}