{"id":13598,"date":"2025-10-14T15:25:50","date_gmt":"2025-10-14T18:25:50","guid":{"rendered":"https:\/\/www.caritasne2.org.br\/site\/?p=13598"},"modified":"2025-10-14T15:25:50","modified_gmt":"2025-10-14T18:25:50","slug":"ampanha-10-milhoes-de-estrelas-prepara-o-advento-e-fortalece-acoes-solidarias-da-rede-caritas","status":"publish","type":"post","link":"https:\/\/www.caritasne2.org.br\/site\/ampanha-10-milhoes-de-estrelas-prepara-o-advento-e-fortalece-acoes-solidarias-da-rede-caritas\/","title":{"rendered":"ampanha 10 Milh\u00f5es de Estrelas prepara o Advento e fortalece a\u00e7\u00f5es solid\u00e1rias da Rede C\u00e1ritas"},"content":{"rendered":"<p style=\"text-align: justify;\" align=\"center\"><i>O valor arrecadado ser\u00e1 revertido para a\u00e7\u00f5es solid\u00e1rias da Rede C\u00e1ritas em quatro estados do nordeste<\/i><\/p>\n<p style=\"text-align: justify;\" align=\"justify\"><img decoding=\"async\" loading=\"lazy\" class=\"alignright size-medium wp-image-13599\" src=\"https:\/\/www.caritasne2.org.br\/site\/wp-content\/uploads\/2025\/10\/Camp-10-ME-2023-CBNE2-1-225x300.jpg\" alt=\"\" width=\"225\" height=\"300\" srcset=\"https:\/\/www.caritasne2.org.br\/site\/wp-content\/uploads\/2025\/10\/Camp-10-ME-2023-CBNE2-1-225x300.jpg 225w, https:\/\/www.caritasne2.org.br\/site\/wp-content\/uploads\/2025\/10\/Camp-10-ME-2023-CBNE2-1-rotated.jpg 480w\" sizes=\"(max-width: 225px) 100vw, 225px\" \/>\u00c9 com o esp\u00edrito de fraternidade, amor e empatia que a C\u00e1ritas Brasileira Regional Nordeste 2 d\u00e1 in\u00edcio \u00e0 Campanha 10 Milh\u00f5es de Estrelas nos estados de Pernambuco, Alagoas, Para\u00edba e Rio Grande do Norte. A a\u00e7\u00e3o, j\u00e1 fixa no calend\u00e1rio da Rede C\u00e1ritas no Brasil, \u00e9 voltada \u00e0 sustentabilidade e \u00e0 espiritualidade. Os interessados podem adquirir, por um valor simb\u00f3lico de R$ 10,00, cada uma das quatro velas nas cores roxa, vermelha, verde e branca, que ser\u00e3o acesas durante as semanas que antecedem o Advento, per\u00edodo que prepara os crist\u00e3os para o Natal.<\/p>\n<p style=\"text-align: justify;\" align=\"justify\">Todo o valor arrecadado ser\u00e1 revertido para projetos sociais da Rede C\u00e1ritas nas \u00e1reas de seguran\u00e7a alimentar, conviv\u00eancia com os biomas, voluntariado , economia popular solid\u00e1ria, dentre outras. As velas poder\u00e3o ser adquiridas diretamente nas par\u00f3quias e C\u00e1ritas Diocesanas ou Arquidiocesanas dos seguintes munic\u00edpios: Palmeira dos \u00cdndios e Macei\u00f3, em Alagoas; Campina Grande, na Para\u00edba; Garanhuns, Pesqueira, Palmares, Salgueiro e Petrolina, em Pernambuco; e Natal e Caic\u00f3, no Rio Grande do Norte.<\/p>\n<p style=\"text-align: justify;\" align=\"justify\"><img decoding=\"async\" loading=\"lazy\" class=\"alignright size-medium wp-image-13600\" src=\"https:\/\/www.caritasne2.org.br\/site\/wp-content\/uploads\/2025\/10\/WhatsApp-Image-2025-10-14-at-15.13.35-300x225.jpeg\" alt=\"\" width=\"300\" height=\"225\" srcset=\"https:\/\/www.caritasne2.org.br\/site\/wp-content\/uploads\/2025\/10\/WhatsApp-Image-2025-10-14-at-15.13.35-300x225.jpeg 300w, https:\/\/www.caritasne2.org.br\/site\/wp-content\/uploads\/2025\/10\/WhatsApp-Image-2025-10-14-at-15.13.35-1024x768.jpeg 1024w, https:\/\/www.caritasne2.org.br\/site\/wp-content\/uploads\/2025\/10\/WhatsApp-Image-2025-10-14-at-15.13.35-768x576.jpeg 768w, https:\/\/www.caritasne2.org.br\/site\/wp-content\/uploads\/2025\/10\/WhatsApp-Image-2025-10-14-at-15.13.35-1536x1152.jpeg 1536w, https:\/\/www.caritasne2.org.br\/site\/wp-content\/uploads\/2025\/10\/WhatsApp-Image-2025-10-14-at-15.13.35.jpeg 1600w\" sizes=\"(max-width: 300px) 100vw, 300px\" \/>O lan\u00e7amento oficial da campanha aconteceu em Campina Grande (PB), no dia 4 de outubro, Dia de S\u00e3o Francisco de Assis. O momento contou com celebra\u00e7\u00e3o eucar\u00edstica, apresenta\u00e7\u00f5es culturais e a participa\u00e7\u00e3o de jovens volunt\u00e1rios da C\u00e1ritas Paroquial Catedral Nossa Senhora da Concei\u00e7\u00e3o. Um dos destaques foi a apresenta\u00e7\u00e3o de uma m\u00fasica in\u00e9dita, composta especialmente para a campanha pela jovem Mariana Henriques.<\/p>\n<p style=\"text-align: justify;\" align=\"justify\">Para Neilda Pereira da Silva, secret\u00e1ria regional da C\u00e1ritas Brasileira Regional Nordeste 2 e representante da C\u00e1ritas no Conselho Nacional de Desenvolvimento Rural Sustent\u00e1vel, o tema e o lema da Campanha <img decoding=\"async\" loading=\"lazy\" class=\"alignright size-medium wp-image-13601\" src=\"https:\/\/www.caritasne2.org.br\/site\/wp-content\/uploads\/2025\/10\/WhatsApp-Image-2025-10-14-at-15.13.32-1-225x300.jpeg\" alt=\"\" width=\"225\" height=\"300\" srcset=\"https:\/\/www.caritasne2.org.br\/site\/wp-content\/uploads\/2025\/10\/WhatsApp-Image-2025-10-14-at-15.13.32-1-225x300.jpeg 225w, https:\/\/www.caritasne2.org.br\/site\/wp-content\/uploads\/2025\/10\/WhatsApp-Image-2025-10-14-at-15.13.32-1-768x1024.jpeg 768w, https:\/\/www.caritasne2.org.br\/site\/wp-content\/uploads\/2025\/10\/WhatsApp-Image-2025-10-14-at-15.13.32-1-1152x1536.jpeg 1152w, https:\/\/www.caritasne2.org.br\/site\/wp-content\/uploads\/2025\/10\/WhatsApp-Image-2025-10-14-at-15.13.32-1.jpeg 1200w\" sizes=\"(max-width: 225px) 100vw, 225px\" \/>10 Milh\u00f5es de Estrelas 2025 t\u00eam uma rela\u00e7\u00e3o direta com a Campanha Nossa Casa Comum: Sua a\u00e7\u00e3o faz a diferen\u00e7a no cuidado com o planeta.<\/p>\n<p style=\"text-align: justify;\" align=\"justify\">&#8220;Refor\u00e7amos a import\u00e2ncia de mobilizar as comunidades, grupos e pastorais para promover iniciativas que fortale\u00e7am o cuidado com a Casa Comum, como mutir\u00f5es, campanhas de conscientiza\u00e7\u00e3o ambiental, a\u00e7\u00f5es de economia solid\u00e1ria, feiras agroecol\u00f3gicas, rodas de di\u00e1logo sobre justi\u00e7a socioambiental e celebra\u00e7\u00f5es que integrem f\u00e9 e compromisso com a vida. Que cada estrela acesa seja sinal de esperan\u00e7a ativa, iluminando caminhos de transforma\u00e7\u00e3o e fraternidade em nossos territ\u00f3rios\u201d, explica a secret\u00e1ria.<\/p>\n<p style=\"text-align: justify;\" align=\"justify\"><b>CAMPANHA \u2013<\/b> Em 2025, a campanha se inspira no Jubileu e tem como tema <i>\u201cA estrela da esperan\u00e7a nos conduz a Bel\u00e9m\u201d<\/i>. Al\u00e9m disso, esta edi\u00e7\u00e3o fortalece a ecologia integral e a fraternidade social \u2014 o mesmo caminho trilhado pela Campanha da Fraternidade deste ano e que tamb\u00e9m \u00e9 o mote da Campanha Nossa Casa Comum, lan\u00e7ada em julho pela C\u00e1ritas Brasileira Regional Nordeste 2.<\/p>\n<p style=\"text-align: justify;\" align=\"justify\">As quatro velas que comp\u00f5em o kit da campanha \u2014 nas cores roxa, vermelha, verde e branca \u2014 devem ser acesas nas quatro semanas que antecedem o Advento, ou seja, as semanas que preparam a chegada de Cristo. Acender uma vela no per\u00edodo do Advento e na noite de Natal \u00e9 um gesto simb\u00f3lico do anseio pela solidariedade, cultura de paz, espiritualidade e justi\u00e7a social.<\/p>\n<ul class=\"ssb_list_wrapper\"><li class=\"fb2\" style=\"width:135px\"><iframe src=\"\/\/www.facebook.com\/plugins\/like.php?href=https%3A%2F%2Fwww.caritasne2.org.br%2Fsite%2Fampanha-10-milhoes-de-estrelas-prepara-o-advento-e-fortalece-acoes-solidarias-da-rede-caritas%2F&amp;layout=button_count&amp;action=like&amp;show_faces=false&amp;share=true&amp;width=135&amp;height=21&amp;appId=307091639398582\" scrolling=\"no\" frameborder=\"0\" style=\"border:none; overflow:hidden;  width:150px; height:21px;\" allowTransparency=\"true\"><\/iframe><\/li><li class=\"twtr\" style=\"width:90px\"><a href=\"https:\/\/twitter.com\/share\" class=\"twitter-share-button\" data-url=\"https:\/\/www.caritasne2.org.br\/site\/ampanha-10-milhoes-de-estrelas-prepara-o-advento-e-fortalece-acoes-solidarias-da-rede-caritas\/\">&nbsp;<\/a><script>!function(d,s,id){var js,fjs=d.getElementsByTagName(s)[0],p=\/^http:\/.test(d.location)?'http':'https';if(!d.getElementById(id)){js=d.createElement(s);js.id=id;js.src=p+':\/\/platform.twitter.com\/widgets.js';fjs.parentNode.insertBefore(js,fjs);}}(document, 'script', 'twitter-wjs');<\/script><\/li><li class=\"gplus\" style=\"width:68px\"><div class=\"g-plusone\" data-size=\"medium\" data-href=\"https:\/\/www.caritasne2.org.br\/site\/ampanha-10-milhoes-de-estrelas-prepara-o-advento-e-fortalece-acoes-solidarias-da-rede-caritas\/\"><\/div><\/li><li class=\"ssb_linkedin\" style=\"width:64px\"><script src=\"\/\/platform.linkedin.com\/in.js\" type=\"text\/javascript\">lang: en_US<\/script><script type=\"IN\/Share\" data-url=\"https:\/\/www.caritasne2.org.br\/site\/ampanha-10-milhoes-de-estrelas-prepara-o-advento-e-fortalece-acoes-solidarias-da-rede-caritas\/\" data-counter=\"right\"><\/script><\/li><\/ul>","protected":false},"excerpt":{"rendered":"<p>O valor arrecadado ser\u00e1 revertido para a\u00e7\u00f5es solid\u00e1rias da Rede C\u00e1ritas em quatro estados do nordeste \u00c9 com o esp\u00edrito de fraternidade, amor e empatia que a C\u00e1ritas Brasileira Regional Nordeste 2 d\u00e1 in\u00edcio \u00e0 Campanha 10 Milh\u00f5es de Estrelas nos estados de Pernambuco, Alagoas, Para\u00edba e Rio Grande do Norte. A a\u00e7\u00e3o, j\u00e1 fixa no calend\u00e1rio da Rede C\u00e1ritas no Brasil, \u00e9 voltada \u00e0 [&hellip;]<\/p>\n<ul class=\"ssb_list_wrapper\"><li class=\"fb2\" style=\"width:135px\"><iframe src=\"\/\/www.facebook.com\/plugins\/like.php?href=https%3A%2F%2Fwww.caritasne2.org.br%2Fsite%2Fampanha-10-milhoes-de-estrelas-prepara-o-advento-e-fortalece-acoes-solidarias-da-rede-caritas%2F&amp;layout=button_count&amp;action=like&amp;show_faces=false&amp;share=true&amp;width=135&amp;height=21&amp;appId=307091639398582\" scrolling=\"no\" frameborder=\"0\" style=\"border:none; overflow:hidden;  width:150px; height:21px;\" allowTransparency=\"true\"><\/iframe><\/li><li class=\"twtr\" style=\"width:90px\"><a href=\"https:\/\/twitter.com\/share\" class=\"twitter-share-button\" data-url=\"https:\/\/www.caritasne2.org.br\/site\/ampanha-10-milhoes-de-estrelas-prepara-o-advento-e-fortalece-acoes-solidarias-da-rede-caritas\/\">&nbsp;<\/a><script>!function(d,s,id){var js,fjs=d.getElementsByTagName(s)[0],p=\/^http:\/.test(d.location)?'http':'https';if(!d.getElementById(id)){js=d.createElement(s);js.id=id;js.src=p+':\/\/platform.twitter.com\/widgets.js';fjs.parentNode.insertBefore(js,fjs);}}(document, 'script', 'twitter-wjs');<\/script><\/li><li class=\"gplus\" style=\"width:68px\"><div class=\"g-plusone\" data-size=\"medium\" data-href=\"https:\/\/www.caritasne2.org.br\/site\/ampanha-10-milhoes-de-estrelas-prepara-o-advento-e-fortalece-acoes-solidarias-da-rede-caritas\/\"><\/div><\/li><li class=\"ssb_linkedin\" style=\"width:64px\"><script src=\"\/\/platform.linkedin.com\/in.js\" type=\"text\/javascript\">lang: en_US<\/script><script type=\"IN\/Share\" data-url=\"https:\/\/www.caritasne2.org.br\/site\/ampanha-10-milhoes-de-estrelas-prepara-o-advento-e-fortalece-acoes-solidarias-da-rede-caritas\/\" data-counter=\"right\"><\/script><\/li><\/ul>","protected":false},"author":4,"featured_media":13603,"comment_status":"open","ping_status":"open","sticky":false,"template":"","format":"standard","meta":[],"categories":[21,20],"tags":[1338,1337,331,900],"_links":{"self":[{"href":"https:\/\/www.caritasne2.org.br\/site\/wp-json\/wp\/v2\/posts\/13598"}],"collection":[{"href":"https:\/\/www.caritasne2.org.br\/site\/wp-json\/wp\/v2\/posts"}],"about":[{"href":"https:\/\/www.caritasne2.org.br\/site\/wp-json\/wp\/v2\/types\/post"}],"author":[{"embeddable":true,"href":"https:\/\/www.caritasne2.org.br\/site\/wp-json\/wp\/v2\/users\/4"}],"replies":[{"embeddable":true,"href":"https:\/\/www.caritasne2.org.br\/site\/wp-json\/wp\/v2\/comments?post=13598"}],"version-history":[{"count":1,"href":"https:\/\/www.caritasne2.org.br\/site\/wp-json\/wp\/v2\/posts\/13598\/revisions"}],"predecessor-version":[{"id":13602,"href":"https:\/\/www.caritasne2.org.br\/site\/wp-json\/wp\/v2\/posts\/13598\/revisions\/13602"}],"wp:featuredmedia":[{"embeddable":true,"href":"https:\/\/www.caritasne2.org.br\/site\/wp-json\/wp\/v2\/media\/13603"}],"wp:attachment":[{"href":"https:\/\/www.caritasne2.org.br\/site\/wp-json\/wp\/v2\/media?parent=13598"}],"wp:term":[{"taxonomy":"category","embeddable":true,"href":"https:\/\/www.caritasne2.org.br\/site\/wp-json\/wp\/v2\/categories?post=13598"},{"taxonomy":"post_tag","embeddable":true,"href":"https:\/\/www.caritasne2.org.br\/site\/wp-json\/wp\/v2\/tags?post=13598"}],"curies":[{"name":"wp","href":"https:\/\/api.w.org\/{rel}","templated":true}]}}