{"id":13589,"date":"2025-10-08T15:56:14","date_gmt":"2025-10-08T18:56:14","guid":{"rendered":"https:\/\/www.caritasne2.org.br\/site\/?p=13589"},"modified":"2025-10-08T15:56:14","modified_gmt":"2025-10-08T18:56:14","slug":"transicao-energetica-justa-em-foco","status":"publish","type":"post","link":"https:\/\/www.caritasne2.org.br\/site\/transicao-energetica-justa-em-foco\/","title":{"rendered":"Transi\u00e7\u00e3o energ\u00e9tica justa em foco"},"content":{"rendered":"<p><em><strong>CBNE2 participa de eventos que buscam a constru\u00e7\u00e3o de um modelo justo e participativo de transi\u00e7\u00e3o energ\u00e9tica<\/strong><\/em><\/p>\n<p style=\"font-weight: 400;\"><img decoding=\"async\" loading=\"lazy\" class=\"alignright size-medium wp-image-13594\" src=\"https:\/\/www.caritasne2.org.br\/site\/wp-content\/uploads\/2025\/10\/WhatsApp-Image-2025-09-29-at-17.42.56-300x169.jpeg\" alt=\"\" width=\"300\" height=\"169\" srcset=\"https:\/\/www.caritasne2.org.br\/site\/wp-content\/uploads\/2025\/10\/WhatsApp-Image-2025-09-29-at-17.42.56-300x169.jpeg 300w, https:\/\/www.caritasne2.org.br\/site\/wp-content\/uploads\/2025\/10\/WhatsApp-Image-2025-09-29-at-17.42.56-1024x575.jpeg 1024w, https:\/\/www.caritasne2.org.br\/site\/wp-content\/uploads\/2025\/10\/WhatsApp-Image-2025-09-29-at-17.42.56-768x431.jpeg 768w, https:\/\/www.caritasne2.org.br\/site\/wp-content\/uploads\/2025\/10\/WhatsApp-Image-2025-09-29-at-17.42.56-588x330.jpeg 588w, https:\/\/www.caritasne2.org.br\/site\/wp-content\/uploads\/2025\/10\/WhatsApp-Image-2025-09-29-at-17.42.56.jpeg 1280w\" sizes=\"(max-width: 300px) 100vw, 300px\" \/>Ocupar espa\u00e7os de Incid\u00eancia Pol\u00edtica na luta por uma transi\u00e7\u00e3o energ\u00e9tica justa, que respeite as comunidades e preserve os bens comuns. Com este objetivo, a C\u00e1ritas Brasileira Regional Nordeste 2 (CBNE2) participou, na semana passada, do Encontro \u201cTransi\u00e7\u00e3o Energ\u00e9tica e os Impactos sobre a Natureza e os Territ\u00f3rios de Vida Comunit\u00e1rios no Sert\u00e3o de Alagoas\u201d e, no pr\u00f3ximo dia 14, estar\u00e1 em Bras\u00edlia, para compartilhar experi\u00eancias no Semin\u00e1rio Transi\u00e7\u00f5es Justas em Movimento.<\/p>\n<p style=\"font-weight: 400;\"><img decoding=\"async\" loading=\"lazy\" class=\"alignright size-medium wp-image-13591\" src=\"https:\/\/www.caritasne2.org.br\/site\/wp-content\/uploads\/2025\/10\/DSCF6531-300x169.jpg\" alt=\"\" width=\"300\" height=\"169\" srcset=\"https:\/\/www.caritasne2.org.br\/site\/wp-content\/uploads\/2025\/10\/DSCF6531-300x169.jpg 300w, https:\/\/www.caritasne2.org.br\/site\/wp-content\/uploads\/2025\/10\/DSCF6531-1024x576.jpg 1024w, https:\/\/www.caritasne2.org.br\/site\/wp-content\/uploads\/2025\/10\/DSCF6531-768x432.jpg 768w, https:\/\/www.caritasne2.org.br\/site\/wp-content\/uploads\/2025\/10\/DSCF6531-1536x863.jpg 1536w, https:\/\/www.caritasne2.org.br\/site\/wp-content\/uploads\/2025\/10\/DSCF6531-2048x1151.jpg 2048w, https:\/\/www.caritasne2.org.br\/site\/wp-content\/uploads\/2025\/10\/DSCF6531-588x330.jpg 588w\" sizes=\"(max-width: 300px) 100vw, 300px\" \/>Em Alagoas, o evento foi realizado na cidade de Delmiro Gouveia entre 29 de setembro e 01 de outubro e contou com a participa\u00e7\u00e3o das popula\u00e7\u00f5es locais, povos e comunidades tradicionais, organiza\u00e7\u00f5es da sociedade civil, movimentos sociais, poder p\u00fablico e universidades. Estas diversas vozes se somaram para mostrar como a condu\u00e7\u00e3o do processo de transi\u00e7\u00e3o energ\u00e9tica no Brasil tem acontecido de forma desregulada, atendendo interesses econ\u00f4micos e deixando em segundo plano os impactos \u00e0 vida humana e ao meio ambiente.<\/p>\n<p style=\"font-weight: 400;\"><img decoding=\"async\" loading=\"lazy\" class=\"alignright size-medium wp-image-13592\" src=\"https:\/\/www.caritasne2.org.br\/site\/wp-content\/uploads\/2025\/10\/DSCF6683-300x169.jpg\" alt=\"\" width=\"300\" height=\"169\" srcset=\"https:\/\/www.caritasne2.org.br\/site\/wp-content\/uploads\/2025\/10\/DSCF6683-300x169.jpg 300w, https:\/\/www.caritasne2.org.br\/site\/wp-content\/uploads\/2025\/10\/DSCF6683-1024x576.jpg 1024w, https:\/\/www.caritasne2.org.br\/site\/wp-content\/uploads\/2025\/10\/DSCF6683-768x432.jpg 768w, https:\/\/www.caritasne2.org.br\/site\/wp-content\/uploads\/2025\/10\/DSCF6683-1536x863.jpg 1536w, https:\/\/www.caritasne2.org.br\/site\/wp-content\/uploads\/2025\/10\/DSCF6683-2048x1151.jpg 2048w, https:\/\/www.caritasne2.org.br\/site\/wp-content\/uploads\/2025\/10\/DSCF6683-588x330.jpg 588w\" sizes=\"(max-width: 300px) 100vw, 300px\" \/>Alagoas \u00e9 o \u00fanico estado do Nordeste que ainda n\u00e3o tem usinas de energia renov\u00e1vel. \u201cEste momento de compartilhamento de experi\u00eancias \u00e9 fundamental para apoiar a organiza\u00e7\u00e3o comunit\u00e1ria e evitar que se repitam os problemas que acontecem em outros estados\u201d, afirma Daniel Lins, assessor jur\u00eddico e de Incid\u00eancia Pol\u00edtica da CBNE2.<\/p>\n<p style=\"font-weight: 400;\">A programa\u00e7\u00e3o foi estruturada em palestras, pain\u00e9is e rodas de di\u00e1logo, al\u00e9m de Grupos de Trabalho (GTs) sobre Seguran\u00e7a H\u00eddrica; Conviv\u00eancia com o Semi\u00e1rido; Contratos de Arrendamento Justos; e Povos e Comunidades Tradicionais.<\/p>\n<p style=\"font-weight: 400; text-align: justify;\">O encontro, realizado no Campus Sert\u00e3o da Universidade Federal de Alagoas \u2013 UFAL, tamb\u00e9m ajudou a fortalecer o Movimento de Atingidas e Atingidos pelas Renov\u00e1veis \u2013 MAR, criado no m\u00eas de maio em evento realizado em Lagoa Seca (PB), com participa\u00e7\u00e3o da CBNE2.<\/p>\n<p style=\"font-weight: 400; text-align: justify;\">No Sert\u00e3o de Alagoas, um dos gritos que ecoaram foi \u201cO Sert\u00e3o vai virar MAR\u201d. Uma Refer\u00eancia, n\u00e3o \u00e0 obra de Guimar\u00e3es Rosa ou \u00e0 can\u00e7\u00e3o popular interpretada pelo Trio Nordestino, mas ao rec\u00e9m criado Movimento dos Atingidos e Atingidas pelas Renov\u00e1veis. Uma carta aberta, com os princ\u00edpios e demandas do Movimento, foi lida e compartilhada durante o encontro.<\/p>\n<p style=\"text-align: justify;\"><a href=\"https:\/\/ne2.caritas.org.br\/storage\/arquivo-de-biblioteca\/October2025\/eA6CDCfZBd6y6g95ivUb.pdf\"><b><strong>LEIA AQUI A CARTA POL\u00cdTICA DO MAR<\/strong><\/b><\/a><\/p>\n<p style=\"font-weight: 400; text-align: justify;\">No pr\u00f3ximo dia 14, o assunto volta a ser objeto de debates no semin\u00e1rio nacional \u201cTransi\u00e7\u00f5es Justas em Movimento\u201d. O evento \u00e9 promovido pelo Instituto LacLima, que atua na \u00e1rea de pol\u00edticas clim\u00e1ticas a partir do eixo jur\u00eddico. Ser\u00e1 mais um espa\u00e7o de escuta e di\u00e1logo com movimentos sociais, organiza\u00e7\u00f5es da sociedade civil, academia e poder p\u00fablico sobre os caminhos para uma transi\u00e7\u00e3o justa.<\/p>\n<p style=\"font-weight: 400; text-align: justify;\">A C\u00e1ritas Brasileira Regional Nordeste 2 foi convidada pelo Conselho Nacional de Direitos Humanos (CNDH) do governo federal para participar do evento na Mesa 3: \u201cTransi\u00e7\u00e3o energ\u00e9tica justa, para al\u00e9m do enfoque carbonoc\u00eantrico\u201d. O CNDH esteve no ano passado em visita a parques e\u00f3licos de Pernambuco e da Para\u00edba, a partir de den\u00fancias da CBNE2 e Comiss\u00e3o Pastoral da Terra (CPT), onde constatou diversos abusos nas rela\u00e7\u00f5es das usinas com as comunidades e com a natureza.<\/p>\n<p style=\"font-weight: 400; text-align: justify;\">\u201cA partir de nossa atua\u00e7\u00e3o em Alagoas, Pernambuco, Para\u00edba e Rio Grande do Norte, a CBNE2 tem acompanhado como o modelo de implanta\u00e7\u00e3o de complexos de gera\u00e7\u00e3o de energia renov\u00e1vel tem sido injusto com as comunidades e causado s\u00e9rias viola\u00e7\u00f5es de direitos socioambientais. Por isso, acreditamos no fortalecimento de iniciativas populares como forma de promover a constru\u00e7\u00e3o de uma sociedade justa, solid\u00e1ria, fraterna, pautada no respeito \u00e0 vida e no cuidado com a nossa Casa Comum\u201d, ressalta Daniel.<\/p>\n<ul class=\"ssb_list_wrapper\"><li class=\"fb2\" style=\"width:135px\"><iframe src=\"\/\/www.facebook.com\/plugins\/like.php?href=https%3A%2F%2Fwww.caritasne2.org.br%2Fsite%2Ftransicao-energetica-justa-em-foco%2F&amp;layout=button_count&amp;action=like&amp;show_faces=false&amp;share=true&amp;width=135&amp;height=21&amp;appId=307091639398582\" scrolling=\"no\" frameborder=\"0\" style=\"border:none; overflow:hidden;  width:150px; height:21px;\" allowTransparency=\"true\"><\/iframe><\/li><li class=\"twtr\" style=\"width:90px\"><a href=\"https:\/\/twitter.com\/share\" class=\"twitter-share-button\" data-url=\"https:\/\/www.caritasne2.org.br\/site\/transicao-energetica-justa-em-foco\/\">&nbsp;<\/a><script>!function(d,s,id){var js,fjs=d.getElementsByTagName(s)[0],p=\/^http:\/.test(d.location)?'http':'https';if(!d.getElementById(id)){js=d.createElement(s);js.id=id;js.src=p+':\/\/platform.twitter.com\/widgets.js';fjs.parentNode.insertBefore(js,fjs);}}(document, 'script', 'twitter-wjs');<\/script><\/li><li class=\"gplus\" style=\"width:68px\"><div class=\"g-plusone\" data-size=\"medium\" data-href=\"https:\/\/www.caritasne2.org.br\/site\/transicao-energetica-justa-em-foco\/\"><\/div><\/li><li class=\"ssb_linkedin\" style=\"width:64px\"><script src=\"\/\/platform.linkedin.com\/in.js\" type=\"text\/javascript\">lang: en_US<\/script><script type=\"IN\/Share\" data-url=\"https:\/\/www.caritasne2.org.br\/site\/transicao-energetica-justa-em-foco\/\" data-counter=\"right\"><\/script><\/li><\/ul>","protected":false},"excerpt":{"rendered":"<p>CBNE2 participa de eventos que buscam a constru\u00e7\u00e3o de um modelo justo e participativo de transi\u00e7\u00e3o energ\u00e9tica Ocupar espa\u00e7os de Incid\u00eancia Pol\u00edtica na luta por uma transi\u00e7\u00e3o energ\u00e9tica justa, que respeite as comunidades e preserve os bens comuns. Com este objetivo, a C\u00e1ritas Brasileira Regional Nordeste 2 (CBNE2) participou, na semana passada, do Encontro \u201cTransi\u00e7\u00e3o Energ\u00e9tica e os Impactos sobre a Natureza e os Territ\u00f3rios [&hellip;]<\/p>\n<ul class=\"ssb_list_wrapper\"><li class=\"fb2\" style=\"width:135px\"><iframe src=\"\/\/www.facebook.com\/plugins\/like.php?href=https%3A%2F%2Fwww.caritasne2.org.br%2Fsite%2Ftransicao-energetica-justa-em-foco%2F&amp;layout=button_count&amp;action=like&amp;show_faces=false&amp;share=true&amp;width=135&amp;height=21&amp;appId=307091639398582\" scrolling=\"no\" frameborder=\"0\" style=\"border:none; overflow:hidden;  width:150px; height:21px;\" allowTransparency=\"true\"><\/iframe><\/li><li class=\"twtr\" style=\"width:90px\"><a href=\"https:\/\/twitter.com\/share\" class=\"twitter-share-button\" data-url=\"https:\/\/www.caritasne2.org.br\/site\/transicao-energetica-justa-em-foco\/\">&nbsp;<\/a><script>!function(d,s,id){var js,fjs=d.getElementsByTagName(s)[0],p=\/^http:\/.test(d.location)?'http':'https';if(!d.getElementById(id)){js=d.createElement(s);js.id=id;js.src=p+':\/\/platform.twitter.com\/widgets.js';fjs.parentNode.insertBefore(js,fjs);}}(document, 'script', 'twitter-wjs');<\/script><\/li><li class=\"gplus\" style=\"width:68px\"><div class=\"g-plusone\" data-size=\"medium\" data-href=\"https:\/\/www.caritasne2.org.br\/site\/transicao-energetica-justa-em-foco\/\"><\/div><\/li><li class=\"ssb_linkedin\" style=\"width:64px\"><script src=\"\/\/platform.linkedin.com\/in.js\" type=\"text\/javascript\">lang: en_US<\/script><script type=\"IN\/Share\" data-url=\"https:\/\/www.caritasne2.org.br\/site\/transicao-energetica-justa-em-foco\/\" data-counter=\"right\"><\/script><\/li><\/ul>","protected":false},"author":4,"featured_media":13590,"comment_status":"open","ping_status":"open","sticky":false,"template":"","format":"standard","meta":[],"categories":[21,20],"tags":[],"_links":{"self":[{"href":"https:\/\/www.caritasne2.org.br\/site\/wp-json\/wp\/v2\/posts\/13589"}],"collection":[{"href":"https:\/\/www.caritasne2.org.br\/site\/wp-json\/wp\/v2\/posts"}],"about":[{"href":"https:\/\/www.caritasne2.org.br\/site\/wp-json\/wp\/v2\/types\/post"}],"author":[{"embeddable":true,"href":"https:\/\/www.caritasne2.org.br\/site\/wp-json\/wp\/v2\/users\/4"}],"replies":[{"embeddable":true,"href":"https:\/\/www.caritasne2.org.br\/site\/wp-json\/wp\/v2\/comments?post=13589"}],"version-history":[{"count":1,"href":"https:\/\/www.caritasne2.org.br\/site\/wp-json\/wp\/v2\/posts\/13589\/revisions"}],"predecessor-version":[{"id":13597,"href":"https:\/\/www.caritasne2.org.br\/site\/wp-json\/wp\/v2\/posts\/13589\/revisions\/13597"}],"wp:featuredmedia":[{"embeddable":true,"href":"https:\/\/www.caritasne2.org.br\/site\/wp-json\/wp\/v2\/media\/13590"}],"wp:attachment":[{"href":"https:\/\/www.caritasne2.org.br\/site\/wp-json\/wp\/v2\/media?parent=13589"}],"wp:term":[{"taxonomy":"category","embeddable":true,"href":"https:\/\/www.caritasne2.org.br\/site\/wp-json\/wp\/v2\/categories?post=13589"},{"taxonomy":"post_tag","embeddable":true,"href":"https:\/\/www.caritasne2.org.br\/site\/wp-json\/wp\/v2\/tags?post=13589"}],"curies":[{"name":"wp","href":"https:\/\/api.w.org\/{rel}","templated":true}]}}