{"id":13576,"date":"2025-09-29T14:00:27","date_gmt":"2025-09-29T17:00:27","guid":{"rendered":"https:\/\/www.caritasne2.org.br\/site\/?p=13576"},"modified":"2025-09-29T11:56:55","modified_gmt":"2025-09-29T14:56:55","slug":"inscricoes-abertas-para-formacao-de-liderancas-e-coletivos-em-desenvolvimento-de-projetos-de-reparacao-de-danos-em-maceio","status":"publish","type":"post","link":"https:\/\/www.caritasne2.org.br\/site\/inscricoes-abertas-para-formacao-de-liderancas-e-coletivos-em-desenvolvimento-de-projetos-de-reparacao-de-danos-em-maceio\/","title":{"rendered":"Inscri\u00e7\u00f5es abertas para forma\u00e7\u00e3o de lideran\u00e7as e coletivos em desenvolvimento de projetos de repara\u00e7\u00e3o de danos em Macei\u00f3"},"content":{"rendered":"<p><strong><em>A a\u00e7\u00e3o \u00e9 implementada pela C\u00e1ritas Nordeste 2 em parceria com o Programa Nosso Ch\u00e3o, Nossa Hist\u00f3ria atrav\u00e9s de forma\u00e7\u00e3o para apoio na escrita de projetos de repara\u00e7\u00e3o de danos morais coletivos<\/em><\/strong><\/p>\n<p>Mais de sete anos ap\u00f3s o desastre socioambiental causado pela minera\u00e7\u00e3o em Macei\u00f3, lideran\u00e7as e coletivos se organizam para buscar a repara\u00e7\u00e3o dos danos morais coletivos que afetam sua identidade, mem\u00f3ria, v\u00ednculos afetivos e simb\u00f3licos. Desde maio de 2025, algumas turmas j\u00e1 passaram por forma\u00e7\u00f5es, que apoiam as organiza\u00e7\u00f5es na escrita de projetos de repara\u00e7\u00e3o. Duas novas turmas t\u00eam in\u00edcio em 08 de outubro e seguem at\u00e9 dia 29. As inscri\u00e7\u00f5es podem ser feitas pelo site: <a href=\"http:\/\/ne2.caritas.org.br\/\">ne2.caritas.org.br\/<\/a> ou pelo formul\u00e1rio dispon\u00edvel abaixo. Mais informa\u00e7\u00f5es pelo telefone:<strong>\u00a0<\/strong>(81) 99216 2709.<\/p>\n<p><a href=\"https:\/\/forms.gle\/eAJgPvP11ZKUFKvN8\"><strong>Inscreva-se aqui<\/strong><\/a><\/p>\n<p>Implementado pela C\u00e1ritas Brasileira Regional Nordeste 2, com apoio da C\u00e1ritas Arquidiocesana de Macei\u00f3 e Arquidiocese de Macei\u00f3, o projeto de Forma\u00e7\u00e3o de Lideran\u00e7as e Coletivos em Organiza\u00e7\u00f5es Comunit\u00e1rias \u00e9 parte do Programa Nosso Ch\u00e3o, Nossa Hist\u00f3ria. O Programa \u00e9 coordenado pelo Comit\u00ea Gestor dos Danos Extrapatrimoniais (CGDE), grupo volunt\u00e1rio composto por pessoas atingidas pelo desastre, e operacionalizado pelo Escrit\u00f3rio das Na\u00e7\u00f5es Unidas de Servi\u00e7os para Projetos (UNOPS\/ONU).<\/p>\n<p>Para Sara Laurentino, que participou da forma\u00e7\u00e3o, os conte\u00fados possibilitam \u00e0s lideran\u00e7as e coletivos \u201ccompreender o universo de editais e de projetos, de forma a conseguirem fazer parte de um jogo em que elas foram deixadas do lado de fora\u201d.<\/p>\n<p>O curso \u00e9 realizado no formato h\u00edbrido, com aulas presenciais e remotas ao longo de quatro semanas. As pessoas participantes s\u00e3o incentivadas a aprender sobre\u00a0o desastre socioambiental causado pela minera\u00e7\u00e3o, danos morais coletivos, direito \u00e0 repara\u00e7\u00e3o, os pap\u00e9is de lideran\u00e7as e coletivos na repara\u00e7\u00e3o e, por fim, s\u00e3o estimuladas a escrever projetos de repara\u00e7\u00e3o para suas comunidades.<\/p>\n<p>As forma\u00e7\u00f5es s\u00e3o gratuitas, direcionadas para lideran\u00e7as e coletivos, com prioridade \u00e0queles diretamente atingidos pelo desastre socioambiental causado pela minera\u00e7\u00e3o.<\/p>\n<p>O projeto foi selecionado na primeira gera\u00e7\u00e3o de editais Programa Nosso Ch\u00e3o, Nossa Hist\u00f3ria e faz parte de uma cadeia de projetos do Programa que tem por objetivo criar uma rede de lideran\u00e7as, coletivos e organiza\u00e7\u00f5es da sociedade civil capazes de trabalhar com a repara\u00e7\u00e3o do desastre.<\/p>\n<p>&#8220;Para n\u00f3s do Comit\u00ea, este projeto \u00e9 crucial para o Programa, pois incentivar\u00e1 novas organiza\u00e7\u00f5es em Macei\u00f3. Queremos viabilizar n\u00e3o s\u00f3 a sustentabilidade dos projetos de repara\u00e7\u00e3o, mas das organiza\u00e7\u00f5es que poder\u00e3o, no futuro, participar da sele\u00e7\u00e3o dos editais do Programa e desempenhar projetos de repara\u00e7\u00e3o alinhados \u00e0s demandas das comunidades atingidas. Queremos n\u00e3o s\u00f3 formar, mas fortalecer essas lideran\u00e7as e coletivos que j\u00e1 atuam aqui em Macei\u00f3&#8221;, destaca Dilma de Carvalho, presidente do Comit\u00ea Gestor e ex-moradora do Pinheiro, um dos cinco bairros afetados pelo desastre.<\/p>\n<p>Para Luciana Flor\u00eancio, assessora regional da \u00e1rea\u00a0Meio Ambiente, Gest\u00e3o de Riscos e Emerg\u00eancias (MAGRE) da C\u00e1ritas Brasileira Regional Nordeste 2, \u201cos temas tratados nas forma\u00e7\u00f5es ajudam a fortalecer v\u00ednculos comunit\u00e1rios, criar redes de apoio, organizar projetos e acessar espa\u00e7os de controle social\u201d, afirma.<\/p>\n<p>Segundo ela, o objetivo \u00e9 fomentar o protagonismo popular e criar condi\u00e7\u00f5es para que as comunidades atingidas atuem diretamente no desenvolvimento de projetos de repara\u00e7\u00e3o e busquem a defesa de seus direitos. \u201cO que est\u00e1 em\u00a0quest\u00e3o vai muito al\u00e9m da reconstru\u00e7\u00e3o material. \u00c9 preciso reconhecer e reparar os danos simb\u00f3licos, emocionais e identit\u00e1rios que essas comunidades enfrentam. Nosso compromisso \u00e9 caminhar junto com essas popula\u00e7\u00f5es, respeitando seus saberes e fortalecendo sua capacidade de se organizar coletivamente\u201d, afirma Luciana. A repara\u00e7\u00e3o s\u00f3 \u00e9 plena quando reconhece a dor e fortalece as resist\u00eancias constru\u00eddas pelas pr\u00f3prias comunidades atingidas.<\/p>\n<p><strong>Programa Nosso Ch\u00e3o, Nossa Hist\u00f3ria<\/strong><\/p>\n<p>O Programa Nosso Ch\u00e3o, Nossa Hist\u00f3ria atua na repara\u00e7\u00e3o dos danos morais coletivos causados pelo desastre socioambiental em Macei\u00f3, al\u00e9m de mitigar seus impactos e promover o bem-estar para a popula\u00e7\u00e3o atingida.<\/p>\n<p>O Programa apoia projetos em diferentes \u00e1reas resultados da primeira gera\u00e7\u00e3o de editais, como assessoria t\u00e9cnica e jur\u00eddica, produ\u00e7\u00e3o de mem\u00f3ria, fortalecimento das culturas locais, sa\u00fade mental comunit\u00e1ria, gera\u00e7\u00e3o de renda, bem-estar animal e outras iniciativas. Todos os projetos foram selecionados por meio de edital, garantindo diversidade de propostas e ampla participa\u00e7\u00e3o da sociedade civil e de \u00f3rg\u00e3os p\u00fablicos.<\/p>\n<p>O Programa \u00e9 executado pelo UNOPS, escrit\u00f3rio de projetos da ONU, a partir das diretrizes definidas pelo Comit\u00ea Gestor dos Danos Extrapatrimoniais, com recursos oriundos de acordo firmado em a\u00e7\u00e3o civil p\u00fablica movida pelo Minist\u00e9rio P\u00fablico Federal (MPF) e pelo Minist\u00e9rio P\u00fablico do Estado de Alagoas (MPAL), que responsabilizou a Braskem pelos danos morais coletivos \u00e0 popula\u00e7\u00e3o de Macei\u00f3.<\/p>\n<p><strong>Servi\u00e7o<\/strong>:<\/p>\n<p>Curso de Organiza\u00e7\u00e3o Comunit\u00e1ria para constitui\u00e7\u00e3o de Organiza\u00e7\u00f5es da Sociedade Civil (OSCs), desenvolvimento de projetos de repara\u00e7\u00e3o, Participa\u00e7\u00e3o Popular e Controle Social (80 horas)<\/p>\n<ul>\n<li>8 a 29 de outubro: de segunda a sexta,<\/li>\n<li>Turma 1: de 14h \u00e0s 18h e Turma 2: de 18h \u00e0s 22h<\/li>\n<li>Local: k+ solu\u00e7\u00f5es Faro: Rua Dr. Jos\u00e9 de Albuquerque Porci\u00fancula 101, Farol Macei\u00f3 AL (apoio no transporte inclu\u00eddo)<\/li>\n<li>Mais informa\u00e7\u00f5es: (81) 99216 2709<\/li>\n<\/ul>\n<ul class=\"ssb_list_wrapper\"><li class=\"fb2\" style=\"width:135px\"><iframe src=\"\/\/www.facebook.com\/plugins\/like.php?href=https%3A%2F%2Fwww.caritasne2.org.br%2Fsite%2Finscricoes-abertas-para-formacao-de-liderancas-e-coletivos-em-desenvolvimento-de-projetos-de-reparacao-de-danos-em-maceio%2F&amp;layout=button_count&amp;action=like&amp;show_faces=false&amp;share=true&amp;width=135&amp;height=21&amp;appId=307091639398582\" scrolling=\"no\" frameborder=\"0\" style=\"border:none; overflow:hidden;  width:150px; height:21px;\" allowTransparency=\"true\"><\/iframe><\/li><li class=\"twtr\" style=\"width:90px\"><a href=\"https:\/\/twitter.com\/share\" class=\"twitter-share-button\" data-url=\"https:\/\/www.caritasne2.org.br\/site\/inscricoes-abertas-para-formacao-de-liderancas-e-coletivos-em-desenvolvimento-de-projetos-de-reparacao-de-danos-em-maceio\/\">&nbsp;<\/a><script>!function(d,s,id){var js,fjs=d.getElementsByTagName(s)[0],p=\/^http:\/.test(d.location)?'http':'https';if(!d.getElementById(id)){js=d.createElement(s);js.id=id;js.src=p+':\/\/platform.twitter.com\/widgets.js';fjs.parentNode.insertBefore(js,fjs);}}(document, 'script', 'twitter-wjs');<\/script><\/li><li class=\"gplus\" style=\"width:68px\"><div class=\"g-plusone\" data-size=\"medium\" data-href=\"https:\/\/www.caritasne2.org.br\/site\/inscricoes-abertas-para-formacao-de-liderancas-e-coletivos-em-desenvolvimento-de-projetos-de-reparacao-de-danos-em-maceio\/\"><\/div><\/li><li class=\"ssb_linkedin\" style=\"width:64px\"><script src=\"\/\/platform.linkedin.com\/in.js\" type=\"text\/javascript\">lang: en_US<\/script><script type=\"IN\/Share\" data-url=\"https:\/\/www.caritasne2.org.br\/site\/inscricoes-abertas-para-formacao-de-liderancas-e-coletivos-em-desenvolvimento-de-projetos-de-reparacao-de-danos-em-maceio\/\" data-counter=\"right\"><\/script><\/li><\/ul>","protected":false},"excerpt":{"rendered":"<p>A a\u00e7\u00e3o \u00e9 implementada pela C\u00e1ritas Nordeste 2 em parceria com o Programa Nosso Ch\u00e3o, Nossa Hist\u00f3ria atrav\u00e9s de forma\u00e7\u00e3o para apoio na escrita de projetos de repara\u00e7\u00e3o de danos morais coletivos Mais de sete anos ap\u00f3s o desastre socioambiental causado pela minera\u00e7\u00e3o em Macei\u00f3, lideran\u00e7as e coletivos se organizam para buscar a repara\u00e7\u00e3o dos danos morais coletivos que afetam sua identidade, mem\u00f3ria, v\u00ednculos afetivos [&hellip;]<\/p>\n<ul class=\"ssb_list_wrapper\"><li class=\"fb2\" style=\"width:135px\"><iframe src=\"\/\/www.facebook.com\/plugins\/like.php?href=https%3A%2F%2Fwww.caritasne2.org.br%2Fsite%2Finscricoes-abertas-para-formacao-de-liderancas-e-coletivos-em-desenvolvimento-de-projetos-de-reparacao-de-danos-em-maceio%2F&amp;layout=button_count&amp;action=like&amp;show_faces=false&amp;share=true&amp;width=135&amp;height=21&amp;appId=307091639398582\" scrolling=\"no\" frameborder=\"0\" style=\"border:none; overflow:hidden;  width:150px; height:21px;\" allowTransparency=\"true\"><\/iframe><\/li><li class=\"twtr\" style=\"width:90px\"><a href=\"https:\/\/twitter.com\/share\" class=\"twitter-share-button\" data-url=\"https:\/\/www.caritasne2.org.br\/site\/inscricoes-abertas-para-formacao-de-liderancas-e-coletivos-em-desenvolvimento-de-projetos-de-reparacao-de-danos-em-maceio\/\">&nbsp;<\/a><script>!function(d,s,id){var js,fjs=d.getElementsByTagName(s)[0],p=\/^http:\/.test(d.location)?'http':'https';if(!d.getElementById(id)){js=d.createElement(s);js.id=id;js.src=p+':\/\/platform.twitter.com\/widgets.js';fjs.parentNode.insertBefore(js,fjs);}}(document, 'script', 'twitter-wjs');<\/script><\/li><li class=\"gplus\" style=\"width:68px\"><div class=\"g-plusone\" data-size=\"medium\" data-href=\"https:\/\/www.caritasne2.org.br\/site\/inscricoes-abertas-para-formacao-de-liderancas-e-coletivos-em-desenvolvimento-de-projetos-de-reparacao-de-danos-em-maceio\/\"><\/div><\/li><li class=\"ssb_linkedin\" style=\"width:64px\"><script src=\"\/\/platform.linkedin.com\/in.js\" type=\"text\/javascript\">lang: en_US<\/script><script type=\"IN\/Share\" data-url=\"https:\/\/www.caritasne2.org.br\/site\/inscricoes-abertas-para-formacao-de-liderancas-e-coletivos-em-desenvolvimento-de-projetos-de-reparacao-de-danos-em-maceio\/\" data-counter=\"right\"><\/script><\/li><\/ul>","protected":false},"author":4,"featured_media":13577,"comment_status":"open","ping_status":"open","sticky":false,"template":"","format":"standard","meta":[],"categories":[21,20],"tags":[1314,1333,1335,1334],"_links":{"self":[{"href":"https:\/\/www.caritasne2.org.br\/site\/wp-json\/wp\/v2\/posts\/13576"}],"collection":[{"href":"https:\/\/www.caritasne2.org.br\/site\/wp-json\/wp\/v2\/posts"}],"about":[{"href":"https:\/\/www.caritasne2.org.br\/site\/wp-json\/wp\/v2\/types\/post"}],"author":[{"embeddable":true,"href":"https:\/\/www.caritasne2.org.br\/site\/wp-json\/wp\/v2\/users\/4"}],"replies":[{"embeddable":true,"href":"https:\/\/www.caritasne2.org.br\/site\/wp-json\/wp\/v2\/comments?post=13576"}],"version-history":[{"count":1,"href":"https:\/\/www.caritasne2.org.br\/site\/wp-json\/wp\/v2\/posts\/13576\/revisions"}],"predecessor-version":[{"id":13578,"href":"https:\/\/www.caritasne2.org.br\/site\/wp-json\/wp\/v2\/posts\/13576\/revisions\/13578"}],"wp:featuredmedia":[{"embeddable":true,"href":"https:\/\/www.caritasne2.org.br\/site\/wp-json\/wp\/v2\/media\/13577"}],"wp:attachment":[{"href":"https:\/\/www.caritasne2.org.br\/site\/wp-json\/wp\/v2\/media?parent=13576"}],"wp:term":[{"taxonomy":"category","embeddable":true,"href":"https:\/\/www.caritasne2.org.br\/site\/wp-json\/wp\/v2\/categories?post=13576"},{"taxonomy":"post_tag","embeddable":true,"href":"https:\/\/www.caritasne2.org.br\/site\/wp-json\/wp\/v2\/tags?post=13576"}],"curies":[{"name":"wp","href":"https:\/\/api.w.org\/{rel}","templated":true}]}}