{"id":1356,"date":"2013-10-16T15:11:50","date_gmt":"2013-10-16T18:11:50","guid":{"rendered":"http:\/\/ne2.caritas.org.br.s174889.gridserver.com\/?p=1356"},"modified":"2017-07-11T15:23:44","modified_gmt":"2017-07-11T18:23:44","slug":"fome-pobreza-sao-temas-de-assembleia-nacional-da-rede-caritas","status":"publish","type":"post","link":"https:\/\/www.caritasne2.org.br\/site\/fome-pobreza-sao-temas-de-assembleia-nacional-da-rede-caritas\/","title":{"rendered":"Fome e pobreza s\u00e3o temas de Assembleia Nacional da Rede C\u00e1ritas"},"content":{"rendered":"<p style=\"text-align: justify;\">Prevista para ser lan\u00e7ada em dezembro deste ano, a Rede C\u00e1ritas Internacional prepara uma campanha mundial contra a fome a pobreza. \u00c9 com vistas a esta grande mobiliza\u00e7\u00e3o que a C\u00e1ritas Brasileira debater\u00e1, durante a sua XIX Assembleia Nacional, tem\u00e1ticas relacionadas \u00e0s realidades da fome e da pobreza no Brasil e no mundo. O evento, que ocorrer\u00e1 em Bras\u00edlia (DF), de 17 a 20 de outubro, reunir\u00e1 cerca de 250 agentes e volunt\u00e1rios da Rede C\u00e1ritas Brasileira de todo o pa\u00eds.<\/p>\n<p style=\"text-align: justify;\">Discutir\u00e3o as tem\u00e1ticas junto com a Rede C\u00e1ritas, entre outros participantes, Alan Bojanic Helbingen, representante da Organiza\u00e7\u00e3o das Na\u00e7\u00f5es Unidas para Alimenta\u00e7\u00e3o e Agricultura (FAO) no Brasil, Maria Em\u00edlia Lisboa Pacheco, presidente do Conselho Nacional de Seguran\u00e7a Alimentar e Nutricional (CONSEA), dom Leonardo Ulrich Steiner, secret\u00e1rio geral da Confer\u00eancia Nacional dos Bispos do Brasil (CNBB), pastora Romi M\u00e1rcia Bencke, secret\u00e1ria geral do Conselho Nacional de Igrejas Crist\u00e3s do Brasil (CONIC). Tamb\u00e9m estar\u00e3o presentes representantes do Minist\u00e9rio do Desenvolvimento Social e Combate \u00e0 Fome (MDS). <a title=\"Programa\u00e7\u00e3o geral\" href=\"http:\/\/ne2.caritas.org.br.s174889.gridserver.com\/wp-content\/uploads\/2013\/10\/PROGRAMA-GERAL.pdf\">(programa\u00e7\u00e3o completa anexa)<\/a><\/p>\n<p style=\"text-align: justify;\">De acordo com o Instituto Brasileiro de Geografia e Estat\u00edstica (IBGE), o Brasil \u00e9 a sexta economia mais rica do mundo, mas 57 milh\u00f5es de pessoas ainda vivem em estado de pobreza, ou seja, sobrevivem com meio sal\u00e1rio m\u00ednimo. Mesmo com programas de distribui\u00e7\u00e3o de renda promovidos pelo Governo Federal, 20% dos mais ricos ainda det\u00e9m 63,8% da renda nacional, enquanto os 20% mais pobres acessam apenas 2,5% de toda a riqueza que \u00e9 produzida pelo pa\u00eds.<\/p>\n<p style=\"text-align: justify;\">Os principais temas debatidos durante os quatro dias do evento ser\u00e3o: pobreza e desenvolvimento no Brasil; o olhar da Igreja sobre a realidade que gera pobreza e mis\u00e9ria; e pr\u00e1ticas que visam a supera\u00e7\u00e3o da pobreza. Al\u00e9m disso, depoimentos mostrar\u00e3o a realidade das mulheres, de crian\u00e7as, adolescentes e jovens, dos povos tradicionais, da popula\u00e7\u00e3o de rua e das periferias e da realidade da pobreza no Haiti.<\/p>\n<p style=\"text-align: justify;\">A assembleia tamb\u00e9m ser\u00e1 um momento de avaliar as a\u00e7\u00f5es e as prioridades institucionais da entidade dos dois primeiros anos do quadri\u00eanio 2012-2015, discutir\u00e1 o lan\u00e7amento da campanha mundial no Brasil, e enviar\u00e1 duas pessoas em miss\u00e3o ao Haiti. Al\u00e9m disso, tamb\u00e9m haver\u00e1 uma cerim\u00f4nia de entrega do IV Pr\u00eamio Odair Firmino de Solidariedade, que ocorrer\u00e1 na noite do dia 18 de outubro.<\/p>\n<p style=\"text-align: justify;\"><strong>Servi\u00e7o<\/strong><\/p>\n<p>\u00a0XIX Assembleia Nacional da C\u00e1ritas Brasileira<\/p>\n<p>Tema: Fome e pobreza no Brasil e no mundo<\/p>\n<p>Lema: &#8220;&#8230;e n\u00e3o havia necessitados entre eles.&#8221; (Atos &#8211; 4,34)<\/p>\n<p>De 17 a 20 de outubro<\/p>\n<p>Centro Cultural de Bras\u00edlia (CCB)<\/p>\n<p>SGAN 601 &#8211; M\u00f3dulo &#8220;B&#8221; Asa Norte &#8211; Bras\u00edlia\/DF CEP 70830-012 Tel.: (61) 3426.0400<\/p>\n<p>&nbsp;<\/p>\n<p><strong>Sobre a C\u00e1ritas<\/strong><\/p>\n<p style=\"text-align: justify;\">\u00a0A C\u00e1ritas Brasileira \u00e9 uma entidade de promo\u00e7\u00e3o e atua\u00e7\u00e3o social que trabalha na defesa dos direitos humanos, da seguran\u00e7a alimentar e do desenvolvimento sustent\u00e1vel solid\u00e1rio. Sua atua\u00e7\u00e3o \u00e9 junto aos exclu\u00eddos em defesa da vida ena participa\u00e7\u00e3o da constru\u00e7\u00e3o solid\u00e1ria de uma sociedade justa, igualit\u00e1ria e plural.<\/p>\n<p style=\"text-align: justify;\">Fundada no Brasil em 12 de novembro de 1956, a C\u00e1ritas Brasileira faz parte da Rede Caritas Internationalis, presente em 165 pa\u00edses e territ\u00f3rios. Reconhecida como entidade de utilidade p\u00fablica federal, ela tamb\u00e9m \u00e9 um organismo da Confer\u00eancia Nacional dos Bispos do Brasil (CNBB).<\/p>\n<p>&nbsp;<\/p>\n<ul class=\"ssb_list_wrapper\"><li class=\"fb2\" style=\"width:135px\"><iframe src=\"\/\/www.facebook.com\/plugins\/like.php?href=https%3A%2F%2Fwww.caritasne2.org.br%2Fsite%2Ffome-pobreza-sao-temas-de-assembleia-nacional-da-rede-caritas%2F&amp;layout=button_count&amp;action=like&amp;show_faces=false&amp;share=true&amp;width=135&amp;height=21&amp;appId=307091639398582\" scrolling=\"no\" frameborder=\"0\" style=\"border:none; overflow:hidden;  width:150px; height:21px;\" allowTransparency=\"true\"><\/iframe><\/li><li class=\"twtr\" style=\"width:90px\"><a href=\"https:\/\/twitter.com\/share\" class=\"twitter-share-button\" data-url=\"https:\/\/www.caritasne2.org.br\/site\/fome-pobreza-sao-temas-de-assembleia-nacional-da-rede-caritas\/\">&nbsp;<\/a><script>!function(d,s,id){var js,fjs=d.getElementsByTagName(s)[0],p=\/^http:\/.test(d.location)?'http':'https';if(!d.getElementById(id)){js=d.createElement(s);js.id=id;js.src=p+':\/\/platform.twitter.com\/widgets.js';fjs.parentNode.insertBefore(js,fjs);}}(document, 'script', 'twitter-wjs');<\/script><\/li><li class=\"gplus\" style=\"width:68px\"><div class=\"g-plusone\" data-size=\"medium\" data-href=\"https:\/\/www.caritasne2.org.br\/site\/fome-pobreza-sao-temas-de-assembleia-nacional-da-rede-caritas\/\"><\/div><\/li><li class=\"ssb_linkedin\" style=\"width:64px\"><script src=\"\/\/platform.linkedin.com\/in.js\" type=\"text\/javascript\">lang: en_US<\/script><script type=\"IN\/Share\" data-url=\"https:\/\/www.caritasne2.org.br\/site\/fome-pobreza-sao-temas-de-assembleia-nacional-da-rede-caritas\/\" data-counter=\"right\"><\/script><\/li><\/ul>","protected":false},"excerpt":{"rendered":"<p>Prevista para ser lan\u00e7ada em dezembro deste ano, a Rede C\u00e1ritas Internacional prepara uma campanha mundial contra a fome a pobreza. \u00c9 com vistas a esta grande mobiliza\u00e7\u00e3o que a C\u00e1ritas Brasileira debater\u00e1, durante a sua XIX Assembleia Nacional, tem\u00e1ticas relacionadas \u00e0s realidades da fome e da pobreza no Brasil e no mundo. O evento, que ocorrer\u00e1 em Bras\u00edlia (DF), de 17 a 20 de [&hellip;]<\/p>\n<ul class=\"ssb_list_wrapper\"><li class=\"fb2\" style=\"width:135px\"><iframe src=\"\/\/www.facebook.com\/plugins\/like.php?href=https%3A%2F%2Fwww.caritasne2.org.br%2Fsite%2Ffome-pobreza-sao-temas-de-assembleia-nacional-da-rede-caritas%2F&amp;layout=button_count&amp;action=like&amp;show_faces=false&amp;share=true&amp;width=135&amp;height=21&amp;appId=307091639398582\" scrolling=\"no\" frameborder=\"0\" style=\"border:none; overflow:hidden;  width:150px; height:21px;\" allowTransparency=\"true\"><\/iframe><\/li><li class=\"twtr\" style=\"width:90px\"><a href=\"https:\/\/twitter.com\/share\" class=\"twitter-share-button\" data-url=\"https:\/\/www.caritasne2.org.br\/site\/fome-pobreza-sao-temas-de-assembleia-nacional-da-rede-caritas\/\">&nbsp;<\/a><script>!function(d,s,id){var js,fjs=d.getElementsByTagName(s)[0],p=\/^http:\/.test(d.location)?'http':'https';if(!d.getElementById(id)){js=d.createElement(s);js.id=id;js.src=p+':\/\/platform.twitter.com\/widgets.js';fjs.parentNode.insertBefore(js,fjs);}}(document, 'script', 'twitter-wjs');<\/script><\/li><li class=\"gplus\" style=\"width:68px\"><div class=\"g-plusone\" data-size=\"medium\" data-href=\"https:\/\/www.caritasne2.org.br\/site\/fome-pobreza-sao-temas-de-assembleia-nacional-da-rede-caritas\/\"><\/div><\/li><li class=\"ssb_linkedin\" style=\"width:64px\"><script src=\"\/\/platform.linkedin.com\/in.js\" type=\"text\/javascript\">lang: en_US<\/script><script type=\"IN\/Share\" data-url=\"https:\/\/www.caritasne2.org.br\/site\/fome-pobreza-sao-temas-de-assembleia-nacional-da-rede-caritas\/\" data-counter=\"right\"><\/script><\/li><\/ul>","protected":false},"author":4,"featured_media":1360,"comment_status":"open","ping_status":"open","sticky":false,"template":"","format":"standard","meta":[],"categories":[20],"tags":[309,59,67,310,311],"_links":{"self":[{"href":"https:\/\/www.caritasne2.org.br\/site\/wp-json\/wp\/v2\/posts\/1356"}],"collection":[{"href":"https:\/\/www.caritasne2.org.br\/site\/wp-json\/wp\/v2\/posts"}],"about":[{"href":"https:\/\/www.caritasne2.org.br\/site\/wp-json\/wp\/v2\/types\/post"}],"author":[{"embeddable":true,"href":"https:\/\/www.caritasne2.org.br\/site\/wp-json\/wp\/v2\/users\/4"}],"replies":[{"embeddable":true,"href":"https:\/\/www.caritasne2.org.br\/site\/wp-json\/wp\/v2\/comments?post=1356"}],"version-history":[{"count":0,"href":"https:\/\/www.caritasne2.org.br\/site\/wp-json\/wp\/v2\/posts\/1356\/revisions"}],"wp:featuredmedia":[{"embeddable":true,"href":"https:\/\/www.caritasne2.org.br\/site\/wp-json\/wp\/v2\/media\/1360"}],"wp:attachment":[{"href":"https:\/\/www.caritasne2.org.br\/site\/wp-json\/wp\/v2\/media?parent=1356"}],"wp:term":[{"taxonomy":"category","embeddable":true,"href":"https:\/\/www.caritasne2.org.br\/site\/wp-json\/wp\/v2\/categories?post=1356"},{"taxonomy":"post_tag","embeddable":true,"href":"https:\/\/www.caritasne2.org.br\/site\/wp-json\/wp\/v2\/tags?post=1356"}],"curies":[{"name":"wp","href":"https:\/\/api.w.org\/{rel}","templated":true}]}}