{"id":13547,"date":"2025-09-18T15:57:14","date_gmt":"2025-09-18T18:57:14","guid":{"rendered":"https:\/\/www.caritasne2.org.br\/site\/?p=13547"},"modified":"2025-09-18T15:57:14","modified_gmt":"2025-09-18T18:57:14","slug":"cbne2-seleciona-assistente-administrativo-para-departamento-de-pessoal","status":"publish","type":"post","link":"https:\/\/www.caritasne2.org.br\/site\/cbne2-seleciona-assistente-administrativo-para-departamento-de-pessoal\/","title":{"rendered":"CBNE2 seleciona assistente administrativo para Departamento de Pessoal"},"content":{"rendered":"<p>A C\u00e1ritas Brasileira Regional Nordeste 2 \u2013 CBNE2, organismo da Confer\u00eancia Nacional dos Bispos do Brasil \u2013 CNBB, no uso de suas atribui\u00e7\u00f5es legais torna p\u00fablico que est\u00e3o abertas inscri\u00e7\u00f5es para o Processo Seletivo Simplificado para contrata\u00e7\u00e3o de pessoal. A vaga ofertada \u00e9 para a seguinte fun\u00e7\u00e3o:<\/p>\n<p>\u2022Assistente Administrativo II \u2013 01 (uma) vaga<\/p>\n<p>Os inscritos(as) devem ter experi\u00eancia em Departamento Pessoal (Admiss\u00e3o e Demiss\u00e3o, Folha de Pagamento, Controle de Ponto, Benef\u00edcios e F\u00e9rias, Rela\u00e7\u00f5es Trabalhistas, Obriga\u00e7\u00f5es Legais e Fiscais).<\/p>\n<p>Os(as) interessados(as) podem enviar curr\u00edculo at\u00e9 21 de setembro de 2025, \u00e0s 23h59 (hor\u00e1rio de Bras\u00edlia), atrav\u00e9s do endere\u00e7o eletr\u00f4nico caritasne2@caritas.org.br, com o seguinte t\u00edtulo: C\u00e1ritas Brasileira Regional Nordeste 2 \u2013 Edital de Sele\u00e7\u00e3o N\u00ba 006\/2025 \u2013 Assistente Administrativo II.<\/p>\n<p>Os(as) selecionados(as) para a etapa de entrevistas, que acontecer\u00e1 no dia 24 de setembro, ser\u00e3o contactados por e-mail.<\/p>\n<p><a href=\"https:\/\/www.caritasne2.org.br\/site\/wp-content\/uploads\/2025\/09\/Edital-no-006.2025-Assistente-Administrativo-II-DP.pdf\"><strong>ACESSE O EDITAL<\/strong><\/a><\/p>\n<p>&nbsp;<\/p>\n<ul class=\"ssb_list_wrapper\"><li class=\"fb2\" style=\"width:135px\"><iframe src=\"\/\/www.facebook.com\/plugins\/like.php?href=https%3A%2F%2Fwww.caritasne2.org.br%2Fsite%2Fcbne2-seleciona-assistente-administrativo-para-departamento-de-pessoal%2F&amp;layout=button_count&amp;action=like&amp;show_faces=false&amp;share=true&amp;width=135&amp;height=21&amp;appId=307091639398582\" scrolling=\"no\" frameborder=\"0\" style=\"border:none; overflow:hidden;  width:150px; height:21px;\" allowTransparency=\"true\"><\/iframe><\/li><li class=\"twtr\" style=\"width:90px\"><a href=\"https:\/\/twitter.com\/share\" class=\"twitter-share-button\" data-url=\"https:\/\/www.caritasne2.org.br\/site\/cbne2-seleciona-assistente-administrativo-para-departamento-de-pessoal\/\">&nbsp;<\/a><script>!function(d,s,id){var js,fjs=d.getElementsByTagName(s)[0],p=\/^http:\/.test(d.location)?'http':'https';if(!d.getElementById(id)){js=d.createElement(s);js.id=id;js.src=p+':\/\/platform.twitter.com\/widgets.js';fjs.parentNode.insertBefore(js,fjs);}}(document, 'script', 'twitter-wjs');<\/script><\/li><li class=\"gplus\" style=\"width:68px\"><div class=\"g-plusone\" data-size=\"medium\" data-href=\"https:\/\/www.caritasne2.org.br\/site\/cbne2-seleciona-assistente-administrativo-para-departamento-de-pessoal\/\"><\/div><\/li><li class=\"ssb_linkedin\" style=\"width:64px\"><script src=\"\/\/platform.linkedin.com\/in.js\" type=\"text\/javascript\">lang: en_US<\/script><script type=\"IN\/Share\" data-url=\"https:\/\/www.caritasne2.org.br\/site\/cbne2-seleciona-assistente-administrativo-para-departamento-de-pessoal\/\" data-counter=\"right\"><\/script><\/li><\/ul>","protected":false},"excerpt":{"rendered":"<p>A C\u00e1ritas Brasileira Regional Nordeste 2 \u2013 CBNE2, organismo da Confer\u00eancia Nacional dos Bispos do Brasil \u2013 CNBB, no uso de suas atribui\u00e7\u00f5es legais torna p\u00fablico que est\u00e3o abertas inscri\u00e7\u00f5es para o Processo Seletivo Simplificado para contrata\u00e7\u00e3o de pessoal. A vaga ofertada \u00e9 para a seguinte fun\u00e7\u00e3o: \u2022Assistente Administrativo II \u2013 01 (uma) vaga Os inscritos(as) devem ter experi\u00eancia em Departamento Pessoal (Admiss\u00e3o e Demiss\u00e3o, [&hellip;]<\/p>\n<ul class=\"ssb_list_wrapper\"><li class=\"fb2\" style=\"width:135px\"><iframe src=\"\/\/www.facebook.com\/plugins\/like.php?href=https%3A%2F%2Fwww.caritasne2.org.br%2Fsite%2Fcbne2-seleciona-assistente-administrativo-para-departamento-de-pessoal%2F&amp;layout=button_count&amp;action=like&amp;show_faces=false&amp;share=true&amp;width=135&amp;height=21&amp;appId=307091639398582\" scrolling=\"no\" frameborder=\"0\" style=\"border:none; overflow:hidden;  width:150px; height:21px;\" allowTransparency=\"true\"><\/iframe><\/li><li class=\"twtr\" style=\"width:90px\"><a href=\"https:\/\/twitter.com\/share\" class=\"twitter-share-button\" data-url=\"https:\/\/www.caritasne2.org.br\/site\/cbne2-seleciona-assistente-administrativo-para-departamento-de-pessoal\/\">&nbsp;<\/a><script>!function(d,s,id){var js,fjs=d.getElementsByTagName(s)[0],p=\/^http:\/.test(d.location)?'http':'https';if(!d.getElementById(id)){js=d.createElement(s);js.id=id;js.src=p+':\/\/platform.twitter.com\/widgets.js';fjs.parentNode.insertBefore(js,fjs);}}(document, 'script', 'twitter-wjs');<\/script><\/li><li class=\"gplus\" style=\"width:68px\"><div class=\"g-plusone\" data-size=\"medium\" data-href=\"https:\/\/www.caritasne2.org.br\/site\/cbne2-seleciona-assistente-administrativo-para-departamento-de-pessoal\/\"><\/div><\/li><li class=\"ssb_linkedin\" style=\"width:64px\"><script src=\"\/\/platform.linkedin.com\/in.js\" type=\"text\/javascript\">lang: en_US<\/script><script type=\"IN\/Share\" data-url=\"https:\/\/www.caritasne2.org.br\/site\/cbne2-seleciona-assistente-administrativo-para-departamento-de-pessoal\/\" data-counter=\"right\"><\/script><\/li><\/ul>","protected":false},"author":4,"featured_media":13548,"comment_status":"open","ping_status":"open","sticky":false,"template":"","format":"standard","meta":[],"categories":[21,20],"tags":[],"_links":{"self":[{"href":"https:\/\/www.caritasne2.org.br\/site\/wp-json\/wp\/v2\/posts\/13547"}],"collection":[{"href":"https:\/\/www.caritasne2.org.br\/site\/wp-json\/wp\/v2\/posts"}],"about":[{"href":"https:\/\/www.caritasne2.org.br\/site\/wp-json\/wp\/v2\/types\/post"}],"author":[{"embeddable":true,"href":"https:\/\/www.caritasne2.org.br\/site\/wp-json\/wp\/v2\/users\/4"}],"replies":[{"embeddable":true,"href":"https:\/\/www.caritasne2.org.br\/site\/wp-json\/wp\/v2\/comments?post=13547"}],"version-history":[{"count":2,"href":"https:\/\/www.caritasne2.org.br\/site\/wp-json\/wp\/v2\/posts\/13547\/revisions"}],"predecessor-version":[{"id":13551,"href":"https:\/\/www.caritasne2.org.br\/site\/wp-json\/wp\/v2\/posts\/13547\/revisions\/13551"}],"wp:featuredmedia":[{"embeddable":true,"href":"https:\/\/www.caritasne2.org.br\/site\/wp-json\/wp\/v2\/media\/13548"}],"wp:attachment":[{"href":"https:\/\/www.caritasne2.org.br\/site\/wp-json\/wp\/v2\/media?parent=13547"}],"wp:term":[{"taxonomy":"category","embeddable":true,"href":"https:\/\/www.caritasne2.org.br\/site\/wp-json\/wp\/v2\/categories?post=13547"},{"taxonomy":"post_tag","embeddable":true,"href":"https:\/\/www.caritasne2.org.br\/site\/wp-json\/wp\/v2\/tags?post=13547"}],"curies":[{"name":"wp","href":"https:\/\/api.w.org\/{rel}","templated":true}]}}