{"id":13510,"date":"2025-08-18T11:24:14","date_gmt":"2025-08-18T14:24:14","guid":{"rendered":"https:\/\/www.caritasne2.org.br\/site\/?p=13510"},"modified":"2025-08-18T11:24:14","modified_gmt":"2025-08-18T14:24:14","slug":"cozinha-comunitaria-dra-zilda-arns-um-sonho-coletivo-floresce-na-vila-nova-brejal-em-maceio","status":"publish","type":"post","link":"https:\/\/www.caritasne2.org.br\/site\/cozinha-comunitaria-dra-zilda-arns-um-sonho-coletivo-floresce-na-vila-nova-brejal-em-maceio\/","title":{"rendered":"Cozinha Comunit\u00e1ria Dra. Zilda Arns: um sonho coletivo floresce na Vila Nova Brejal, em Macei\u00f3"},"content":{"rendered":"<p align=\"justify\"><span style=\"font-family: Calibri, sans-serif;\"><span style=\"font-size: medium;\"><img decoding=\"async\" loading=\"lazy\" class=\"alignright wp-image-13514 size-medium\" src=\"https:\/\/www.caritasne2.org.br\/site\/wp-content\/uploads\/2025\/08\/WhatsApp-Image-2025-08-17-at-12.12.28-12-300x225.jpeg\" alt=\"\" width=\"300\" height=\"225\" srcset=\"https:\/\/www.caritasne2.org.br\/site\/wp-content\/uploads\/2025\/08\/WhatsApp-Image-2025-08-17-at-12.12.28-12-300x225.jpeg 300w, https:\/\/www.caritasne2.org.br\/site\/wp-content\/uploads\/2025\/08\/WhatsApp-Image-2025-08-17-at-12.12.28-12-1024x768.jpeg 1024w, https:\/\/www.caritasne2.org.br\/site\/wp-content\/uploads\/2025\/08\/WhatsApp-Image-2025-08-17-at-12.12.28-12-768x576.jpeg 768w, https:\/\/www.caritasne2.org.br\/site\/wp-content\/uploads\/2025\/08\/WhatsApp-Image-2025-08-17-at-12.12.28-12.jpeg 1280w\" sizes=\"(max-width: 300px) 100vw, 300px\" \/>No \u00faltimo s\u00e1bado, dia 16, foi inaugurada a Cozinha Comunit\u00e1ria Dra. Zilda Arns, na comunidade Vila Nova Brejal, bairro Levada, em Macei\u00f3 (AL). O espa\u00e7o nasce da uni\u00e3o de muitas m\u00e3os, cora\u00e7\u00f5es e sonhos \u2014 e leva o nome e a inspira\u00e7\u00e3o de Dra Zilda Arns, fundadora da Pastoral da Crian\u00e7a e refer\u00eancia de solidariedade e cuidado com a vida.<\/span><\/span><\/p>\n<p align=\"justify\"><span style=\"font-family: Calibri, sans-serif;\"><span style=\"font-size: medium;\">Esse sonho come\u00e7ou com a esperan\u00e7a e a persist\u00eancia de Dona Geralda, lideran\u00e7a da Pastoral da Crian\u00e7a local, que h\u00e1 d\u00e9cadas alimentava o desejo de oferecer \u00e0 comunidade um espa\u00e7o mais digno para partilhar o p\u00e3o. \u201cH\u00e1 40 anos a Pastoral da Crian\u00e7a desenvolve essa a\u00e7\u00e3o em nossa comunidade, mas <img decoding=\"async\" loading=\"lazy\" class=\"alignright wp-image-13512 size-medium\" src=\"https:\/\/www.caritasne2.org.br\/site\/wp-content\/uploads\/2025\/08\/WhatsApp-Image-2025-08-16-at-17.03.05-1-300x225.jpeg\" alt=\"\" width=\"300\" height=\"225\" srcset=\"https:\/\/www.caritasne2.org.br\/site\/wp-content\/uploads\/2025\/08\/WhatsApp-Image-2025-08-16-at-17.03.05-1-300x225.jpeg 300w, https:\/\/www.caritasne2.org.br\/site\/wp-content\/uploads\/2025\/08\/WhatsApp-Image-2025-08-16-at-17.03.05-1-1024x768.jpeg 1024w, https:\/\/www.caritasne2.org.br\/site\/wp-content\/uploads\/2025\/08\/WhatsApp-Image-2025-08-16-at-17.03.05-1-768x576.jpeg 768w, https:\/\/www.caritasne2.org.br\/site\/wp-content\/uploads\/2025\/08\/WhatsApp-Image-2025-08-16-at-17.03.05-1-1536x1152.jpeg 1536w, https:\/\/www.caritasne2.org.br\/site\/wp-content\/uploads\/2025\/08\/WhatsApp-Image-2025-08-16-at-17.03.05-1.jpeg 1600w\" sizes=\"(max-width: 300px) 100vw, 300px\" \/>nos \u00faltimos anos precis\u00e1vamos de um espa\u00e7o melhor. Gra\u00e7as a Deus, \u00e0 C\u00e1ritas e aos parceiros, agora temos um lugar para ajudar os mais necessitados e as crian\u00e7as do Brejal\u201d, destacou, emocionada, Dona Geralda.<\/span><\/span><\/p>\n<p align=\"justify\"><span style=\"font-family: Calibri, sans-serif;\"><span style=\"font-size: medium;\">A cozinha est\u00e1 localizada na \u00e1rea externa da Par\u00f3quia S\u00e3o Francisco de Assis e sua estrutura s\u00f3 foi poss\u00edvel gra\u00e7as ao apoio de volunt\u00e1rios(as), da Pastoral da Crian\u00e7a, da C\u00e1ritas Arquidiocesana de Macei\u00f3, da Arquidiocese de Macei\u00f3 e da C\u00e1ritas Brasileira NE2.<\/span><\/span><\/p>\n<p align=\"justify\"><span style=\"font-family: Calibri, sans-serif;\"><span style=\"font-size: medium;\">Para a presidenta da C\u00e1ritas Arquidiocesana de Macei\u00f3, Abdizia Alves, a inaugura\u00e7\u00e3o expressa a miss\u00e3o de Dom Helder C\u00e2mara. \u201cMais do que evangelizar, este \u00e9 um lugar onde se constr\u00f3i vida, se organiza a comunidade e se leva dignidade. Aqui damos passos para superar fragilidades humanas e reafirmamos o direito \u00e0 vida.\u201d<\/span><\/span><\/p>\n<p align=\"justify\"><span style=\"font-family: Calibri, sans-serif;\"><span style=\"font-size: medium;\">A Cozinha Comunit\u00e1ria Dra. Zilda Arns \u00e9 resultado do projeto \u201cTecendo Redes para o Bem Viver\u201d, iniciativa da C\u00e1ritas Brasileira Regional Nordeste 2, em parceria com a organiza\u00e7\u00e3o alem\u00e3 Misereor. A iniciativa tem como miss\u00e3o enfrentar a fome e a pobreza, fortalecer comunidades e promover a dignidade humana, por meio da articula\u00e7\u00e3o em rede, da solidariedade, e da implementa\u00e7\u00e3o de tecnologias sociais.<\/span><\/span><\/p>\n<p align=\"justify\"><span style=\"font-family: Calibri, sans-serif;\"><span style=\"font-size: medium;\">A a\u00e7\u00e3o reafirma o compromisso da C\u00e1ritas em ser presen\u00e7a solid\u00e1ria nos territ\u00f3rios mais vulner\u00e1veis, construindo alternativas sustent\u00e1veis de seguran\u00e7a alimentar, gera\u00e7\u00e3o de renda, cuidado com a Casa Comum e promo\u00e7\u00e3o do Bem Viver.<\/span><\/span><\/p>\n<p align=\"justify\"><span style=\"font-family: Calibri, sans-serif;\"><span style=\"font-size: medium;\">A inaugura\u00e7\u00e3o contou com a presen\u00e7a do Arcebispo de Macei\u00f3, Dom Beto Breis, da secret\u00e1ria executiva da C\u00e1ritas NE2, Neilda Pereira, de assessores regionais, agentes da C\u00e1ritas Arquidiocesana, paroquianos e volunt\u00e1rios(as).<\/span><\/span><\/p>\n<p align=\"justify\"><span style=\"font-family: Calibri, sans-serif;\"><span style=\"font-size: medium;\">Durante o momento, Dom Beto Breis lembrou que a cozinha representa muito mais do que paredes e fog\u00f5es. \u201cEsta cozinha comunit\u00e1ria n\u00e3o \u00e9 apenas um espa\u00e7o f\u00edsico: \u00e9 s\u00edmbolo de partilha, cuidado, dignidade e de sonhos que se tornam realidade quando s\u00e3o sonhados juntos. Que cada refei\u00e7\u00e3o preparada aqui seja sempre um gesto concreto de amor, solidariedade e esperan\u00e7a.\u201d<\/span><\/span><\/p>\n<ul class=\"ssb_list_wrapper\"><li class=\"fb2\" style=\"width:135px\"><iframe src=\"\/\/www.facebook.com\/plugins\/like.php?href=https%3A%2F%2Fwww.caritasne2.org.br%2Fsite%2Fcozinha-comunitaria-dra-zilda-arns-um-sonho-coletivo-floresce-na-vila-nova-brejal-em-maceio%2F&amp;layout=button_count&amp;action=like&amp;show_faces=false&amp;share=true&amp;width=135&amp;height=21&amp;appId=307091639398582\" scrolling=\"no\" frameborder=\"0\" style=\"border:none; overflow:hidden;  width:150px; height:21px;\" allowTransparency=\"true\"><\/iframe><\/li><li class=\"twtr\" style=\"width:90px\"><a href=\"https:\/\/twitter.com\/share\" class=\"twitter-share-button\" data-url=\"https:\/\/www.caritasne2.org.br\/site\/cozinha-comunitaria-dra-zilda-arns-um-sonho-coletivo-floresce-na-vila-nova-brejal-em-maceio\/\">&nbsp;<\/a><script>!function(d,s,id){var js,fjs=d.getElementsByTagName(s)[0],p=\/^http:\/.test(d.location)?'http':'https';if(!d.getElementById(id)){js=d.createElement(s);js.id=id;js.src=p+':\/\/platform.twitter.com\/widgets.js';fjs.parentNode.insertBefore(js,fjs);}}(document, 'script', 'twitter-wjs');<\/script><\/li><li class=\"gplus\" style=\"width:68px\"><div class=\"g-plusone\" data-size=\"medium\" data-href=\"https:\/\/www.caritasne2.org.br\/site\/cozinha-comunitaria-dra-zilda-arns-um-sonho-coletivo-floresce-na-vila-nova-brejal-em-maceio\/\"><\/div><\/li><li class=\"ssb_linkedin\" style=\"width:64px\"><script src=\"\/\/platform.linkedin.com\/in.js\" type=\"text\/javascript\">lang: en_US<\/script><script type=\"IN\/Share\" data-url=\"https:\/\/www.caritasne2.org.br\/site\/cozinha-comunitaria-dra-zilda-arns-um-sonho-coletivo-floresce-na-vila-nova-brejal-em-maceio\/\" data-counter=\"right\"><\/script><\/li><\/ul>","protected":false},"excerpt":{"rendered":"<p>No \u00faltimo s\u00e1bado, dia 16, foi inaugurada a Cozinha Comunit\u00e1ria Dra. Zilda Arns, na comunidade Vila Nova Brejal, bairro Levada, em Macei\u00f3 (AL). O espa\u00e7o nasce da uni\u00e3o de muitas m\u00e3os, cora\u00e7\u00f5es e sonhos \u2014 e leva o nome e a inspira\u00e7\u00e3o de Dra Zilda Arns, fundadora da Pastoral da Crian\u00e7a e refer\u00eancia de solidariedade e cuidado com a vida. Esse sonho come\u00e7ou com a [&hellip;]<\/p>\n<ul class=\"ssb_list_wrapper\"><li class=\"fb2\" style=\"width:135px\"><iframe src=\"\/\/www.facebook.com\/plugins\/like.php?href=https%3A%2F%2Fwww.caritasne2.org.br%2Fsite%2Fcozinha-comunitaria-dra-zilda-arns-um-sonho-coletivo-floresce-na-vila-nova-brejal-em-maceio%2F&amp;layout=button_count&amp;action=like&amp;show_faces=false&amp;share=true&amp;width=135&amp;height=21&amp;appId=307091639398582\" scrolling=\"no\" frameborder=\"0\" style=\"border:none; overflow:hidden;  width:150px; height:21px;\" allowTransparency=\"true\"><\/iframe><\/li><li class=\"twtr\" style=\"width:90px\"><a href=\"https:\/\/twitter.com\/share\" class=\"twitter-share-button\" data-url=\"https:\/\/www.caritasne2.org.br\/site\/cozinha-comunitaria-dra-zilda-arns-um-sonho-coletivo-floresce-na-vila-nova-brejal-em-maceio\/\">&nbsp;<\/a><script>!function(d,s,id){var js,fjs=d.getElementsByTagName(s)[0],p=\/^http:\/.test(d.location)?'http':'https';if(!d.getElementById(id)){js=d.createElement(s);js.id=id;js.src=p+':\/\/platform.twitter.com\/widgets.js';fjs.parentNode.insertBefore(js,fjs);}}(document, 'script', 'twitter-wjs');<\/script><\/li><li class=\"gplus\" style=\"width:68px\"><div class=\"g-plusone\" data-size=\"medium\" data-href=\"https:\/\/www.caritasne2.org.br\/site\/cozinha-comunitaria-dra-zilda-arns-um-sonho-coletivo-floresce-na-vila-nova-brejal-em-maceio\/\"><\/div><\/li><li class=\"ssb_linkedin\" style=\"width:64px\"><script src=\"\/\/platform.linkedin.com\/in.js\" type=\"text\/javascript\">lang: en_US<\/script><script type=\"IN\/Share\" data-url=\"https:\/\/www.caritasne2.org.br\/site\/cozinha-comunitaria-dra-zilda-arns-um-sonho-coletivo-floresce-na-vila-nova-brejal-em-maceio\/\" data-counter=\"right\"><\/script><\/li><\/ul>","protected":false},"author":4,"featured_media":13511,"comment_status":"open","ping_status":"open","sticky":false,"template":"","format":"standard","meta":[],"categories":[21,20],"tags":[1329,493,1290,331],"_links":{"self":[{"href":"https:\/\/www.caritasne2.org.br\/site\/wp-json\/wp\/v2\/posts\/13510"}],"collection":[{"href":"https:\/\/www.caritasne2.org.br\/site\/wp-json\/wp\/v2\/posts"}],"about":[{"href":"https:\/\/www.caritasne2.org.br\/site\/wp-json\/wp\/v2\/types\/post"}],"author":[{"embeddable":true,"href":"https:\/\/www.caritasne2.org.br\/site\/wp-json\/wp\/v2\/users\/4"}],"replies":[{"embeddable":true,"href":"https:\/\/www.caritasne2.org.br\/site\/wp-json\/wp\/v2\/comments?post=13510"}],"version-history":[{"count":4,"href":"https:\/\/www.caritasne2.org.br\/site\/wp-json\/wp\/v2\/posts\/13510\/revisions"}],"predecessor-version":[{"id":13518,"href":"https:\/\/www.caritasne2.org.br\/site\/wp-json\/wp\/v2\/posts\/13510\/revisions\/13518"}],"wp:featuredmedia":[{"embeddable":true,"href":"https:\/\/www.caritasne2.org.br\/site\/wp-json\/wp\/v2\/media\/13511"}],"wp:attachment":[{"href":"https:\/\/www.caritasne2.org.br\/site\/wp-json\/wp\/v2\/media?parent=13510"}],"wp:term":[{"taxonomy":"category","embeddable":true,"href":"https:\/\/www.caritasne2.org.br\/site\/wp-json\/wp\/v2\/categories?post=13510"},{"taxonomy":"post_tag","embeddable":true,"href":"https:\/\/www.caritasne2.org.br\/site\/wp-json\/wp\/v2\/tags?post=13510"}],"curies":[{"name":"wp","href":"https:\/\/api.w.org\/{rel}","templated":true}]}}