{"id":13507,"date":"2025-08-13T16:22:29","date_gmt":"2025-08-13T19:22:29","guid":{"rendered":"https:\/\/www.caritasne2.org.br\/site\/?p=13507"},"modified":"2025-08-13T16:22:29","modified_gmt":"2025-08-13T19:22:29","slug":"projeto-caminhos-para-integracao-acesso-a-direitos-acoes-de-formacao-e-geracao-de-renda-para-migrantes-e-refugiados","status":"publish","type":"post","link":"https:\/\/www.caritasne2.org.br\/site\/projeto-caminhos-para-integracao-acesso-a-direitos-acoes-de-formacao-e-geracao-de-renda-para-migrantes-e-refugiados\/","title":{"rendered":"Projeto \u201cCaminhos para integra\u00e7\u00e3o: Acesso a direitos, a\u00e7\u00f5es de forma\u00e7\u00e3o e gera\u00e7\u00e3o de renda para migrantes e refugiados\u201d"},"content":{"rendered":"<p>Termo de Fomento n\u00ba 976676\/2025<br \/>\nProposta n\u00ba 029654\/2025<br \/>\nEmenda Parlamentar n\u00ba 38130018 do Deputado Fernando Monteiro (Republicanos\/PE)<br \/>\nProjeto \u201cCaminhos para integra\u00e7\u00e3o: Acesso a direitos, a\u00e7\u00f5es de forma\u00e7\u00e3o e gera\u00e7\u00e3o de renda para migrantes e refugiados\u201d<br \/>\nValor: R$ 800 mil<\/p>\n<p>A C\u00e1ritas Brasileira Regional Nordeste 2, uma organiza\u00e7\u00e3o da sociedade civil com atua\u00e7\u00e3o nos estados de Alagoas, Pernambuco, Para\u00edba e Rio Grande do Norte, torna p\u00fablico o an\u00fancio da execu\u00e7\u00e3o do projeto \u201cCaminhos para integra\u00e7\u00e3o: Acesso a direitos, a\u00e7\u00f5es de forma\u00e7\u00e3o e gera\u00e7\u00e3o de renda para migrantes e refugiados\u201d com recursos provenientes do Or\u00e7amento Geral da Uni\u00e3o (OGU), atrav\u00e9s da Emenda Individual do Deputado Fernando Monteiro<br \/>\n(Republicanos\/PE).<\/p>\n<p>A proposta n\u00ba 029654\/2025 est\u00e1 registrada na plataforma Transferegov, que \u00e9 a ferramenta destinada \u00e0 informatiza\u00e7\u00e3o e \u00e0 operacionaliza\u00e7\u00e3o das transfer\u00eancias de recursos oriundos do Or\u00e7amento Fiscal e da Seguridade Social da Uni\u00e3o a \u00f3rg\u00e3o ou entidade da administra\u00e7\u00e3o p\u00fablica estadual, distrital, municipal, direta ou indireta, cons\u00f3rcios p\u00fablicos e entidades privadas sem fins lucrativos.<\/p>\n<p>O projeto tem como p\u00fablico alvo Migrantes, refugiados e ap\u00e1tridas de diversas nacionalidades que atualmente se encontram no territ\u00f3rio do Estado de Pernambuco, com status de ref\u00fagio, solicita\u00e7\u00e3o de ref\u00fagio, resid\u00eancia tempor\u00e1ria ou resid\u00eancia por prazo indeterminado.<\/p>\n<p>A proposta visa fortalecer a atua\u00e7\u00e3o da Casa de Direitos de Pernambuco na promo\u00e7\u00e3o de direitos e acolhimento de pessoas migrantes, refugiadas e ap\u00e1tridas, por meio da qualifica\u00e7\u00e3o de sua equipe t\u00e9cnica, a\u00e7\u00f5es formativas na \u00e1rea de integra\u00e7\u00e3o socioprodutiva, de direitos humanos, produ\u00e7\u00e3o de conhecimento e incid\u00eancia institucional.<\/p>\n<ul class=\"ssb_list_wrapper\"><li class=\"fb2\" style=\"width:135px\"><iframe src=\"\/\/www.facebook.com\/plugins\/like.php?href=https%3A%2F%2Fwww.caritasne2.org.br%2Fsite%2Fprojeto-caminhos-para-integracao-acesso-a-direitos-acoes-de-formacao-e-geracao-de-renda-para-migrantes-e-refugiados%2F&amp;layout=button_count&amp;action=like&amp;show_faces=false&amp;share=true&amp;width=135&amp;height=21&amp;appId=307091639398582\" scrolling=\"no\" frameborder=\"0\" style=\"border:none; overflow:hidden;  width:150px; height:21px;\" allowTransparency=\"true\"><\/iframe><\/li><li class=\"twtr\" style=\"width:90px\"><a href=\"https:\/\/twitter.com\/share\" class=\"twitter-share-button\" data-url=\"https:\/\/www.caritasne2.org.br\/site\/projeto-caminhos-para-integracao-acesso-a-direitos-acoes-de-formacao-e-geracao-de-renda-para-migrantes-e-refugiados\/\">&nbsp;<\/a><script>!function(d,s,id){var js,fjs=d.getElementsByTagName(s)[0],p=\/^http:\/.test(d.location)?'http':'https';if(!d.getElementById(id)){js=d.createElement(s);js.id=id;js.src=p+':\/\/platform.twitter.com\/widgets.js';fjs.parentNode.insertBefore(js,fjs);}}(document, 'script', 'twitter-wjs');<\/script><\/li><li class=\"gplus\" style=\"width:68px\"><div class=\"g-plusone\" data-size=\"medium\" data-href=\"https:\/\/www.caritasne2.org.br\/site\/projeto-caminhos-para-integracao-acesso-a-direitos-acoes-de-formacao-e-geracao-de-renda-para-migrantes-e-refugiados\/\"><\/div><\/li><li class=\"ssb_linkedin\" style=\"width:64px\"><script src=\"\/\/platform.linkedin.com\/in.js\" type=\"text\/javascript\">lang: en_US<\/script><script type=\"IN\/Share\" data-url=\"https:\/\/www.caritasne2.org.br\/site\/projeto-caminhos-para-integracao-acesso-a-direitos-acoes-de-formacao-e-geracao-de-renda-para-migrantes-e-refugiados\/\" data-counter=\"right\"><\/script><\/li><\/ul>","protected":false},"excerpt":{"rendered":"<p>Termo de Fomento n\u00ba 976676\/2025 Proposta n\u00ba 029654\/2025 Emenda Parlamentar n\u00ba 38130018 do Deputado Fernando Monteiro (Republicanos\/PE) Projeto \u201cCaminhos para integra\u00e7\u00e3o: Acesso a direitos, a\u00e7\u00f5es de forma\u00e7\u00e3o e gera\u00e7\u00e3o de renda para migrantes e refugiados\u201d Valor: R$ 800 mil A C\u00e1ritas Brasileira Regional Nordeste 2, uma organiza\u00e7\u00e3o da sociedade civil com atua\u00e7\u00e3o nos estados de Alagoas, Pernambuco, Para\u00edba e Rio Grande do Norte, torna p\u00fablico [&hellip;]<\/p>\n<ul class=\"ssb_list_wrapper\"><li class=\"fb2\" style=\"width:135px\"><iframe src=\"\/\/www.facebook.com\/plugins\/like.php?href=https%3A%2F%2Fwww.caritasne2.org.br%2Fsite%2Fprojeto-caminhos-para-integracao-acesso-a-direitos-acoes-de-formacao-e-geracao-de-renda-para-migrantes-e-refugiados%2F&amp;layout=button_count&amp;action=like&amp;show_faces=false&amp;share=true&amp;width=135&amp;height=21&amp;appId=307091639398582\" scrolling=\"no\" frameborder=\"0\" style=\"border:none; overflow:hidden;  width:150px; height:21px;\" allowTransparency=\"true\"><\/iframe><\/li><li class=\"twtr\" style=\"width:90px\"><a href=\"https:\/\/twitter.com\/share\" class=\"twitter-share-button\" data-url=\"https:\/\/www.caritasne2.org.br\/site\/projeto-caminhos-para-integracao-acesso-a-direitos-acoes-de-formacao-e-geracao-de-renda-para-migrantes-e-refugiados\/\">&nbsp;<\/a><script>!function(d,s,id){var js,fjs=d.getElementsByTagName(s)[0],p=\/^http:\/.test(d.location)?'http':'https';if(!d.getElementById(id)){js=d.createElement(s);js.id=id;js.src=p+':\/\/platform.twitter.com\/widgets.js';fjs.parentNode.insertBefore(js,fjs);}}(document, 'script', 'twitter-wjs');<\/script><\/li><li class=\"gplus\" style=\"width:68px\"><div class=\"g-plusone\" data-size=\"medium\" data-href=\"https:\/\/www.caritasne2.org.br\/site\/projeto-caminhos-para-integracao-acesso-a-direitos-acoes-de-formacao-e-geracao-de-renda-para-migrantes-e-refugiados\/\"><\/div><\/li><li class=\"ssb_linkedin\" style=\"width:64px\"><script src=\"\/\/platform.linkedin.com\/in.js\" type=\"text\/javascript\">lang: en_US<\/script><script type=\"IN\/Share\" data-url=\"https:\/\/www.caritasne2.org.br\/site\/projeto-caminhos-para-integracao-acesso-a-direitos-acoes-de-formacao-e-geracao-de-renda-para-migrantes-e-refugiados\/\" data-counter=\"right\"><\/script><\/li><\/ul>","protected":false},"author":4,"featured_media":0,"comment_status":"open","ping_status":"open","sticky":false,"template":"","format":"standard","meta":[],"categories":[20],"tags":[],"_links":{"self":[{"href":"https:\/\/www.caritasne2.org.br\/site\/wp-json\/wp\/v2\/posts\/13507"}],"collection":[{"href":"https:\/\/www.caritasne2.org.br\/site\/wp-json\/wp\/v2\/posts"}],"about":[{"href":"https:\/\/www.caritasne2.org.br\/site\/wp-json\/wp\/v2\/types\/post"}],"author":[{"embeddable":true,"href":"https:\/\/www.caritasne2.org.br\/site\/wp-json\/wp\/v2\/users\/4"}],"replies":[{"embeddable":true,"href":"https:\/\/www.caritasne2.org.br\/site\/wp-json\/wp\/v2\/comments?post=13507"}],"version-history":[{"count":1,"href":"https:\/\/www.caritasne2.org.br\/site\/wp-json\/wp\/v2\/posts\/13507\/revisions"}],"predecessor-version":[{"id":13508,"href":"https:\/\/www.caritasne2.org.br\/site\/wp-json\/wp\/v2\/posts\/13507\/revisions\/13508"}],"wp:attachment":[{"href":"https:\/\/www.caritasne2.org.br\/site\/wp-json\/wp\/v2\/media?parent=13507"}],"wp:term":[{"taxonomy":"category","embeddable":true,"href":"https:\/\/www.caritasne2.org.br\/site\/wp-json\/wp\/v2\/categories?post=13507"},{"taxonomy":"post_tag","embeddable":true,"href":"https:\/\/www.caritasne2.org.br\/site\/wp-json\/wp\/v2\/tags?post=13507"}],"curies":[{"name":"wp","href":"https:\/\/api.w.org\/{rel}","templated":true}]}}