{"id":13465,"date":"2025-07-21T16:32:21","date_gmt":"2025-07-21T19:32:21","guid":{"rendered":"https:\/\/www.caritasne2.org.br\/site\/?p=13465"},"modified":"2025-07-21T16:32:21","modified_gmt":"2025-07-21T19:32:21","slug":"retiro-dos-agentes-da-caritas-ne2-celebra-jubileu-e-fortalece-o-grupo-para-atuar-como-peregrinos-da-esperanca","status":"publish","type":"post","link":"https:\/\/www.caritasne2.org.br\/site\/retiro-dos-agentes-da-caritas-ne2-celebra-jubileu-e-fortalece-o-grupo-para-atuar-como-peregrinos-da-esperanca\/","title":{"rendered":"Retiro dos agentes da C\u00e1ritas NE2 celebra Jubileu e fortalece o grupo para atuar como peregrinos da esperan\u00e7a"},"content":{"rendered":"<p style=\"text-align: justify;\"><img decoding=\"async\" loading=\"lazy\" class=\"alignright size-medium wp-image-13467\" src=\"https:\/\/www.caritasne2.org.br\/site\/wp-content\/uploads\/2025\/07\/WhatsApp-Image-2025-07-21-at-10.11.54-2-300x225.jpeg\" alt=\"\" width=\"300\" height=\"225\" srcset=\"https:\/\/www.caritasne2.org.br\/site\/wp-content\/uploads\/2025\/07\/WhatsApp-Image-2025-07-21-at-10.11.54-2-300x225.jpeg 300w, https:\/\/www.caritasne2.org.br\/site\/wp-content\/uploads\/2025\/07\/WhatsApp-Image-2025-07-21-at-10.11.54-2-1024x768.jpeg 1024w, https:\/\/www.caritasne2.org.br\/site\/wp-content\/uploads\/2025\/07\/WhatsApp-Image-2025-07-21-at-10.11.54-2-768x576.jpeg 768w, https:\/\/www.caritasne2.org.br\/site\/wp-content\/uploads\/2025\/07\/WhatsApp-Image-2025-07-21-at-10.11.54-2.jpeg 1280w\" sizes=\"(max-width: 300px) 100vw, 300px\" \/>Agentes da C\u00e1ritas Brasileira Regional Nordeste 2 se reuniram em Pesqueira (PE), neste fim de semana, para um momento de reflex\u00e3o e renova\u00e7\u00e3o espiritual. Com o tema : \u201cMaria, mulher peregrina a servi\u00e7o do reino se Deus\u201d, o Retiro C\u00e1ritas NE2 &#8211; Jubileu da Esperan\u00e7a 2025 uniu representantes das entidades membros de Alagoas, Para\u00edba, Pernambuco e Rio Grande do Norte. Ele ajudou a renovar as esperan\u00e7as e a somar for\u00e7as para fazer dela um verbo: esperan\u00e7ar. \u00c9 esperan\u00e7a que se faz a\u00e7\u00e3o na luta por um mundo melhor.<\/p>\n<p style=\"text-align: justify;\">Orientados pelas palavras de nosso bispo referencial, Dom Frei Manoel Delson, e do padre Gerson Bastos Filhos, da Diocese de Floresta, os <img decoding=\"async\" loading=\"lazy\" class=\"alignright size-medium wp-image-13470\" src=\"https:\/\/www.caritasne2.org.br\/site\/wp-content\/uploads\/2025\/07\/WhatsApp-Image-2025-07-21-at-10.18.34-1-300x225.jpeg\" alt=\"\" width=\"300\" height=\"225\" srcset=\"https:\/\/www.caritasne2.org.br\/site\/wp-content\/uploads\/2025\/07\/WhatsApp-Image-2025-07-21-at-10.18.34-1-300x225.jpeg 300w, https:\/\/www.caritasne2.org.br\/site\/wp-content\/uploads\/2025\/07\/WhatsApp-Image-2025-07-21-at-10.18.34-1-1024x768.jpeg 1024w, https:\/\/www.caritasne2.org.br\/site\/wp-content\/uploads\/2025\/07\/WhatsApp-Image-2025-07-21-at-10.18.34-1-768x576.jpeg 768w, https:\/\/www.caritasne2.org.br\/site\/wp-content\/uploads\/2025\/07\/WhatsApp-Image-2025-07-21-at-10.18.34-1.jpeg 1280w\" sizes=\"(max-width: 300px) 100vw, 300px\" \/>agentes participaram de confer\u00eancias e vig\u00edlias. Um momento especial foi a peregrina\u00e7\u00e3o ao Santu\u00e1rio Nossa Senhora das Gra\u00e7as, na Aldeia Guarda, em Cimbres- Pesqueira .<\/p>\n<p style=\"text-align: justify;\">A peregrina\u00e7\u00e3o ao Santu\u00e1rio de Nossa Senhora das Gra\u00e7as \u00e9 uma experi\u00eancia de f\u00e9, devo\u00e7\u00e3o e reencontro espiritual. Este local sagrado \u00e9 conhecido por ter sido cen\u00e1rio de apari\u00e7\u00f5es de Nossa Senhora, nos anos 1930, para duas meninas ind\u00edgenas da etnia Xukuru. Desde ent\u00e3o, tornou-se um importante ponto de devo\u00e7\u00e3o mariana no Nordeste brasileiro.<\/p>\n<p style=\"text-align: justify;\"><img decoding=\"async\" loading=\"lazy\" class=\"alignright size-medium wp-image-13466\" src=\"https:\/\/www.caritasne2.org.br\/site\/wp-content\/uploads\/2025\/07\/WhatsApp-Image-2025-07-21-at-10.18.34-2-300x225.jpeg\" alt=\"\" width=\"300\" height=\"225\" srcset=\"https:\/\/www.caritasne2.org.br\/site\/wp-content\/uploads\/2025\/07\/WhatsApp-Image-2025-07-21-at-10.18.34-2-300x225.jpeg 300w, https:\/\/www.caritasne2.org.br\/site\/wp-content\/uploads\/2025\/07\/WhatsApp-Image-2025-07-21-at-10.18.34-2-1024x768.jpeg 1024w, https:\/\/www.caritasne2.org.br\/site\/wp-content\/uploads\/2025\/07\/WhatsApp-Image-2025-07-21-at-10.18.34-2-768x576.jpeg 768w, https:\/\/www.caritasne2.org.br\/site\/wp-content\/uploads\/2025\/07\/WhatsApp-Image-2025-07-21-at-10.18.34-2.jpeg 1280w\" sizes=\"(max-width: 300px) 100vw, 300px\" \/>A caminhada at\u00e9 o santu\u00e1rio representa mais do que um simples deslocamento f\u00edsico: \u00e9 um gesto de entrega, penit\u00eancia e busca de gra\u00e7a. Um dos destaques \u00e9 a grandiosa escadaria que conduz os fi\u00e9is, em um percurso de ora\u00e7\u00e3o e penit\u00eancia, at\u00e9 o alto do morro onde se encontra a imponente imagem de Nossa Senhora das Gra\u00e7as. A imagem, voltada para o povoado, transmite serenidade e acolhimento, sendo ponto de parada para ora\u00e7\u00e3o, agradecimento e contempla\u00e7\u00e3o da paisagem. Na capela do santu\u00e1rio ocorreu uma celebra\u00e7\u00e3o eucar\u00edstica presidida por Dom Delson.<\/p>\n<p style=\"text-align: justify;\">A culmin\u00e2ncia do encontro foi o lan\u00e7amento da Campanha Nossa Casa Comum: sua a\u00e7\u00e3o faz a diferen\u00e7a no cuidado com o planeta. Em um evento que uniu comunidades origin\u00e1rias e quilombolas, agentes C\u00e1ritas e representantes da sociedade civil foi poss\u00edvel fortalecer a certeza de que tudo est\u00e1 ligado e que somos, todos e todas, respons\u00e1veis pela vida na Terra.<\/p>\n<ul class=\"ssb_list_wrapper\"><li class=\"fb2\" style=\"width:135px\"><iframe src=\"\/\/www.facebook.com\/plugins\/like.php?href=https%3A%2F%2Fwww.caritasne2.org.br%2Fsite%2Fretiro-dos-agentes-da-caritas-ne2-celebra-jubileu-e-fortalece-o-grupo-para-atuar-como-peregrinos-da-esperanca%2F&amp;layout=button_count&amp;action=like&amp;show_faces=false&amp;share=true&amp;width=135&amp;height=21&amp;appId=307091639398582\" scrolling=\"no\" frameborder=\"0\" style=\"border:none; overflow:hidden;  width:150px; height:21px;\" allowTransparency=\"true\"><\/iframe><\/li><li class=\"twtr\" style=\"width:90px\"><a href=\"https:\/\/twitter.com\/share\" class=\"twitter-share-button\" data-url=\"https:\/\/www.caritasne2.org.br\/site\/retiro-dos-agentes-da-caritas-ne2-celebra-jubileu-e-fortalece-o-grupo-para-atuar-como-peregrinos-da-esperanca\/\">&nbsp;<\/a><script>!function(d,s,id){var js,fjs=d.getElementsByTagName(s)[0],p=\/^http:\/.test(d.location)?'http':'https';if(!d.getElementById(id)){js=d.createElement(s);js.id=id;js.src=p+':\/\/platform.twitter.com\/widgets.js';fjs.parentNode.insertBefore(js,fjs);}}(document, 'script', 'twitter-wjs');<\/script><\/li><li class=\"gplus\" style=\"width:68px\"><div class=\"g-plusone\" data-size=\"medium\" data-href=\"https:\/\/www.caritasne2.org.br\/site\/retiro-dos-agentes-da-caritas-ne2-celebra-jubileu-e-fortalece-o-grupo-para-atuar-como-peregrinos-da-esperanca\/\"><\/div><\/li><li class=\"ssb_linkedin\" style=\"width:64px\"><script src=\"\/\/platform.linkedin.com\/in.js\" type=\"text\/javascript\">lang: en_US<\/script><script type=\"IN\/Share\" data-url=\"https:\/\/www.caritasne2.org.br\/site\/retiro-dos-agentes-da-caritas-ne2-celebra-jubileu-e-fortalece-o-grupo-para-atuar-como-peregrinos-da-esperanca\/\" data-counter=\"right\"><\/script><\/li><\/ul>","protected":false},"excerpt":{"rendered":"<p>Agentes da C\u00e1ritas Brasileira Regional Nordeste 2 se reuniram em Pesqueira (PE), neste fim de semana, para um momento de reflex\u00e3o e renova\u00e7\u00e3o espiritual. Com o tema : \u201cMaria, mulher peregrina a servi\u00e7o do reino se Deus\u201d, o Retiro C\u00e1ritas NE2 &#8211; Jubileu da Esperan\u00e7a 2025 uniu representantes das entidades membros de Alagoas, Para\u00edba, Pernambuco e Rio Grande do Norte. Ele ajudou a renovar as [&hellip;]<\/p>\n<ul class=\"ssb_list_wrapper\"><li class=\"fb2\" style=\"width:135px\"><iframe src=\"\/\/www.facebook.com\/plugins\/like.php?href=https%3A%2F%2Fwww.caritasne2.org.br%2Fsite%2Fretiro-dos-agentes-da-caritas-ne2-celebra-jubileu-e-fortalece-o-grupo-para-atuar-como-peregrinos-da-esperanca%2F&amp;layout=button_count&amp;action=like&amp;show_faces=false&amp;share=true&amp;width=135&amp;height=21&amp;appId=307091639398582\" scrolling=\"no\" frameborder=\"0\" style=\"border:none; overflow:hidden;  width:150px; height:21px;\" allowTransparency=\"true\"><\/iframe><\/li><li class=\"twtr\" style=\"width:90px\"><a href=\"https:\/\/twitter.com\/share\" class=\"twitter-share-button\" data-url=\"https:\/\/www.caritasne2.org.br\/site\/retiro-dos-agentes-da-caritas-ne2-celebra-jubileu-e-fortalece-o-grupo-para-atuar-como-peregrinos-da-esperanca\/\">&nbsp;<\/a><script>!function(d,s,id){var js,fjs=d.getElementsByTagName(s)[0],p=\/^http:\/.test(d.location)?'http':'https';if(!d.getElementById(id)){js=d.createElement(s);js.id=id;js.src=p+':\/\/platform.twitter.com\/widgets.js';fjs.parentNode.insertBefore(js,fjs);}}(document, 'script', 'twitter-wjs');<\/script><\/li><li class=\"gplus\" style=\"width:68px\"><div class=\"g-plusone\" data-size=\"medium\" data-href=\"https:\/\/www.caritasne2.org.br\/site\/retiro-dos-agentes-da-caritas-ne2-celebra-jubileu-e-fortalece-o-grupo-para-atuar-como-peregrinos-da-esperanca\/\"><\/div><\/li><li class=\"ssb_linkedin\" style=\"width:64px\"><script src=\"\/\/platform.linkedin.com\/in.js\" type=\"text\/javascript\">lang: en_US<\/script><script type=\"IN\/Share\" data-url=\"https:\/\/www.caritasne2.org.br\/site\/retiro-dos-agentes-da-caritas-ne2-celebra-jubileu-e-fortalece-o-grupo-para-atuar-como-peregrinos-da-esperanca\/\" data-counter=\"right\"><\/script><\/li><\/ul>","protected":false},"author":4,"featured_media":13472,"comment_status":"open","ping_status":"open","sticky":false,"template":"","format":"standard","meta":[],"categories":[21,259],"tags":[788,1328,1248],"_links":{"self":[{"href":"https:\/\/www.caritasne2.org.br\/site\/wp-json\/wp\/v2\/posts\/13465"}],"collection":[{"href":"https:\/\/www.caritasne2.org.br\/site\/wp-json\/wp\/v2\/posts"}],"about":[{"href":"https:\/\/www.caritasne2.org.br\/site\/wp-json\/wp\/v2\/types\/post"}],"author":[{"embeddable":true,"href":"https:\/\/www.caritasne2.org.br\/site\/wp-json\/wp\/v2\/users\/4"}],"replies":[{"embeddable":true,"href":"https:\/\/www.caritasne2.org.br\/site\/wp-json\/wp\/v2\/comments?post=13465"}],"version-history":[{"count":1,"href":"https:\/\/www.caritasne2.org.br\/site\/wp-json\/wp\/v2\/posts\/13465\/revisions"}],"predecessor-version":[{"id":13473,"href":"https:\/\/www.caritasne2.org.br\/site\/wp-json\/wp\/v2\/posts\/13465\/revisions\/13473"}],"wp:featuredmedia":[{"embeddable":true,"href":"https:\/\/www.caritasne2.org.br\/site\/wp-json\/wp\/v2\/media\/13472"}],"wp:attachment":[{"href":"https:\/\/www.caritasne2.org.br\/site\/wp-json\/wp\/v2\/media?parent=13465"}],"wp:term":[{"taxonomy":"category","embeddable":true,"href":"https:\/\/www.caritasne2.org.br\/site\/wp-json\/wp\/v2\/categories?post=13465"},{"taxonomy":"post_tag","embeddable":true,"href":"https:\/\/www.caritasne2.org.br\/site\/wp-json\/wp\/v2\/tags?post=13465"}],"curies":[{"name":"wp","href":"https:\/\/api.w.org\/{rel}","templated":true}]}}