{"id":1345,"date":"2013-10-14T14:01:20","date_gmt":"2013-10-14T17:01:20","guid":{"rendered":"http:\/\/ne2.caritas.org.br.s174889.gridserver.com\/?p=1345"},"modified":"2017-07-11T15:23:44","modified_gmt":"2017-07-11T18:23:44","slug":"sertao-recebe-encontro-estadual-de-agricultores-experimentadores","status":"publish","type":"post","link":"https:\/\/www.caritasne2.org.br\/site\/sertao-recebe-encontro-estadual-de-agricultores-experimentadores\/","title":{"rendered":"Sert\u00e3o recebe encontro  estadual de agricultores experimentadores"},"content":{"rendered":"<p style=\"text-align: justify;\">Observa\u00e7\u00e3o, inova\u00e7\u00e3o e experimenta\u00e7\u00e3o. Estas s\u00e3o algumas das t\u00e9cnicas utilizadas por agricultoras e agricultores que moram no Semi\u00e1rido. \u00c9 a partir do manejo da terra e das \u00e1guas, da conserva\u00e7\u00e3o dos recursos naturais e do aproveitamento dos elementos dispon\u00edveis nas propriedades, que as fam\u00edlias rurais conseguem resistir aos efeitos da estiagem e conviver com o clima e as peculiaridades da regi\u00e3o semi\u00e1rida.<\/p>\n<p style=\"text-align: justify;\">Todo esse conhecimento estar\u00e1 reunido durante o Encontro Estadual de Agricultoras e Agricultores Experimentadores, que ser\u00e1 realizado pela Articula\u00e7\u00e3o no Semi\u00e1rido Pernambucano (ASA-PE), que acontece at\u00e9 a pr\u00f3xima ter\u00e7a-feira (15) na cidade de Afogados da Ingazeira, no Sert\u00e3o do Paje\u00fa, no Clube Campestre. O evento pretende aprofundar o debate sobre sementes, promovendo a troca de experi\u00eancias entre agricultores e agricultoras, como parte do processo preparat\u00f3rio para o 3\u00ba Encontro Nacional de Agricultoras e Agricultores Experimentadores.<\/p>\n<p style=\"text-align: justify;\">\u201cO encontro estadual possibilitar\u00e1 que as agricultoras e os agricultores experimentadores mergulhem no universo das pr\u00e1ticas experimentadas pelo conjunto das fam\u00edlias, a partir das experi\u00eancias desenvolvidas com base na valoriza\u00e7\u00e3o e preserva\u00e7\u00e3o das sementes crioulas, no estoque de \u00e1gua e alimentos, entre outras t\u00e9cnicas utilizadas no Semi\u00e1rido pernambucano. O fortalecimento desse processo no estado permite que os\/as agricultores\/as cheguem com um novo olhar para vivenciar o encontro nacional, que acontecer\u00e1 no final do m\u00eas, em Campina Grande, na Para\u00edba\u201d, explica a coordenadora executiva da ASA-PE, Neilda Pereira.<\/p>\n<p style=\"text-align: justify;\">Os participantes visitar\u00e3o experi\u00eancias de agricultores\/as que moram em Afogados da Ingazeira e munic\u00edpios vizinhos. Durante \u00e0 tarde ser\u00e1 realizado um momento de troca de sementes entre os\/as agricultores\/as experimentadores\/as, e na sequ\u00eancia ser\u00e1 apresentada a s\u00edntese das experi\u00eancias visitadas. O segundo dia se encerra com a prepara\u00e7\u00e3o e defini\u00e7\u00e3o dos nomes que ir\u00e3o compor a delega\u00e7\u00e3o que ir\u00e1 para Campina Grande (PB) participar do 3\u00ba Encontro Nacional de Agricultoras e Agricultores Experimentadores.<\/p>\n<p style=\"text-align: justify;\">No \u00faltimo dia do encontro estadual (15), haver\u00e1 apresenta\u00e7\u00e3o e debate sobre o painel \u201cAgricultores e agricultoras preservando a biodiversidade e cultivando vidas no Semi\u00e1rido\u201d. Ainda na parte da manh\u00e3, haver\u00e1 um trabalho em grupo por territ\u00f3rio. Na ocasi\u00e3o, os participantes poder\u00e3o fazer uma reflex\u00e3o coletiva acerca dos aprendizados acumulados durante o encontro, como tamb\u00e9m os grupos definir\u00e3o as estrat\u00e9gias para fortalecer o debate pol\u00edtico sobre a tem\u00e1tica das sementes no estado. O evento teve in\u00edcio neste domingo (13).<\/p>\n<p style=\"text-align: justify;\">\u00a0por\u00a0\u00a0 Daniel Ferreira, jornalista 4140 DRT\/PE<\/p>\n<p style=\"text-align: justify;\">C\u00e1ritas Diocesana de Pesqueira<\/p>\n<p>&nbsp;<\/p>\n<ul class=\"ssb_list_wrapper\"><li class=\"fb2\" style=\"width:135px\"><iframe src=\"\/\/www.facebook.com\/plugins\/like.php?href=https%3A%2F%2Fwww.caritasne2.org.br%2Fsite%2Fsertao-recebe-encontro-estadual-de-agricultores-experimentadores%2F&amp;layout=button_count&amp;action=like&amp;show_faces=false&amp;share=true&amp;width=135&amp;height=21&amp;appId=307091639398582\" scrolling=\"no\" frameborder=\"0\" style=\"border:none; overflow:hidden;  width:150px; height:21px;\" allowTransparency=\"true\"><\/iframe><\/li><li class=\"twtr\" style=\"width:90px\"><a href=\"https:\/\/twitter.com\/share\" class=\"twitter-share-button\" data-url=\"https:\/\/www.caritasne2.org.br\/site\/sertao-recebe-encontro-estadual-de-agricultores-experimentadores\/\">&nbsp;<\/a><script>!function(d,s,id){var js,fjs=d.getElementsByTagName(s)[0],p=\/^http:\/.test(d.location)?'http':'https';if(!d.getElementById(id)){js=d.createElement(s);js.id=id;js.src=p+':\/\/platform.twitter.com\/widgets.js';fjs.parentNode.insertBefore(js,fjs);}}(document, 'script', 'twitter-wjs');<\/script><\/li><li class=\"gplus\" style=\"width:68px\"><div class=\"g-plusone\" data-size=\"medium\" data-href=\"https:\/\/www.caritasne2.org.br\/site\/sertao-recebe-encontro-estadual-de-agricultores-experimentadores\/\"><\/div><\/li><li class=\"ssb_linkedin\" style=\"width:64px\"><script src=\"\/\/platform.linkedin.com\/in.js\" type=\"text\/javascript\">lang: en_US<\/script><script type=\"IN\/Share\" data-url=\"https:\/\/www.caritasne2.org.br\/site\/sertao-recebe-encontro-estadual-de-agricultores-experimentadores\/\" data-counter=\"right\"><\/script><\/li><\/ul>","protected":false},"excerpt":{"rendered":"<p>Observa\u00e7\u00e3o, inova\u00e7\u00e3o e experimenta\u00e7\u00e3o. Estas s\u00e3o algumas das t\u00e9cnicas utilizadas por agricultoras e agricultores que moram no Semi\u00e1rido. \u00c9 a partir do manejo da terra e das \u00e1guas, da conserva\u00e7\u00e3o dos recursos naturais e do aproveitamento dos elementos dispon\u00edveis nas propriedades, que as fam\u00edlias rurais conseguem resistir aos efeitos da estiagem e conviver com o clima e as peculiaridades da regi\u00e3o semi\u00e1rida. Todo esse conhecimento [&hellip;]<\/p>\n<ul class=\"ssb_list_wrapper\"><li class=\"fb2\" style=\"width:135px\"><iframe src=\"\/\/www.facebook.com\/plugins\/like.php?href=https%3A%2F%2Fwww.caritasne2.org.br%2Fsite%2Fsertao-recebe-encontro-estadual-de-agricultores-experimentadores%2F&amp;layout=button_count&amp;action=like&amp;show_faces=false&amp;share=true&amp;width=135&amp;height=21&amp;appId=307091639398582\" scrolling=\"no\" frameborder=\"0\" style=\"border:none; overflow:hidden;  width:150px; height:21px;\" allowTransparency=\"true\"><\/iframe><\/li><li class=\"twtr\" style=\"width:90px\"><a href=\"https:\/\/twitter.com\/share\" class=\"twitter-share-button\" data-url=\"https:\/\/www.caritasne2.org.br\/site\/sertao-recebe-encontro-estadual-de-agricultores-experimentadores\/\">&nbsp;<\/a><script>!function(d,s,id){var js,fjs=d.getElementsByTagName(s)[0],p=\/^http:\/.test(d.location)?'http':'https';if(!d.getElementById(id)){js=d.createElement(s);js.id=id;js.src=p+':\/\/platform.twitter.com\/widgets.js';fjs.parentNode.insertBefore(js,fjs);}}(document, 'script', 'twitter-wjs');<\/script><\/li><li class=\"gplus\" style=\"width:68px\"><div class=\"g-plusone\" data-size=\"medium\" data-href=\"https:\/\/www.caritasne2.org.br\/site\/sertao-recebe-encontro-estadual-de-agricultores-experimentadores\/\"><\/div><\/li><li class=\"ssb_linkedin\" style=\"width:64px\"><script src=\"\/\/platform.linkedin.com\/in.js\" type=\"text\/javascript\">lang: en_US<\/script><script type=\"IN\/Share\" data-url=\"https:\/\/www.caritasne2.org.br\/site\/sertao-recebe-encontro-estadual-de-agricultores-experimentadores\/\" data-counter=\"right\"><\/script><\/li><\/ul>","protected":false},"author":4,"featured_media":1353,"comment_status":"open","ping_status":"open","sticky":false,"template":"","format":"standard","meta":[],"categories":[72,20],"tags":[90,113,67,308,100],"_links":{"self":[{"href":"https:\/\/www.caritasne2.org.br\/site\/wp-json\/wp\/v2\/posts\/1345"}],"collection":[{"href":"https:\/\/www.caritasne2.org.br\/site\/wp-json\/wp\/v2\/posts"}],"about":[{"href":"https:\/\/www.caritasne2.org.br\/site\/wp-json\/wp\/v2\/types\/post"}],"author":[{"embeddable":true,"href":"https:\/\/www.caritasne2.org.br\/site\/wp-json\/wp\/v2\/users\/4"}],"replies":[{"embeddable":true,"href":"https:\/\/www.caritasne2.org.br\/site\/wp-json\/wp\/v2\/comments?post=1345"}],"version-history":[{"count":0,"href":"https:\/\/www.caritasne2.org.br\/site\/wp-json\/wp\/v2\/posts\/1345\/revisions"}],"wp:featuredmedia":[{"embeddable":true,"href":"https:\/\/www.caritasne2.org.br\/site\/wp-json\/wp\/v2\/media\/1353"}],"wp:attachment":[{"href":"https:\/\/www.caritasne2.org.br\/site\/wp-json\/wp\/v2\/media?parent=1345"}],"wp:term":[{"taxonomy":"category","embeddable":true,"href":"https:\/\/www.caritasne2.org.br\/site\/wp-json\/wp\/v2\/categories?post=1345"},{"taxonomy":"post_tag","embeddable":true,"href":"https:\/\/www.caritasne2.org.br\/site\/wp-json\/wp\/v2\/tags?post=1345"}],"curies":[{"name":"wp","href":"https:\/\/api.w.org\/{rel}","templated":true}]}}