{"id":13433,"date":"2025-07-14T11:50:33","date_gmt":"2025-07-14T14:50:33","guid":{"rendered":"https:\/\/www.caritasne2.org.br\/site\/?p=13433"},"modified":"2025-07-14T11:54:07","modified_gmt":"2025-07-14T14:54:07","slug":"juventudes-pela-cultura-de-paz-realiza-primeira-oficina-de-comunicacao-popular-com-jovens-de-comunidades-perifericas-em-pernambucona-manha-deste-sabado-jovens-das-comunidades-do-alto-do-brasil-alt","status":"publish","type":"post","link":"https:\/\/www.caritasne2.org.br\/site\/juventudes-pela-cultura-de-paz-realiza-primeira-oficina-de-comunicacao-popular-com-jovens-de-comunidades-perifericas-em-pernambucona-manha-deste-sabado-jovens-das-comunidades-do-alto-do-brasil-alt\/","title":{"rendered":"Juventudes pela Cultura de Paz realiza  primeira oficina de comunica\u00e7\u00e3o popular com jovens de comunidades perif\u00e9ricas em Pernambuco"},"content":{"rendered":"<p>Na manh\u00e3 deste s\u00e1bado, jovens das comunidades do \u00a0Alto do Brasil, Alto Jos\u00e9 Bonif\u00e1cio, Ilha de Deus , Brejo da Guabiraba, \u00a0Berardo, Iputinga e \u00a0Centro do Recife, \u00a0participaram da 1\u00aa Oficina de comunica\u00e7\u00e3o\u00a0 para jovens e educadores populares, promovida pelo projeto <em>Juventudes pela Cultura de Paz<\/em>.<\/p>\n<p>A atividade foi conduzida pelo Coletivo Tururu, que trouxe din\u00e2micas pr\u00e1ticas e trabalhos em grupo envolvendo teatro, r\u00e1dio comunit\u00e1ria, audiovisual e produ\u00e7\u00e3o de fanzines. A proposta foi provocar reflex\u00f5es sobre a comunica\u00e7\u00e3o como ferramenta de transforma\u00e7\u00e3o social, al\u00e9m de estimular a criatividade e a express\u00e3o das juventudes a partir de suas pr\u00f3prias viv\u00eancias e territ\u00f3rios.<\/p>\n<p>Este primeiro encontro est\u00e1 sendo incr\u00edvel para nos conhecermos, e vermos que as nossas diferen\u00e7as se assemelham e muito, mesmo morando em bairros e comunidades distantes. E essas diferen\u00e7as servir\u00e3o de base pra gente construir imagens, m\u00faltiplas imagens e conte\u00fados provocadores que mostrem os desejos e anseios dessas comunidades para que possam lutar pela mudan\u00e7a das suas realidades, comentou Cidicleison Zumba, lideran\u00e7a do Coletivo For\u00e7a Tururu e facilitador da oficina.<\/p>\n<p>Ao todo ser\u00e3o doze oficinas de comunica\u00e7\u00e3o popular com objetivo de produzir, distribuir e consumir informa\u00e7\u00e3o que parte das necessidades, linguagens e viv\u00eancias das comunidades, especialmente as mais perif\u00e9ricas, como linguagem de resist\u00eancia, pertencimento e constru\u00e7\u00e3o coletiva.<\/p>\n<p>As oficinas de comunica\u00e7\u00e3o popular integram as a\u00e7\u00f5es do projeto que tem como foco o protagonismo juvenil e o fortalecimento de iniciativas locais em prol da conviv\u00eancia pac\u00edfica e do bem comum.<\/p>\n<p>Para Jeivson Jos\u00e9, 20 anos, morador da Comunidade Tururu, no bairro do Janga, em Paulista, a expectativa de participar da oficina \u00e9 poder interagir e conhecer\u00a0 outras pessoas, e usar o conhecimento para melhorar a forma de se comunicar. Durante os trabalhos em grupo ele participou do telejornal \u201c O Amarelinho\u201d, semelhantes aos programas sensacionalistas na televis\u00e3o brasileira que \u00a0exploram hist\u00f3rias tr\u00e1gicas ou escandalosas para aumentar a audi\u00eancia.<\/p>\n<p>A pr\u00f3xima oficina acontece em agosto e al\u00e9m das atividades em grupos tamb\u00e9m \u00e9 um espa\u00e7o de escuta, forma\u00e7\u00e3o e a\u00e7\u00e3o coletiva, \u00a0que reafirma a pot\u00eancia das juventudes na constru\u00e7\u00e3o de uma sociedade mais justa, solid\u00e1ria e pac\u00edfica.<\/p>\n<p>O <em>Juventudes pela Cultura de Paz<\/em> \u00e9 uma iniciativa da C\u00e1ritas Brasileira Regional Nordeste 2, em parceria com a C\u00e1ritas Alem\u00e3, e tamb\u00e9m est\u00e1 presente em outros estados do Nordeste, como a Para\u00edba, com o Servi\u00e7o Pastoral dos Migrantes (SPM NE), e Cear\u00e1, com a C\u00e1ritas Regional Cear\u00e1.<\/p>\n<p>&nbsp;<\/p>\n<p><img decoding=\"async\" loading=\"lazy\" class=\" wp-image-13446 aligncenter\" src=\"https:\/\/www.caritasne2.org.br\/site\/wp-content\/uploads\/2025\/07\/1-oficina-de-comunicacao-proj-juventude-pela-cultura-de-paz-13-225x300.jpeg\" alt=\"\" width=\"375\" height=\"500\" srcset=\"https:\/\/www.caritasne2.org.br\/site\/wp-content\/uploads\/2025\/07\/1-oficina-de-comunicacao-proj-juventude-pela-cultura-de-paz-13-225x300.jpeg 225w, https:\/\/www.caritasne2.org.br\/site\/wp-content\/uploads\/2025\/07\/1-oficina-de-comunicacao-proj-juventude-pela-cultura-de-paz-13-768x1024.jpeg 768w, https:\/\/www.caritasne2.org.br\/site\/wp-content\/uploads\/2025\/07\/1-oficina-de-comunicacao-proj-juventude-pela-cultura-de-paz-13.jpeg 960w\" sizes=\"(max-width: 375px) 100vw, 375px\" \/>\u00a0 \u00a0 \u00a0\u00a0<img decoding=\"async\" loading=\"lazy\" class=\"wp-image-13439 aligncenter\" src=\"https:\/\/www.caritasne2.org.br\/site\/wp-content\/uploads\/2025\/07\/1-oficina-de-comunicacao-proj-juventude-pela-cultura-de-paz-6-225x300.jpeg\" alt=\"\" width=\"399\" height=\"532\" srcset=\"https:\/\/www.caritasne2.org.br\/site\/wp-content\/uploads\/2025\/07\/1-oficina-de-comunicacao-proj-juventude-pela-cultura-de-paz-6-225x300.jpeg 225w, https:\/\/www.caritasne2.org.br\/site\/wp-content\/uploads\/2025\/07\/1-oficina-de-comunicacao-proj-juventude-pela-cultura-de-paz-6-768x1024.jpeg 768w, https:\/\/www.caritasne2.org.br\/site\/wp-content\/uploads\/2025\/07\/1-oficina-de-comunicacao-proj-juventude-pela-cultura-de-paz-6-1152x1536.jpeg 1152w, https:\/\/www.caritasne2.org.br\/site\/wp-content\/uploads\/2025\/07\/1-oficina-de-comunicacao-proj-juventude-pela-cultura-de-paz-6.jpeg 1200w\" sizes=\"(max-width: 399px) 100vw, 399px\" \/><\/p>\n<p><img decoding=\"async\" loading=\"lazy\" class=\" wp-image-13435 aligncenter\" src=\"https:\/\/www.caritasne2.org.br\/site\/wp-content\/uploads\/2025\/07\/1-oficina-de-comunicacao-proj-juventude-pela-cultura-de-paz-2-225x300.jpeg\" alt=\"\" width=\"344\" height=\"459\" srcset=\"https:\/\/www.caritasne2.org.br\/site\/wp-content\/uploads\/2025\/07\/1-oficina-de-comunicacao-proj-juventude-pela-cultura-de-paz-2-225x300.jpeg 225w, https:\/\/www.caritasne2.org.br\/site\/wp-content\/uploads\/2025\/07\/1-oficina-de-comunicacao-proj-juventude-pela-cultura-de-paz-2-768x1024.jpeg 768w, https:\/\/www.caritasne2.org.br\/site\/wp-content\/uploads\/2025\/07\/1-oficina-de-comunicacao-proj-juventude-pela-cultura-de-paz-2-1152x1536.jpeg 1152w, https:\/\/www.caritasne2.org.br\/site\/wp-content\/uploads\/2025\/07\/1-oficina-de-comunicacao-proj-juventude-pela-cultura-de-paz-2.jpeg 1200w\" sizes=\"(max-width: 344px) 100vw, 344px\" \/><\/p>\n<p><img decoding=\"async\" loading=\"lazy\" class=\" wp-image-13436 aligncenter\" src=\"https:\/\/www.caritasne2.org.br\/site\/wp-content\/uploads\/2025\/07\/1-oficina-de-comunicacao-proj-juventude-pela-cultura-de-paz-3-300x225.jpeg\" alt=\"\" width=\"491\" height=\"368\" srcset=\"https:\/\/www.caritasne2.org.br\/site\/wp-content\/uploads\/2025\/07\/1-oficina-de-comunicacao-proj-juventude-pela-cultura-de-paz-3-300x225.jpeg 300w, https:\/\/www.caritasne2.org.br\/site\/wp-content\/uploads\/2025\/07\/1-oficina-de-comunicacao-proj-juventude-pela-cultura-de-paz-3-1024x768.jpeg 1024w, https:\/\/www.caritasne2.org.br\/site\/wp-content\/uploads\/2025\/07\/1-oficina-de-comunicacao-proj-juventude-pela-cultura-de-paz-3-768x576.jpeg 768w, https:\/\/www.caritasne2.org.br\/site\/wp-content\/uploads\/2025\/07\/1-oficina-de-comunicacao-proj-juventude-pela-cultura-de-paz-3.jpeg 1280w\" sizes=\"(max-width: 491px) 100vw, 491px\" \/><\/p>\n<p><img decoding=\"async\" loading=\"lazy\" class=\" wp-image-13444 aligncenter\" src=\"https:\/\/www.caritasne2.org.br\/site\/wp-content\/uploads\/2025\/07\/1-oficina-de-comunicacao-proj-juventude-pela-cultura-de-paz-11-225x300.jpeg\" alt=\"\" width=\"343\" height=\"457\" srcset=\"https:\/\/www.caritasne2.org.br\/site\/wp-content\/uploads\/2025\/07\/1-oficina-de-comunicacao-proj-juventude-pela-cultura-de-paz-11-225x300.jpeg 225w, https:\/\/www.caritasne2.org.br\/site\/wp-content\/uploads\/2025\/07\/1-oficina-de-comunicacao-proj-juventude-pela-cultura-de-paz-11-768x1024.jpeg 768w, https:\/\/www.caritasne2.org.br\/site\/wp-content\/uploads\/2025\/07\/1-oficina-de-comunicacao-proj-juventude-pela-cultura-de-paz-11-1152x1536.jpeg 1152w, https:\/\/www.caritasne2.org.br\/site\/wp-content\/uploads\/2025\/07\/1-oficina-de-comunicacao-proj-juventude-pela-cultura-de-paz-11.jpeg 1200w\" sizes=\"(max-width: 343px) 100vw, 343px\" \/><\/p>\n<ul class=\"ssb_list_wrapper\"><li class=\"fb2\" style=\"width:135px\"><iframe src=\"\/\/www.facebook.com\/plugins\/like.php?href=https%3A%2F%2Fwww.caritasne2.org.br%2Fsite%2Fjuventudes-pela-cultura-de-paz-realiza-primeira-oficina-de-comunicacao-popular-com-jovens-de-comunidades-perifericas-em-pernambucona-manha-deste-sabado-jovens-das-comunidades-do-alto-do-brasil-alt%2F&amp;layout=button_count&amp;action=like&amp;show_faces=false&amp;share=true&amp;width=135&amp;height=21&amp;appId=307091639398582\" scrolling=\"no\" frameborder=\"0\" style=\"border:none; overflow:hidden;  width:150px; height:21px;\" allowTransparency=\"true\"><\/iframe><\/li><li class=\"twtr\" style=\"width:90px\"><a href=\"https:\/\/twitter.com\/share\" class=\"twitter-share-button\" data-url=\"https:\/\/www.caritasne2.org.br\/site\/juventudes-pela-cultura-de-paz-realiza-primeira-oficina-de-comunicacao-popular-com-jovens-de-comunidades-perifericas-em-pernambucona-manha-deste-sabado-jovens-das-comunidades-do-alto-do-brasil-alt\/\">&nbsp;<\/a><script>!function(d,s,id){var js,fjs=d.getElementsByTagName(s)[0],p=\/^http:\/.test(d.location)?'http':'https';if(!d.getElementById(id)){js=d.createElement(s);js.id=id;js.src=p+':\/\/platform.twitter.com\/widgets.js';fjs.parentNode.insertBefore(js,fjs);}}(document, 'script', 'twitter-wjs');<\/script><\/li><li class=\"gplus\" style=\"width:68px\"><div class=\"g-plusone\" data-size=\"medium\" data-href=\"https:\/\/www.caritasne2.org.br\/site\/juventudes-pela-cultura-de-paz-realiza-primeira-oficina-de-comunicacao-popular-com-jovens-de-comunidades-perifericas-em-pernambucona-manha-deste-sabado-jovens-das-comunidades-do-alto-do-brasil-alt\/\"><\/div><\/li><li class=\"ssb_linkedin\" style=\"width:64px\"><script src=\"\/\/platform.linkedin.com\/in.js\" type=\"text\/javascript\">lang: en_US<\/script><script type=\"IN\/Share\" data-url=\"https:\/\/www.caritasne2.org.br\/site\/juventudes-pela-cultura-de-paz-realiza-primeira-oficina-de-comunicacao-popular-com-jovens-de-comunidades-perifericas-em-pernambucona-manha-deste-sabado-jovens-das-comunidades-do-alto-do-brasil-alt\/\" data-counter=\"right\"><\/script><\/li><\/ul>","protected":false},"excerpt":{"rendered":"<p>Na manh\u00e3 deste s\u00e1bado, jovens das comunidades do \u00a0Alto do Brasil, Alto Jos\u00e9 Bonif\u00e1cio, Ilha de Deus , Brejo da Guabiraba, \u00a0Berardo, Iputinga e \u00a0Centro do Recife, \u00a0participaram da 1\u00aa Oficina de comunica\u00e7\u00e3o\u00a0 para jovens e educadores populares, promovida pelo projeto Juventudes pela Cultura de Paz. A atividade foi conduzida pelo Coletivo Tururu, que trouxe din\u00e2micas pr\u00e1ticas e trabalhos em grupo envolvendo teatro, r\u00e1dio comunit\u00e1ria, [&hellip;]<\/p>\n<ul class=\"ssb_list_wrapper\"><li class=\"fb2\" style=\"width:135px\"><iframe src=\"\/\/www.facebook.com\/plugins\/like.php?href=https%3A%2F%2Fwww.caritasne2.org.br%2Fsite%2Fjuventudes-pela-cultura-de-paz-realiza-primeira-oficina-de-comunicacao-popular-com-jovens-de-comunidades-perifericas-em-pernambucona-manha-deste-sabado-jovens-das-comunidades-do-alto-do-brasil-alt%2F&amp;layout=button_count&amp;action=like&amp;show_faces=false&amp;share=true&amp;width=135&amp;height=21&amp;appId=307091639398582\" scrolling=\"no\" frameborder=\"0\" style=\"border:none; overflow:hidden;  width:150px; height:21px;\" allowTransparency=\"true\"><\/iframe><\/li><li class=\"twtr\" style=\"width:90px\"><a href=\"https:\/\/twitter.com\/share\" class=\"twitter-share-button\" data-url=\"https:\/\/www.caritasne2.org.br\/site\/juventudes-pela-cultura-de-paz-realiza-primeira-oficina-de-comunicacao-popular-com-jovens-de-comunidades-perifericas-em-pernambucona-manha-deste-sabado-jovens-das-comunidades-do-alto-do-brasil-alt\/\">&nbsp;<\/a><script>!function(d,s,id){var js,fjs=d.getElementsByTagName(s)[0],p=\/^http:\/.test(d.location)?'http':'https';if(!d.getElementById(id)){js=d.createElement(s);js.id=id;js.src=p+':\/\/platform.twitter.com\/widgets.js';fjs.parentNode.insertBefore(js,fjs);}}(document, 'script', 'twitter-wjs');<\/script><\/li><li class=\"gplus\" style=\"width:68px\"><div class=\"g-plusone\" data-size=\"medium\" data-href=\"https:\/\/www.caritasne2.org.br\/site\/juventudes-pela-cultura-de-paz-realiza-primeira-oficina-de-comunicacao-popular-com-jovens-de-comunidades-perifericas-em-pernambucona-manha-deste-sabado-jovens-das-comunidades-do-alto-do-brasil-alt\/\"><\/div><\/li><li class=\"ssb_linkedin\" style=\"width:64px\"><script src=\"\/\/platform.linkedin.com\/in.js\" type=\"text\/javascript\">lang: en_US<\/script><script type=\"IN\/Share\" data-url=\"https:\/\/www.caritasne2.org.br\/site\/juventudes-pela-cultura-de-paz-realiza-primeira-oficina-de-comunicacao-popular-com-jovens-de-comunidades-perifericas-em-pernambucona-manha-deste-sabado-jovens-das-comunidades-do-alto-do-brasil-alt\/\" data-counter=\"right\"><\/script><\/li><\/ul>","protected":false},"author":4,"featured_media":13441,"comment_status":"open","ping_status":"open","sticky":false,"template":"","format":"standard","meta":[],"categories":[72,21,20],"tags":[],"_links":{"self":[{"href":"https:\/\/www.caritasne2.org.br\/site\/wp-json\/wp\/v2\/posts\/13433"}],"collection":[{"href":"https:\/\/www.caritasne2.org.br\/site\/wp-json\/wp\/v2\/posts"}],"about":[{"href":"https:\/\/www.caritasne2.org.br\/site\/wp-json\/wp\/v2\/types\/post"}],"author":[{"embeddable":true,"href":"https:\/\/www.caritasne2.org.br\/site\/wp-json\/wp\/v2\/users\/4"}],"replies":[{"embeddable":true,"href":"https:\/\/www.caritasne2.org.br\/site\/wp-json\/wp\/v2\/comments?post=13433"}],"version-history":[{"count":3,"href":"https:\/\/www.caritasne2.org.br\/site\/wp-json\/wp\/v2\/posts\/13433\/revisions"}],"predecessor-version":[{"id":13450,"href":"https:\/\/www.caritasne2.org.br\/site\/wp-json\/wp\/v2\/posts\/13433\/revisions\/13450"}],"wp:featuredmedia":[{"embeddable":true,"href":"https:\/\/www.caritasne2.org.br\/site\/wp-json\/wp\/v2\/media\/13441"}],"wp:attachment":[{"href":"https:\/\/www.caritasne2.org.br\/site\/wp-json\/wp\/v2\/media?parent=13433"}],"wp:term":[{"taxonomy":"category","embeddable":true,"href":"https:\/\/www.caritasne2.org.br\/site\/wp-json\/wp\/v2\/categories?post=13433"},{"taxonomy":"post_tag","embeddable":true,"href":"https:\/\/www.caritasne2.org.br\/site\/wp-json\/wp\/v2\/tags?post=13433"}],"curies":[{"name":"wp","href":"https:\/\/api.w.org\/{rel}","templated":true}]}}