{"id":13427,"date":"2025-07-14T15:00:27","date_gmt":"2025-07-14T18:00:27","guid":{"rendered":"https:\/\/www.caritasne2.org.br\/site\/?p=13427"},"modified":"2025-07-14T14:18:47","modified_gmt":"2025-07-14T17:18:47","slug":"formacoes-reforcam-acoes-do-projeto-aguas-para-educar-nos-territorios","status":"publish","type":"post","link":"https:\/\/www.caritasne2.org.br\/site\/formacoes-reforcam-acoes-do-projeto-aguas-para-educar-nos-territorios\/","title":{"rendered":"Oficinas sobre reuso de \u00e1gua e DRP ampliam impacto do \u00c1guas para Educar  no Regional NE2"},"content":{"rendered":"<p style=\"text-align: justify;\"><img decoding=\"async\" loading=\"lazy\" class=\"alignright size-medium wp-image-13429\" src=\"https:\/\/www.caritasne2.org.br\/site\/wp-content\/uploads\/2025\/07\/WhatsApp-Image-2025-07-09-at-10.14.56-300x225.jpeg\" alt=\"\" width=\"300\" height=\"225\" srcset=\"https:\/\/www.caritasne2.org.br\/site\/wp-content\/uploads\/2025\/07\/WhatsApp-Image-2025-07-09-at-10.14.56-300x225.jpeg 300w, https:\/\/www.caritasne2.org.br\/site\/wp-content\/uploads\/2025\/07\/WhatsApp-Image-2025-07-09-at-10.14.56-1024x768.jpeg 1024w, https:\/\/www.caritasne2.org.br\/site\/wp-content\/uploads\/2025\/07\/WhatsApp-Image-2025-07-09-at-10.14.56-768x576.jpeg 768w, https:\/\/www.caritasne2.org.br\/site\/wp-content\/uploads\/2025\/07\/WhatsApp-Image-2025-07-09-at-10.14.56.jpeg 1280w\" sizes=\"(max-width: 300px) 100vw, 300px\" \/>As entidades participantes do projeto \u00c1guas para educar realizaram, na semana passada, oficinas sobre Diagn\u00f3stico R\u00e1pido Participativo (DRP) e sobre implementa\u00e7\u00e3o do Sistema de Reuso de \u00c1gua (Bio\u00e1gua). As forma\u00e7\u00f5es aconteceram no territ\u00f3rio da C\u00e1ritas Diocesana de Caic\u00f3\u2013RN, entre os dias 7 e 10 de julho. O projeto, desenvolvido pela C\u00e1ritas Brasileira Regional Nordeste 2 em parceria com a Funda\u00e7\u00e3o Coca-Cola Brasil, busca fomentar a autonomia das escolas no acesso \u00e0 \u00e1gua de qualidade.<\/p>\n<p style=\"text-align: justify;\">As atividades contaram com entidades membros do Regional que ir\u00e3o executar o projeto em seus territ\u00f3rios. S\u00e3o elas: Funda\u00e7\u00e3o Monsenhor <img decoding=\"async\" loading=\"lazy\" class=\"alignright size-medium wp-image-13430\" src=\"https:\/\/www.caritasne2.org.br\/site\/wp-content\/uploads\/2025\/07\/WhatsApp-Image-2025-07-09-at-10.14.59-300x225.jpeg\" alt=\"\" width=\"300\" height=\"225\" srcset=\"https:\/\/www.caritasne2.org.br\/site\/wp-content\/uploads\/2025\/07\/WhatsApp-Image-2025-07-09-at-10.14.59-300x225.jpeg 300w, https:\/\/www.caritasne2.org.br\/site\/wp-content\/uploads\/2025\/07\/WhatsApp-Image-2025-07-09-at-10.14.59-1024x768.jpeg 1024w, https:\/\/www.caritasne2.org.br\/site\/wp-content\/uploads\/2025\/07\/WhatsApp-Image-2025-07-09-at-10.14.59-768x576.jpeg 768w, https:\/\/www.caritasne2.org.br\/site\/wp-content\/uploads\/2025\/07\/WhatsApp-Image-2025-07-09-at-10.14.59.jpeg 1280w\" sizes=\"(max-width: 300px) 100vw, 300px\" \/>Petronilo Pedrosa (PE), C\u00e1ritas Arquidiocesana de Macei\u00f3 e C\u00e1ritas Diocesana de Palmeira dos \u00cdndios (AL), C\u00e1ritas Diocesana de Guarabira (PB) e C\u00e1ritas Diocesana de Caic\u00f3 (RN). Voltadas para os t\u00e9cnicos e pedreiros destas entidades, elas ajudaram na capacita\u00e7\u00e3o e refor\u00e7o das a\u00e7\u00f5es.<\/p>\n<p style=\"text-align: justify;\">O Diagn\u00f3stico R\u00e1pido Participativo \u00e9 uma metodologia que busca envolver a comunidade no processo de an\u00e1lise e identifica\u00e7\u00e3o de suas pr\u00f3prias necessidades e potencialidades. A inten\u00e7\u00e3o \u00e9 priorizar a participa\u00e7\u00e3o ativa da comunidade para entender a realidade local. Realizada nos dias 7 e 8, a oficina buscou integrar os conhecimentos de <img decoding=\"async\" loading=\"lazy\" class=\"alignright size-medium wp-image-13431\" src=\"https:\/\/www.caritasne2.org.br\/site\/wp-content\/uploads\/2025\/07\/WhatsApp-Image-2025-07-10-at-21.54.39-2-300x225.jpeg\" alt=\"\" width=\"300\" height=\"225\" srcset=\"https:\/\/www.caritasne2.org.br\/site\/wp-content\/uploads\/2025\/07\/WhatsApp-Image-2025-07-10-at-21.54.39-2-300x225.jpeg 300w, https:\/\/www.caritasne2.org.br\/site\/wp-content\/uploads\/2025\/07\/WhatsApp-Image-2025-07-10-at-21.54.39-2-1024x768.jpeg 1024w, https:\/\/www.caritasne2.org.br\/site\/wp-content\/uploads\/2025\/07\/WhatsApp-Image-2025-07-10-at-21.54.39-2-768x576.jpeg 768w, https:\/\/www.caritasne2.org.br\/site\/wp-content\/uploads\/2025\/07\/WhatsApp-Image-2025-07-10-at-21.54.39-2-1536x1152.jpeg 1536w, https:\/\/www.caritasne2.org.br\/site\/wp-content\/uploads\/2025\/07\/WhatsApp-Image-2025-07-10-at-21.54.39-2-2048x1536.jpeg 2048w\" sizes=\"(max-width: 300px) 100vw, 300px\" \/>todas as entidades envolvidas no projeto para melhor execu\u00e7\u00e3o do processo, de maneira coletiva.<\/p>\n<p style=\"text-align: justify;\">Nos dias seguintes, foi a vez de ampliar os conhecimentos sobre o Sistema de Reuso de \u00c1gua, tecnologia social que garante tratamento e reutiliza\u00e7\u00e3o de \u00e1guas cinzas. A oficina foi desenvolvida em duas etapas: te\u00f3rica e pr\u00e1tica, esta \u00faltima realizada na Universidade Estadual do Rio Grande do Norte-UERN.<\/p>\n<p style=\"text-align: justify;\">&#8220;\u00c9 um projeto que a cada dia vai modificando e \u00e9 importante a gente aprender coisas novas, como o fundo falso do Sistema de Bio\u00e1gua, que a gente n\u00e3o conhecia. \u00c9 muito bom conhecer estas tecnologias que facilitam a vida da gente, que \u00e9 pequeno agricultor&#8221;, afirma Seu Risonaldo, pedreiro pela C\u00e1ritas Diocesana de Guarabira (PB).<\/p>\n<p style=\"text-align: justify;\">A implanta\u00e7\u00e3o deste sistema em escolas p\u00fablicas, da zona rural ou urbana, \u00e9 uma das a\u00e7\u00f5es previstas pelo Projeto \u00c1guas para Educar. O projeto tamb\u00e9m inclui outras tecnologias de amplia\u00e7\u00e3o do acesso \u00e0 \u00e1gua, como a Cisterna com capacidade para 52 mil litros. Incentiva, ainda, as pr\u00e1ticas sustent\u00e1veis de alimenta\u00e7\u00e3o saud\u00e1vel e preserva\u00e7\u00e3o ambiental, com instala\u00e7\u00e3o de hortas ou pomares nas institui\u00e7\u00f5es de ensino.<\/p>\n<p style=\"text-align: justify;\">\u201cOs pr\u00f3ximos passos s\u00e3o a realiza\u00e7\u00e3o dos Encontros Territoriais e Forma\u00e7\u00f5es com as escolas beneficiadas em v\u00e1rios munic\u00edpios e in\u00edcio das implanta\u00e7\u00f5es das tecnologias\u201d, informa Aparecida\u00a0 Barbosa, coordenadora do projeto.<\/p>\n<ul class=\"ssb_list_wrapper\"><li class=\"fb2\" style=\"width:135px\"><iframe src=\"\/\/www.facebook.com\/plugins\/like.php?href=https%3A%2F%2Fwww.caritasne2.org.br%2Fsite%2Fformacoes-reforcam-acoes-do-projeto-aguas-para-educar-nos-territorios%2F&amp;layout=button_count&amp;action=like&amp;show_faces=false&amp;share=true&amp;width=135&amp;height=21&amp;appId=307091639398582\" scrolling=\"no\" frameborder=\"0\" style=\"border:none; overflow:hidden;  width:150px; height:21px;\" allowTransparency=\"true\"><\/iframe><\/li><li class=\"twtr\" style=\"width:90px\"><a href=\"https:\/\/twitter.com\/share\" class=\"twitter-share-button\" data-url=\"https:\/\/www.caritasne2.org.br\/site\/formacoes-reforcam-acoes-do-projeto-aguas-para-educar-nos-territorios\/\">&nbsp;<\/a><script>!function(d,s,id){var js,fjs=d.getElementsByTagName(s)[0],p=\/^http:\/.test(d.location)?'http':'https';if(!d.getElementById(id)){js=d.createElement(s);js.id=id;js.src=p+':\/\/platform.twitter.com\/widgets.js';fjs.parentNode.insertBefore(js,fjs);}}(document, 'script', 'twitter-wjs');<\/script><\/li><li class=\"gplus\" style=\"width:68px\"><div class=\"g-plusone\" data-size=\"medium\" data-href=\"https:\/\/www.caritasne2.org.br\/site\/formacoes-reforcam-acoes-do-projeto-aguas-para-educar-nos-territorios\/\"><\/div><\/li><li class=\"ssb_linkedin\" style=\"width:64px\"><script src=\"\/\/platform.linkedin.com\/in.js\" type=\"text\/javascript\">lang: en_US<\/script><script type=\"IN\/Share\" data-url=\"https:\/\/www.caritasne2.org.br\/site\/formacoes-reforcam-acoes-do-projeto-aguas-para-educar-nos-territorios\/\" data-counter=\"right\"><\/script><\/li><\/ul>","protected":false},"excerpt":{"rendered":"<p>As entidades participantes do projeto \u00c1guas para educar realizaram, na semana passada, oficinas sobre Diagn\u00f3stico R\u00e1pido Participativo (DRP) e sobre implementa\u00e7\u00e3o do Sistema de Reuso de \u00c1gua (Bio\u00e1gua). As forma\u00e7\u00f5es aconteceram no territ\u00f3rio da C\u00e1ritas Diocesana de Caic\u00f3\u2013RN, entre os dias 7 e 10 de julho. O projeto, desenvolvido pela C\u00e1ritas Brasileira Regional Nordeste 2 em parceria com a Funda\u00e7\u00e3o Coca-Cola Brasil, busca fomentar a [&hellip;]<\/p>\n<ul class=\"ssb_list_wrapper\"><li class=\"fb2\" style=\"width:135px\"><iframe src=\"\/\/www.facebook.com\/plugins\/like.php?href=https%3A%2F%2Fwww.caritasne2.org.br%2Fsite%2Fformacoes-reforcam-acoes-do-projeto-aguas-para-educar-nos-territorios%2F&amp;layout=button_count&amp;action=like&amp;show_faces=false&amp;share=true&amp;width=135&amp;height=21&amp;appId=307091639398582\" scrolling=\"no\" frameborder=\"0\" style=\"border:none; overflow:hidden;  width:150px; height:21px;\" allowTransparency=\"true\"><\/iframe><\/li><li class=\"twtr\" style=\"width:90px\"><a href=\"https:\/\/twitter.com\/share\" class=\"twitter-share-button\" data-url=\"https:\/\/www.caritasne2.org.br\/site\/formacoes-reforcam-acoes-do-projeto-aguas-para-educar-nos-territorios\/\">&nbsp;<\/a><script>!function(d,s,id){var js,fjs=d.getElementsByTagName(s)[0],p=\/^http:\/.test(d.location)?'http':'https';if(!d.getElementById(id)){js=d.createElement(s);js.id=id;js.src=p+':\/\/platform.twitter.com\/widgets.js';fjs.parentNode.insertBefore(js,fjs);}}(document, 'script', 'twitter-wjs');<\/script><\/li><li class=\"gplus\" style=\"width:68px\"><div class=\"g-plusone\" data-size=\"medium\" data-href=\"https:\/\/www.caritasne2.org.br\/site\/formacoes-reforcam-acoes-do-projeto-aguas-para-educar-nos-territorios\/\"><\/div><\/li><li class=\"ssb_linkedin\" style=\"width:64px\"><script src=\"\/\/platform.linkedin.com\/in.js\" type=\"text\/javascript\">lang: en_US<\/script><script type=\"IN\/Share\" data-url=\"https:\/\/www.caritasne2.org.br\/site\/formacoes-reforcam-acoes-do-projeto-aguas-para-educar-nos-territorios\/\" data-counter=\"right\"><\/script><\/li><\/ul>","protected":false},"author":4,"featured_media":13428,"comment_status":"open","ping_status":"open","sticky":false,"template":"","format":"standard","meta":[],"categories":[21,20],"tags":[904,878,1246],"_links":{"self":[{"href":"https:\/\/www.caritasne2.org.br\/site\/wp-json\/wp\/v2\/posts\/13427"}],"collection":[{"href":"https:\/\/www.caritasne2.org.br\/site\/wp-json\/wp\/v2\/posts"}],"about":[{"href":"https:\/\/www.caritasne2.org.br\/site\/wp-json\/wp\/v2\/types\/post"}],"author":[{"embeddable":true,"href":"https:\/\/www.caritasne2.org.br\/site\/wp-json\/wp\/v2\/users\/4"}],"replies":[{"embeddable":true,"href":"https:\/\/www.caritasne2.org.br\/site\/wp-json\/wp\/v2\/comments?post=13427"}],"version-history":[{"count":3,"href":"https:\/\/www.caritasne2.org.br\/site\/wp-json\/wp\/v2\/posts\/13427\/revisions"}],"predecessor-version":[{"id":13452,"href":"https:\/\/www.caritasne2.org.br\/site\/wp-json\/wp\/v2\/posts\/13427\/revisions\/13452"}],"wp:featuredmedia":[{"embeddable":true,"href":"https:\/\/www.caritasne2.org.br\/site\/wp-json\/wp\/v2\/media\/13428"}],"wp:attachment":[{"href":"https:\/\/www.caritasne2.org.br\/site\/wp-json\/wp\/v2\/media?parent=13427"}],"wp:term":[{"taxonomy":"category","embeddable":true,"href":"https:\/\/www.caritasne2.org.br\/site\/wp-json\/wp\/v2\/categories?post=13427"},{"taxonomy":"post_tag","embeddable":true,"href":"https:\/\/www.caritasne2.org.br\/site\/wp-json\/wp\/v2\/tags?post=13427"}],"curies":[{"name":"wp","href":"https:\/\/api.w.org\/{rel}","templated":true}]}}