{"id":13388,"date":"2025-06-20T11:08:13","date_gmt":"2025-06-20T14:08:13","guid":{"rendered":"https:\/\/www.caritasne2.org.br\/site\/?p=13388"},"modified":"2025-06-20T11:08:13","modified_gmt":"2025-06-20T14:08:13","slug":"liderancas-e-coletivos-impactados-pelo-afundamento-do-solo-em-maceio-concluem-formacao-sobre-organizacao-comunitaria-para-constituicao-de-oscs-e-prevencao-de-abusos-sexuais-realizadas-pela-caritas-n","status":"publish","type":"post","link":"https:\/\/www.caritasne2.org.br\/site\/liderancas-e-coletivos-impactados-pelo-afundamento-do-solo-em-maceio-concluem-formacao-sobre-organizacao-comunitaria-para-constituicao-de-oscs-e-prevencao-de-abusos-sexuais-realizadas-pela-caritas-n\/","title":{"rendered":"Lideran\u00e7as e Coletivos impactados pelo afundamento do solo, em Macei\u00f3, concluem forma\u00e7\u00e3o sobre organiza\u00e7\u00e3o comunit\u00e1ria para constitui\u00e7\u00e3o de OSCs e preven\u00e7\u00e3o de abusos sexuais realizadas pela C\u00e1ritas NE2"},"content":{"rendered":"<p style=\"text-align: justify;\">\u00a0Na \u00faltima quarta, 18, a C\u00e1ritas Brasileira NE2 realizou encontro de encerramento dos cursos sobre Organiza\u00e7\u00e3o Comunit\u00e1ria e Desenvolvimento de Projetos de Repara\u00e7\u00e3o de Danos extra patrimonias, bem como da Oficina sobre Prote\u00e7\u00e3o e Preven\u00e7\u00e3o ao Abuso Sexual e \u00e0 Explora\u00e7\u00e3o Sexual (PSEA).<\/p>\n<p style=\"text-align: justify;\">Iniciativas, promovidas pela C\u00e1ritas NE2 por meio do projeto Forma\u00e7\u00e3o\u00a0de\u00a0Lideran\u00e7as\u00a0e Coletivos em Organiza\u00e7\u00e3o Comunit\u00e1ria, uma parceria com o Programa Nosso Ch\u00e3o, Nossa Hist\u00f3ria, t\u00eam sido fundamentais para fortalecer a capacidade das coletivos afetados pelo afundamento do solo em Macei\u00f3.<\/p>\n<p style=\"text-align: justify;\">Durante os cursos, os participantes tiveram a oportunidade de se aprofundar em temas essenciais, como a Organiza\u00e7\u00e3o comunit\u00e1ria para constitui\u00e7\u00e3o de Organiza\u00e7\u00e3o da Sociedade Civil (OSCs) e desenvolvimento de projetos de repara\u00e7\u00e3o de danos, participa\u00e7\u00e3o e controle social constitui\u00e7\u00e3o de Organiza\u00e7\u00f5es da Sociedade Civil (OSC).Por meio de metodologias participativas, conseguimos fomentar um ambiente de aprendizado colaborativo, onde cada voz foi escutada e valorizada, um passo crucial para a constru\u00e7\u00e3o de um futuro mais justo e igualit\u00e1rio.<\/p>\n<p style=\"text-align: justify;\">Para Sara Pessoa, facilitadora do curso de Organiza\u00e7\u00e3o da Sociedade Civil (OSCs) e desenvolvimento de projetos de repara\u00e7\u00e3o de danos, participa\u00e7\u00e3o e controle social, o resultado do curso foi excelente pois foi o momento de muita troca\u00a0e constru\u00e7\u00e3o coletiva, comenta.<\/p>\n<p style=\"text-align: justify;\">Al\u00e9m disso, a Oficina sobre Prote\u00e7\u00e3o\/Preven\u00e7\u00e3o ao Abuso Sexual e \u00e0 Explora\u00e7\u00e3o Sexual (PSEA) proporcionou um espa\u00e7o seguro para discutir quest\u00f5es sens\u00edveis e desenvolver estrat\u00e9gias de prote\u00e7\u00e3o para as pessoas em nossas comunidades. A preven\u00e7\u00e3o ao abuso e \u00e0 explora\u00e7\u00e3o sexual \u00e9 uma responsabilidade coletiva, e estamos comprometidos em formar nossos participantes para que possam atuar como agentes de mudan\u00e7a em suas localidades e coletivos organizados.<\/p>\n<p style=\"text-align: justify;\">Para Dona Lourivane Correia Teixeira, marisqueira, moradora do bairro Benedito Bentes 2, lideran\u00e7a do coletivo Projeto Marisqueira do Sorriso I, afetada pela trag\u00e9dia ambiental, participou\u00a0 do curso de PSEA que fala da hist\u00f3ria do grupo de lutas, dores e viola\u00e7\u00f5es de direitos para a comunidade. \u201dQuando nos unirmos e n\u00e3o olhar para cor, ra\u00e7a, sexualidade, \u00e9 que teremos alguma esperan\u00e7a para garantia dos nossos direitos. Vamos persistir na luta porque ela n\u00e3o vai acabar t\u00e3o cedo, e enquanto tivermos for\u00e7as e \u00a0unidos ainda h\u00e1 esperan\u00e7a\u201d, comenta.<\/p>\n<p style=\"text-align: justify;\">Esta iniciativa est\u00e1 alinhada com a \u00e1rea de\u00a0 Meio Ambiente Gest\u00e3o de Riscos e Emerg\u00eancias (MAGRE), e reflete o compromisso da C\u00e1ritas e de todos os parceiros envolvidos em promover a repara\u00e7\u00e3o de danos morais coletivos e a reconstru\u00e7\u00e3o do tecido social, construindo um caminho de esperan\u00e7a e resili\u00eancia, onde a participa\u00e7\u00e3o ativa da comunidade \u00e9 a chave para a transforma\u00e7\u00e3o social.<\/p>\n<p style=\"text-align: justify;\">\u201cEstes cursos s\u00e3o os primeiros passos para uma caminhada de muita luta, repara\u00e7\u00e3o de danos, e garantia de direitos. O papel de voc\u00eas \u00e9 importante para a continuidade desses encontros, para que outros coletivos e organiza\u00e7\u00e3o possam se organizar, aprender, trocar experi\u00eancias, dores, desafios \u00a0\u00a0em trag\u00e9dia que atingiu sessenta mil\u00a0pessoas\u00a0na cidade de Macei\u00f3\u201d, comenta Marilene Ozana, assessora t\u00e9cnica do projeto.<\/p>\n<p style=\"text-align: justify;\">A \u00a0C\u00e1ritas Regional Nordeste 2 \u00e9 uma organiza\u00e7\u00e3o parceira do Programa Nosso Ch\u00e3o, Nossa Hist\u00f3ria, uma iniciativa realizada pelo Comit\u00ea Gestor dos Danos Extrapatrimoniais (CGDE) e o UNOPS\/ONU voltada \u00e0 repara\u00e7\u00e3o de danos morais coletivos causados pelo afundamento do solo em Macei\u00f3. As atividades e a\u00e7\u00f5es realizadas pelos parceiros refletem suas pr\u00f3prias abordagens e responsabilidades, alinhadas aos objetivos do Programa.<\/p>\n<p>&nbsp;<\/p>\n<p><img decoding=\"async\" loading=\"lazy\" class=\" wp-image-13400 aligncenter\" src=\"https:\/\/www.caritasne2.org.br\/site\/wp-content\/uploads\/2025\/06\/fotos-encerramento-cursos-11-300x225.jpeg\" alt=\"\" width=\"459\" height=\"344\" srcset=\"https:\/\/www.caritasne2.org.br\/site\/wp-content\/uploads\/2025\/06\/fotos-encerramento-cursos-11-300x225.jpeg 300w, https:\/\/www.caritasne2.org.br\/site\/wp-content\/uploads\/2025\/06\/fotos-encerramento-cursos-11-1024x768.jpeg 1024w, https:\/\/www.caritasne2.org.br\/site\/wp-content\/uploads\/2025\/06\/fotos-encerramento-cursos-11-768x576.jpeg 768w, https:\/\/www.caritasne2.org.br\/site\/wp-content\/uploads\/2025\/06\/fotos-encerramento-cursos-11.jpeg 1280w\" sizes=\"(max-width: 459px) 100vw, 459px\" \/><\/p>\n<p><img decoding=\"async\" loading=\"lazy\" class=\" wp-image-13397 aligncenter\" src=\"https:\/\/www.caritasne2.org.br\/site\/wp-content\/uploads\/2025\/06\/fotos-encerramento-cursos-8-225x300.jpeg\" alt=\"\" width=\"400\" height=\"533\" srcset=\"https:\/\/www.caritasne2.org.br\/site\/wp-content\/uploads\/2025\/06\/fotos-encerramento-cursos-8-225x300.jpeg 225w, https:\/\/www.caritasne2.org.br\/site\/wp-content\/uploads\/2025\/06\/fotos-encerramento-cursos-8-768x1024.jpeg 768w, https:\/\/www.caritasne2.org.br\/site\/wp-content\/uploads\/2025\/06\/fotos-encerramento-cursos-8.jpeg 960w\" sizes=\"(max-width: 400px) 100vw, 400px\" \/><\/p>\n<p><img decoding=\"async\" loading=\"lazy\" class=\" wp-image-13391 aligncenter\" src=\"https:\/\/www.caritasne2.org.br\/site\/wp-content\/uploads\/2025\/06\/fotos-encerramento-cursos-2-300x225.jpeg\" alt=\"\" width=\"469\" height=\"352\" srcset=\"https:\/\/www.caritasne2.org.br\/site\/wp-content\/uploads\/2025\/06\/fotos-encerramento-cursos-2-300x225.jpeg 300w, https:\/\/www.caritasne2.org.br\/site\/wp-content\/uploads\/2025\/06\/fotos-encerramento-cursos-2-1024x768.jpeg 1024w, https:\/\/www.caritasne2.org.br\/site\/wp-content\/uploads\/2025\/06\/fotos-encerramento-cursos-2-768x576.jpeg 768w, https:\/\/www.caritasne2.org.br\/site\/wp-content\/uploads\/2025\/06\/fotos-encerramento-cursos-2.jpeg 1280w\" sizes=\"(max-width: 469px) 100vw, 469px\" \/><\/p>\n<p><img decoding=\"async\" loading=\"lazy\" class=\" wp-image-13390 aligncenter\" src=\"https:\/\/www.caritasne2.org.br\/site\/wp-content\/uploads\/2025\/06\/fotos-encerramento-cursos-1-225x300.jpeg\" alt=\"\" width=\"366\" height=\"488\" srcset=\"https:\/\/www.caritasne2.org.br\/site\/wp-content\/uploads\/2025\/06\/fotos-encerramento-cursos-1-225x300.jpeg 225w, https:\/\/www.caritasne2.org.br\/site\/wp-content\/uploads\/2025\/06\/fotos-encerramento-cursos-1-768x1024.jpeg 768w, https:\/\/www.caritasne2.org.br\/site\/wp-content\/uploads\/2025\/06\/fotos-encerramento-cursos-1-1152x1536.jpeg 1152w, https:\/\/www.caritasne2.org.br\/site\/wp-content\/uploads\/2025\/06\/fotos-encerramento-cursos-1.jpeg 1200w\" sizes=\"(max-width: 366px) 100vw, 366px\" \/><\/p>\n<p><img decoding=\"async\" loading=\"lazy\" class=\" wp-image-13394 aligncenter\" src=\"https:\/\/www.caritasne2.org.br\/site\/wp-content\/uploads\/2025\/06\/fotos-encerramento-cursos-5-225x300.jpeg\" alt=\"\" width=\"374\" height=\"498\" srcset=\"https:\/\/www.caritasne2.org.br\/site\/wp-content\/uploads\/2025\/06\/fotos-encerramento-cursos-5-225x300.jpeg 225w, https:\/\/www.caritasne2.org.br\/site\/wp-content\/uploads\/2025\/06\/fotos-encerramento-cursos-5-768x1024.jpeg 768w, https:\/\/www.caritasne2.org.br\/site\/wp-content\/uploads\/2025\/06\/fotos-encerramento-cursos-5.jpeg 960w\" sizes=\"(max-width: 374px) 100vw, 374px\" \/><\/p>\n<p><img decoding=\"async\" loading=\"lazy\" class=\" wp-image-13396 aligncenter\" src=\"https:\/\/www.caritasne2.org.br\/site\/wp-content\/uploads\/2025\/06\/fotos-encerramento-cursos-7-300x225.jpeg\" alt=\"\" width=\"424\" height=\"318\" srcset=\"https:\/\/www.caritasne2.org.br\/site\/wp-content\/uploads\/2025\/06\/fotos-encerramento-cursos-7-300x225.jpeg 300w, https:\/\/www.caritasne2.org.br\/site\/wp-content\/uploads\/2025\/06\/fotos-encerramento-cursos-7-1024x768.jpeg 1024w, https:\/\/www.caritasne2.org.br\/site\/wp-content\/uploads\/2025\/06\/fotos-encerramento-cursos-7-768x576.jpeg 768w, https:\/\/www.caritasne2.org.br\/site\/wp-content\/uploads\/2025\/06\/fotos-encerramento-cursos-7.jpeg 1280w\" sizes=\"(max-width: 424px) 100vw, 424px\" \/><\/p>\n<p><img decoding=\"async\" loading=\"lazy\" class=\" wp-image-13399 aligncenter\" src=\"https:\/\/www.caritasne2.org.br\/site\/wp-content\/uploads\/2025\/06\/fotos-encerramento-cursos-10-300x225.jpeg\" alt=\"\" width=\"448\" height=\"336\" srcset=\"https:\/\/www.caritasne2.org.br\/site\/wp-content\/uploads\/2025\/06\/fotos-encerramento-cursos-10-300x225.jpeg 300w, https:\/\/www.caritasne2.org.br\/site\/wp-content\/uploads\/2025\/06\/fotos-encerramento-cursos-10-1024x768.jpeg 1024w, https:\/\/www.caritasne2.org.br\/site\/wp-content\/uploads\/2025\/06\/fotos-encerramento-cursos-10-768x576.jpeg 768w, https:\/\/www.caritasne2.org.br\/site\/wp-content\/uploads\/2025\/06\/fotos-encerramento-cursos-10.jpeg 1280w\" sizes=\"(max-width: 448px) 100vw, 448px\" \/><\/p>\n<p>&nbsp;<\/p>\n<p>&nbsp;<\/p>\n<ul class=\"ssb_list_wrapper\"><li class=\"fb2\" style=\"width:135px\"><iframe src=\"\/\/www.facebook.com\/plugins\/like.php?href=https%3A%2F%2Fwww.caritasne2.org.br%2Fsite%2Fliderancas-e-coletivos-impactados-pelo-afundamento-do-solo-em-maceio-concluem-formacao-sobre-organizacao-comunitaria-para-constituicao-de-oscs-e-prevencao-de-abusos-sexuais-realizadas-pela-caritas-n%2F&amp;layout=button_count&amp;action=like&amp;show_faces=false&amp;share=true&amp;width=135&amp;height=21&amp;appId=307091639398582\" scrolling=\"no\" frameborder=\"0\" style=\"border:none; overflow:hidden;  width:150px; height:21px;\" allowTransparency=\"true\"><\/iframe><\/li><li class=\"twtr\" style=\"width:90px\"><a href=\"https:\/\/twitter.com\/share\" class=\"twitter-share-button\" data-url=\"https:\/\/www.caritasne2.org.br\/site\/liderancas-e-coletivos-impactados-pelo-afundamento-do-solo-em-maceio-concluem-formacao-sobre-organizacao-comunitaria-para-constituicao-de-oscs-e-prevencao-de-abusos-sexuais-realizadas-pela-caritas-n\/\">&nbsp;<\/a><script>!function(d,s,id){var js,fjs=d.getElementsByTagName(s)[0],p=\/^http:\/.test(d.location)?'http':'https';if(!d.getElementById(id)){js=d.createElement(s);js.id=id;js.src=p+':\/\/platform.twitter.com\/widgets.js';fjs.parentNode.insertBefore(js,fjs);}}(document, 'script', 'twitter-wjs');<\/script><\/li><li class=\"gplus\" style=\"width:68px\"><div class=\"g-plusone\" data-size=\"medium\" data-href=\"https:\/\/www.caritasne2.org.br\/site\/liderancas-e-coletivos-impactados-pelo-afundamento-do-solo-em-maceio-concluem-formacao-sobre-organizacao-comunitaria-para-constituicao-de-oscs-e-prevencao-de-abusos-sexuais-realizadas-pela-caritas-n\/\"><\/div><\/li><li class=\"ssb_linkedin\" style=\"width:64px\"><script src=\"\/\/platform.linkedin.com\/in.js\" type=\"text\/javascript\">lang: en_US<\/script><script type=\"IN\/Share\" data-url=\"https:\/\/www.caritasne2.org.br\/site\/liderancas-e-coletivos-impactados-pelo-afundamento-do-solo-em-maceio-concluem-formacao-sobre-organizacao-comunitaria-para-constituicao-de-oscs-e-prevencao-de-abusos-sexuais-realizadas-pela-caritas-n\/\" data-counter=\"right\"><\/script><\/li><\/ul>","protected":false},"excerpt":{"rendered":"<p>\u00a0Na \u00faltima quarta, 18, a C\u00e1ritas Brasileira NE2 realizou encontro de encerramento dos cursos sobre Organiza\u00e7\u00e3o Comunit\u00e1ria e Desenvolvimento de Projetos de Repara\u00e7\u00e3o de Danos extra patrimonias, bem como da Oficina sobre Prote\u00e7\u00e3o e Preven\u00e7\u00e3o ao Abuso Sexual e \u00e0 Explora\u00e7\u00e3o Sexual (PSEA). Iniciativas, promovidas pela C\u00e1ritas NE2 por meio do projeto Forma\u00e7\u00e3o\u00a0de\u00a0Lideran\u00e7as\u00a0e Coletivos em Organiza\u00e7\u00e3o Comunit\u00e1ria, uma parceria com o Programa Nosso Ch\u00e3o, Nossa [&hellip;]<\/p>\n<ul class=\"ssb_list_wrapper\"><li class=\"fb2\" style=\"width:135px\"><iframe src=\"\/\/www.facebook.com\/plugins\/like.php?href=https%3A%2F%2Fwww.caritasne2.org.br%2Fsite%2Fliderancas-e-coletivos-impactados-pelo-afundamento-do-solo-em-maceio-concluem-formacao-sobre-organizacao-comunitaria-para-constituicao-de-oscs-e-prevencao-de-abusos-sexuais-realizadas-pela-caritas-n%2F&amp;layout=button_count&amp;action=like&amp;show_faces=false&amp;share=true&amp;width=135&amp;height=21&amp;appId=307091639398582\" scrolling=\"no\" frameborder=\"0\" style=\"border:none; overflow:hidden;  width:150px; height:21px;\" allowTransparency=\"true\"><\/iframe><\/li><li class=\"twtr\" style=\"width:90px\"><a href=\"https:\/\/twitter.com\/share\" class=\"twitter-share-button\" data-url=\"https:\/\/www.caritasne2.org.br\/site\/liderancas-e-coletivos-impactados-pelo-afundamento-do-solo-em-maceio-concluem-formacao-sobre-organizacao-comunitaria-para-constituicao-de-oscs-e-prevencao-de-abusos-sexuais-realizadas-pela-caritas-n\/\">&nbsp;<\/a><script>!function(d,s,id){var js,fjs=d.getElementsByTagName(s)[0],p=\/^http:\/.test(d.location)?'http':'https';if(!d.getElementById(id)){js=d.createElement(s);js.id=id;js.src=p+':\/\/platform.twitter.com\/widgets.js';fjs.parentNode.insertBefore(js,fjs);}}(document, 'script', 'twitter-wjs');<\/script><\/li><li class=\"gplus\" style=\"width:68px\"><div class=\"g-plusone\" data-size=\"medium\" data-href=\"https:\/\/www.caritasne2.org.br\/site\/liderancas-e-coletivos-impactados-pelo-afundamento-do-solo-em-maceio-concluem-formacao-sobre-organizacao-comunitaria-para-constituicao-de-oscs-e-prevencao-de-abusos-sexuais-realizadas-pela-caritas-n\/\"><\/div><\/li><li class=\"ssb_linkedin\" style=\"width:64px\"><script src=\"\/\/platform.linkedin.com\/in.js\" type=\"text\/javascript\">lang: en_US<\/script><script type=\"IN\/Share\" data-url=\"https:\/\/www.caritasne2.org.br\/site\/liderancas-e-coletivos-impactados-pelo-afundamento-do-solo-em-maceio-concluem-formacao-sobre-organizacao-comunitaria-para-constituicao-de-oscs-e-prevencao-de-abusos-sexuais-realizadas-pela-caritas-n\/\" data-counter=\"right\"><\/script><\/li><\/ul>","protected":false},"author":4,"featured_media":13392,"comment_status":"open","ping_status":"open","sticky":false,"template":"","format":"standard","meta":[],"categories":[21,20],"tags":[],"_links":{"self":[{"href":"https:\/\/www.caritasne2.org.br\/site\/wp-json\/wp\/v2\/posts\/13388"}],"collection":[{"href":"https:\/\/www.caritasne2.org.br\/site\/wp-json\/wp\/v2\/posts"}],"about":[{"href":"https:\/\/www.caritasne2.org.br\/site\/wp-json\/wp\/v2\/types\/post"}],"author":[{"embeddable":true,"href":"https:\/\/www.caritasne2.org.br\/site\/wp-json\/wp\/v2\/users\/4"}],"replies":[{"embeddable":true,"href":"https:\/\/www.caritasne2.org.br\/site\/wp-json\/wp\/v2\/comments?post=13388"}],"version-history":[{"count":1,"href":"https:\/\/www.caritasne2.org.br\/site\/wp-json\/wp\/v2\/posts\/13388\/revisions"}],"predecessor-version":[{"id":13401,"href":"https:\/\/www.caritasne2.org.br\/site\/wp-json\/wp\/v2\/posts\/13388\/revisions\/13401"}],"wp:featuredmedia":[{"embeddable":true,"href":"https:\/\/www.caritasne2.org.br\/site\/wp-json\/wp\/v2\/media\/13392"}],"wp:attachment":[{"href":"https:\/\/www.caritasne2.org.br\/site\/wp-json\/wp\/v2\/media?parent=13388"}],"wp:term":[{"taxonomy":"category","embeddable":true,"href":"https:\/\/www.caritasne2.org.br\/site\/wp-json\/wp\/v2\/categories?post=13388"},{"taxonomy":"post_tag","embeddable":true,"href":"https:\/\/www.caritasne2.org.br\/site\/wp-json\/wp\/v2\/tags?post=13388"}],"curies":[{"name":"wp","href":"https:\/\/api.w.org\/{rel}","templated":true}]}}