{"id":13375,"date":"2025-06-19T09:26:18","date_gmt":"2025-06-19T12:26:18","guid":{"rendered":"https:\/\/www.caritasne2.org.br\/site\/?p=13375"},"modified":"2025-06-18T16:45:47","modified_gmt":"2025-06-18T19:45:47","slug":"organizacoes-cobram-instalacao-do-conselho-de-economia-popular-e-solidaria","status":"publish","type":"post","link":"https:\/\/www.caritasne2.org.br\/site\/organizacoes-cobram-instalacao-do-conselho-de-economia-popular-e-solidaria\/","title":{"rendered":"Organiza\u00e7\u00f5es cobram instala\u00e7\u00e3o do Conselho de Economia Popular e Solid\u00e1ria em Pernambuco"},"content":{"rendered":"<p><span style=\"color: #000000;\"><span style=\"font-family: Arial, sans-serif;\"><span style=\"font-size: medium;\"><img decoding=\"async\" loading=\"lazy\" class=\"alignright size-medium wp-image-13377\" src=\"https:\/\/www.caritasne2.org.br\/site\/wp-content\/uploads\/2025\/06\/WhatsApp-Image-2025-06-18-at-15.46.24-2-300x225.jpeg\" alt=\"\" width=\"300\" height=\"225\" srcset=\"https:\/\/www.caritasne2.org.br\/site\/wp-content\/uploads\/2025\/06\/WhatsApp-Image-2025-06-18-at-15.46.24-2-300x225.jpeg 300w, https:\/\/www.caritasne2.org.br\/site\/wp-content\/uploads\/2025\/06\/WhatsApp-Image-2025-06-18-at-15.46.24-2-1024x768.jpeg 1024w, https:\/\/www.caritasne2.org.br\/site\/wp-content\/uploads\/2025\/06\/WhatsApp-Image-2025-06-18-at-15.46.24-2-768x576.jpeg 768w, https:\/\/www.caritasne2.org.br\/site\/wp-content\/uploads\/2025\/06\/WhatsApp-Image-2025-06-18-at-15.46.24-2-1536x1152.jpeg 1536w, https:\/\/www.caritasne2.org.br\/site\/wp-content\/uploads\/2025\/06\/WhatsApp-Image-2025-06-18-at-15.46.24-2.jpeg 1600w\" sizes=\"(max-width: 300px) 100vw, 300px\" \/>A C\u00e1ritas Brasileira Regional Nordeste 2 (CBNE2) se uniu ao F\u00f3rum Estadual de Economia Solid\u00e1ria e movimentos sociais em um ato, na manh\u00e3 desta quarta (18), na Secretaria de Desenvolvimento Profissional e Empreendedorismo de Pernambuco (Sedepe). O protesto cobra a instala\u00e7\u00e3o do Conselho Estadual de Economia Popular e Solid\u00e1ria, previsto pela Lei Estadual n\u00ba13.704\/2008, e que est\u00e1 desativado desde 2017. <\/span><\/span><\/span><\/p>\n<p><span style=\"color: #000000;\"><span style=\"font-family: Arial, sans-serif;\"><span style=\"font-size: medium;\">Para Marilise Fr\u00f3es, da CBNE2, \u201capesar de n\u00e3o termos conseguido <img decoding=\"async\" loading=\"lazy\" class=\"alignright size-medium wp-image-13376\" src=\"https:\/\/www.caritasne2.org.br\/site\/wp-content\/uploads\/2025\/06\/WhatsApp-Image-2025-06-18-at-15.46.23-1-225x300.jpeg\" alt=\"\" width=\"225\" height=\"300\" srcset=\"https:\/\/www.caritasne2.org.br\/site\/wp-content\/uploads\/2025\/06\/WhatsApp-Image-2025-06-18-at-15.46.23-1-225x300.jpeg 225w, https:\/\/www.caritasne2.org.br\/site\/wp-content\/uploads\/2025\/06\/WhatsApp-Image-2025-06-18-at-15.46.23-1-768x1024.jpeg 768w, https:\/\/www.caritasne2.org.br\/site\/wp-content\/uploads\/2025\/06\/WhatsApp-Image-2025-06-18-at-15.46.23-1-1152x1536.jpeg 1152w, https:\/\/www.caritasne2.org.br\/site\/wp-content\/uploads\/2025\/06\/WhatsApp-Image-2025-06-18-at-15.46.23-1.jpeg 1200w\" sizes=\"(max-width: 225px) 100vw, 225px\" \/>uma posi\u00e7\u00e3o firme sobre a implementa\u00e7\u00e3o do Conselho, conseguimos abrir um canal de comunica\u00e7\u00e3o mais transparente\u201d. Por outro lado, a falta de prioridade do governo para a Economia Solid\u00e1ria tamb\u00e9m ficou clara. Segundo informa\u00e7\u00f5es da pr\u00f3pria Sedepe, das doze secretarias que foram solicitadas a indicar seus representantes para o Conselho, apenas cinco deram resposta. <\/span><\/span><\/span><\/p>\n<p><span style=\"color: #000000;\"><span style=\"font-family: Arial, sans-serif;\"><span style=\"font-size: medium;\">Os participantes do ato cobravam a presen\u00e7a do representante do governo, Jesaias Pacheco que, em audi\u00eancia na Assembleia Legislativa, dera um prazo at\u00e9 30 de maio para instala\u00e7\u00e3o do Conselho. Ao inv\u00e9s dele, foram recebidos pela gerente de Micro e Pequena Empresa da Sedepe, Roberta Bezerra, e pelo superintendente de planejamento e or\u00e7amento, Lucas Carvalho. <\/span><\/span><\/span><\/p>\n<p><span style=\"color: #000000;\"><span style=\"font-family: Arial, sans-serif;\"><span style=\"font-size: medium;\"><img decoding=\"async\" loading=\"lazy\" class=\"alignright size-medium wp-image-13378\" src=\"https:\/\/www.caritasne2.org.br\/site\/wp-content\/uploads\/2025\/06\/WhatsApp-Image-2025-06-18-at-15.46.24-300x225.jpeg\" alt=\"\" width=\"300\" height=\"225\" srcset=\"https:\/\/www.caritasne2.org.br\/site\/wp-content\/uploads\/2025\/06\/WhatsApp-Image-2025-06-18-at-15.46.24-300x225.jpeg 300w, https:\/\/www.caritasne2.org.br\/site\/wp-content\/uploads\/2025\/06\/WhatsApp-Image-2025-06-18-at-15.46.24-1024x768.jpeg 1024w, https:\/\/www.caritasne2.org.br\/site\/wp-content\/uploads\/2025\/06\/WhatsApp-Image-2025-06-18-at-15.46.24-768x576.jpeg 768w, https:\/\/www.caritasne2.org.br\/site\/wp-content\/uploads\/2025\/06\/WhatsApp-Image-2025-06-18-at-15.46.24-1536x1152.jpeg 1536w, https:\/\/www.caritasne2.org.br\/site\/wp-content\/uploads\/2025\/06\/WhatsApp-Image-2025-06-18-at-15.46.24.jpeg 1600w\" sizes=\"(max-width: 300px) 100vw, 300px\" \/>Eles alegaram mudan\u00e7as na secretaria para justificar o atraso na instala\u00e7\u00e3o do Conselho. \u201cQue governo \u00e9 esse em que cada mudan\u00e7a nas secretarias emperra o cumprimento de compromissos?\u201d, questionou Aldenise Coelho, do F\u00f3rum Estadual de Economia Solid\u00e1ria. <\/span><\/span><\/span><\/p>\n<p><span style=\"color: #000000;\"><span style=\"font-family: Arial, sans-serif;\"><span style=\"font-size: medium;\">O grupo solicitou dos representantes da Sedepe o nome das secretarias que n\u00e3o definiram participantes no Conselho, para pressionar e buscar articula\u00e7\u00f5es. \u201cA lista de representantes da sociedade civil foi entregue desde 2023. Desde ent\u00e3o estamos pressionando e n\u00e3o temos resposta. Temos 48 mil pessoas que trabalham, de forma coletiva, em cooperativas e associa\u00e7\u00f5es. E o que existe de a\u00e7\u00e3o do governo voltada a este setor \u00e9 insignificante\u201d, afirma a coordenadora do F\u00f3rum, Alzira Medeiros.<\/span><\/span><\/span><\/p>\n<p><span style=\"color: #000000;\"><span style=\"font-family: Arial, sans-serif;\"><span style=\"font-size: medium;\">Ela ressaltou que, ao retardar a constitui\u00e7\u00e3o do Conselho, o governo est\u00e1 infringindo duas leis: a Lei Estadual n\u00ba13.704\/2008 e a Lei Federal n\u00ba 15.068\/2024. \u201cSe for necess\u00e1rio, buscaremos o Minist\u00e9rio P\u00fablico para garantir o cumprimento das Leis\u201d, afirmou.<\/span><\/span><\/span><\/p>\n<p><span style=\"color: #000000;\"><span style=\"font-family: Arial, sans-serif;\"><span style=\"font-size: medium;\">Um manifesto, assinado por cerca de 200 organiza\u00e7\u00f5es, foi entregue aos representantes da Sedepe, que garantiram que tamb\u00e9m incluiriam c\u00f3pias do documento no of\u00edcio que ser\u00e1 reenviado \u00e0s secretarias para cobrar a indica\u00e7\u00e3o de integrantes no Conselho. Os participantes do ato deram um prazo at\u00e9 30 de junho para que o nome destes integrantes estivesse definido, bem como uma minuta do decreto a ser publicado no Di\u00e1rio Oficial.<\/span><\/span><\/span><\/p>\n<p><span style=\"color: #000000;\"><span style=\"font-family: Arial, sans-serif;\"><span style=\"font-size: medium;\">Uma nova conversa com a gerente de Micro e Pequena Empresa, Roberta Bezerra, e o superintendente de planejamento e or\u00e7amento, Lucas Carvalho, foi agendada para dia 25 de maio, para tratar de or\u00e7amento e prioridades para o setor; e para que sejam apresentadas as decis\u00f5es tomadas nas confer\u00eancias territoriais e na Confer\u00eancia Estadual, realizadas no ano passado.<\/span><\/span><\/span><\/p>\n<ul class=\"ssb_list_wrapper\"><li class=\"fb2\" style=\"width:135px\"><iframe src=\"\/\/www.facebook.com\/plugins\/like.php?href=https%3A%2F%2Fwww.caritasne2.org.br%2Fsite%2Forganizacoes-cobram-instalacao-do-conselho-de-economia-popular-e-solidaria%2F&amp;layout=button_count&amp;action=like&amp;show_faces=false&amp;share=true&amp;width=135&amp;height=21&amp;appId=307091639398582\" scrolling=\"no\" frameborder=\"0\" style=\"border:none; overflow:hidden;  width:150px; height:21px;\" allowTransparency=\"true\"><\/iframe><\/li><li class=\"twtr\" style=\"width:90px\"><a href=\"https:\/\/twitter.com\/share\" class=\"twitter-share-button\" data-url=\"https:\/\/www.caritasne2.org.br\/site\/organizacoes-cobram-instalacao-do-conselho-de-economia-popular-e-solidaria\/\">&nbsp;<\/a><script>!function(d,s,id){var js,fjs=d.getElementsByTagName(s)[0],p=\/^http:\/.test(d.location)?'http':'https';if(!d.getElementById(id)){js=d.createElement(s);js.id=id;js.src=p+':\/\/platform.twitter.com\/widgets.js';fjs.parentNode.insertBefore(js,fjs);}}(document, 'script', 'twitter-wjs');<\/script><\/li><li class=\"gplus\" style=\"width:68px\"><div class=\"g-plusone\" data-size=\"medium\" data-href=\"https:\/\/www.caritasne2.org.br\/site\/organizacoes-cobram-instalacao-do-conselho-de-economia-popular-e-solidaria\/\"><\/div><\/li><li class=\"ssb_linkedin\" style=\"width:64px\"><script src=\"\/\/platform.linkedin.com\/in.js\" type=\"text\/javascript\">lang: en_US<\/script><script type=\"IN\/Share\" data-url=\"https:\/\/www.caritasne2.org.br\/site\/organizacoes-cobram-instalacao-do-conselho-de-economia-popular-e-solidaria\/\" data-counter=\"right\"><\/script><\/li><\/ul>","protected":false},"excerpt":{"rendered":"<p>A C\u00e1ritas Brasileira Regional Nordeste 2 (CBNE2) se uniu ao F\u00f3rum Estadual de Economia Solid\u00e1ria e movimentos sociais em um ato, na manh\u00e3 desta quarta (18), na Secretaria de Desenvolvimento Profissional e Empreendedorismo de Pernambuco (Sedepe). O protesto cobra a instala\u00e7\u00e3o do Conselho Estadual de Economia Popular e Solid\u00e1ria, previsto pela Lei Estadual n\u00ba13.704\/2008, e que est\u00e1 desativado desde 2017. Para Marilise Fr\u00f3es, da CBNE2, [&hellip;]<\/p>\n<ul class=\"ssb_list_wrapper\"><li class=\"fb2\" style=\"width:135px\"><iframe src=\"\/\/www.facebook.com\/plugins\/like.php?href=https%3A%2F%2Fwww.caritasne2.org.br%2Fsite%2Forganizacoes-cobram-instalacao-do-conselho-de-economia-popular-e-solidaria%2F&amp;layout=button_count&amp;action=like&amp;show_faces=false&amp;share=true&amp;width=135&amp;height=21&amp;appId=307091639398582\" scrolling=\"no\" frameborder=\"0\" style=\"border:none; overflow:hidden;  width:150px; height:21px;\" allowTransparency=\"true\"><\/iframe><\/li><li class=\"twtr\" style=\"width:90px\"><a href=\"https:\/\/twitter.com\/share\" class=\"twitter-share-button\" data-url=\"https:\/\/www.caritasne2.org.br\/site\/organizacoes-cobram-instalacao-do-conselho-de-economia-popular-e-solidaria\/\">&nbsp;<\/a><script>!function(d,s,id){var js,fjs=d.getElementsByTagName(s)[0],p=\/^http:\/.test(d.location)?'http':'https';if(!d.getElementById(id)){js=d.createElement(s);js.id=id;js.src=p+':\/\/platform.twitter.com\/widgets.js';fjs.parentNode.insertBefore(js,fjs);}}(document, 'script', 'twitter-wjs');<\/script><\/li><li class=\"gplus\" style=\"width:68px\"><div class=\"g-plusone\" data-size=\"medium\" data-href=\"https:\/\/www.caritasne2.org.br\/site\/organizacoes-cobram-instalacao-do-conselho-de-economia-popular-e-solidaria\/\"><\/div><\/li><li class=\"ssb_linkedin\" style=\"width:64px\"><script src=\"\/\/platform.linkedin.com\/in.js\" type=\"text\/javascript\">lang: en_US<\/script><script type=\"IN\/Share\" data-url=\"https:\/\/www.caritasne2.org.br\/site\/organizacoes-cobram-instalacao-do-conselho-de-economia-popular-e-solidaria\/\" data-counter=\"right\"><\/script><\/li><\/ul>","protected":false},"author":4,"featured_media":13380,"comment_status":"open","ping_status":"open","sticky":false,"template":"","format":"standard","meta":[],"categories":[21,20],"tags":[585,245,1248],"_links":{"self":[{"href":"https:\/\/www.caritasne2.org.br\/site\/wp-json\/wp\/v2\/posts\/13375"}],"collection":[{"href":"https:\/\/www.caritasne2.org.br\/site\/wp-json\/wp\/v2\/posts"}],"about":[{"href":"https:\/\/www.caritasne2.org.br\/site\/wp-json\/wp\/v2\/types\/post"}],"author":[{"embeddable":true,"href":"https:\/\/www.caritasne2.org.br\/site\/wp-json\/wp\/v2\/users\/4"}],"replies":[{"embeddable":true,"href":"https:\/\/www.caritasne2.org.br\/site\/wp-json\/wp\/v2\/comments?post=13375"}],"version-history":[{"count":7,"href":"https:\/\/www.caritasne2.org.br\/site\/wp-json\/wp\/v2\/posts\/13375\/revisions"}],"predecessor-version":[{"id":13386,"href":"https:\/\/www.caritasne2.org.br\/site\/wp-json\/wp\/v2\/posts\/13375\/revisions\/13386"}],"wp:featuredmedia":[{"embeddable":true,"href":"https:\/\/www.caritasne2.org.br\/site\/wp-json\/wp\/v2\/media\/13380"}],"wp:attachment":[{"href":"https:\/\/www.caritasne2.org.br\/site\/wp-json\/wp\/v2\/media?parent=13375"}],"wp:term":[{"taxonomy":"category","embeddable":true,"href":"https:\/\/www.caritasne2.org.br\/site\/wp-json\/wp\/v2\/categories?post=13375"},{"taxonomy":"post_tag","embeddable":true,"href":"https:\/\/www.caritasne2.org.br\/site\/wp-json\/wp\/v2\/tags?post=13375"}],"curies":[{"name":"wp","href":"https:\/\/api.w.org\/{rel}","templated":true}]}}