{"id":13367,"date":"2025-06-17T16:06:15","date_gmt":"2025-06-17T19:06:15","guid":{"rendered":"https:\/\/www.caritasne2.org.br\/site\/?p=13367"},"modified":"2025-06-17T16:06:29","modified_gmt":"2025-06-17T19:06:29","slug":"fortalecimento-feminino-e-cooperacao-solidaria-experiencias-do-serido-no-seminario-e-feira-da-agricultura-familiar-e-eps","status":"publish","type":"post","link":"https:\/\/www.caritasne2.org.br\/site\/fortalecimento-feminino-e-cooperacao-solidaria-experiencias-do-serido-no-seminario-e-feira-da-agricultura-familiar-e-eps\/","title":{"rendered":"Fortalecimento feminino e coopera\u00e7\u00e3o solid\u00e1ria: Experi\u00eancias do Serid\u00f3 no Semin\u00e1rio e Feira da Agricultura Familiar e  EPS"},"content":{"rendered":"<p style=\"text-align: justify;\"><img decoding=\"async\" loading=\"lazy\" class=\"alignright size-medium wp-image-13370\" src=\"https:\/\/www.caritasne2.org.br\/site\/wp-content\/uploads\/2025\/06\/WhatsApp-Image-2025-06-10-at-20.30.31-1-264x300.jpeg\" alt=\"\" width=\"264\" height=\"300\" srcset=\"https:\/\/www.caritasne2.org.br\/site\/wp-content\/uploads\/2025\/06\/WhatsApp-Image-2025-06-10-at-20.30.31-1-264x300.jpeg 264w, https:\/\/www.caritasne2.org.br\/site\/wp-content\/uploads\/2025\/06\/WhatsApp-Image-2025-06-10-at-20.30.31-1-901x1024.jpeg 901w, https:\/\/www.caritasne2.org.br\/site\/wp-content\/uploads\/2025\/06\/WhatsApp-Image-2025-06-10-at-20.30.31-1-768x873.jpeg 768w, https:\/\/www.caritasne2.org.br\/site\/wp-content\/uploads\/2025\/06\/WhatsApp-Image-2025-06-10-at-20.30.31-1.jpeg 1126w\" sizes=\"(max-width: 264px) 100vw, 264px\" \/>Na \u00faltima semana, duas atividades fortaleceram a \u00e1rea de Economia Popular Solid\u00e1ria (EPS) da CBNE2 e mobilizaram cerca de 100 mulheres do Serid\u00f3, no Rio Grande do Norte, com o objetivo de fortalecer o protagonismo feminino e os empreendimentos solid\u00e1rios da regi\u00e3o.<\/p>\n<p style=\"text-align: justify;\">No dia 10 de junho, foi realizado o Semin\u00e1rio de Associativismo e Cooperativismo, promovido pela C\u00e1ritas Diocesana de Caic\u00f3, em parceria com a CBNE2 e a Universidade Federal do Rio Grande do Norte (UFRN). O evento teve como foco aprofundar os conhecimentos sobre as diferen\u00e7as e potencialidades entre associa\u00e7\u00f5es e cooperativas, contribuindo para o aprimoramento da gest\u00e3o dos grupos acompanhados pela C\u00e1ritas. Com facilita\u00e7\u00e3o do Conselho Estadual de Economia Solid\u00e1ria do RN, contou com a presen\u00e7a de representantes da C\u00e1ritas Diocesana de Natal, da assessoria regional de EPS e da equipe t\u00e9cnica da CBNE2.<\/p>\n<p style=\"text-align: justify;\"><img decoding=\"async\" loading=\"lazy\" class=\"alignright size-medium wp-image-13372\" src=\"https:\/\/www.caritasne2.org.br\/site\/wp-content\/uploads\/2025\/06\/4-240x300.png\" alt=\"\" width=\"240\" height=\"300\" srcset=\"https:\/\/www.caritasne2.org.br\/site\/wp-content\/uploads\/2025\/06\/4-240x300.png 240w, https:\/\/www.caritasne2.org.br\/site\/wp-content\/uploads\/2025\/06\/4-819x1024.png 819w, https:\/\/www.caritasne2.org.br\/site\/wp-content\/uploads\/2025\/06\/4-768x960.png 768w, https:\/\/www.caritasne2.org.br\/site\/wp-content\/uploads\/2025\/06\/4.png 1080w\" sizes=\"(max-width: 240px) 100vw, 240px\" \/>Segundo Ozeane Ara\u00fajo, coordenadora de projetos da C\u00e1ritas Diocesana de Caic\u00f3, \u201cEste Semin\u00e1rio sobre associativismo e cooperativismo foi fundamental para que as mulheres participantes pudessem refletir sobre a import\u00e2ncia da organiza\u00e7\u00e3o para a defesa do bem comum, fortalecimento da democracia e exerc\u00edcio da coletividade. \u201c<\/p>\n<p style=\"text-align: justify;\">Como desdobramento do Semin\u00e1rio, no dia 11 de junho foi realizada a IV Feira de Agricultura Familiar e Economia Solid\u00e1ria, no campus da UFRN em Caic\u00f3. A feira deu visibilidade \u00e0 produ\u00e7\u00e3o artesanal das mulheres participantes da EPS, com uma grande variedade de produtos como doces, geleias, p\u00e3es, biscoitos, lambedores e tapiocas de forno, todos frutos do trabalho coletivo e da sabedoria popular das agricultoras da regi\u00e3o.<\/p>\n<p style=\"text-align: justify;\">As duas a\u00e7\u00f5es refor\u00e7am o potencial da Economia Popular Solid\u00e1ria como estrat\u00e9gia de gera\u00e7\u00e3o de renda, empoderamento feminino e fortalecimento dos territ\u00f3rios. Ao integrar forma\u00e7\u00e3o e comercializa\u00e7\u00e3o, o evento promoveu um espa\u00e7o de aprendizagem, trocas e valoriza\u00e7\u00e3o das iniciativas locais lideradas por mulheres.<\/p>\n<p style=\"text-align: justify;\">\u201cHoje, n\u00f3s do grupo Sabores e del\u00edcias do Umarizeiro temos uma cozinha equipada e nossos produtos fazem sucesso, tudo gra\u00e7as a parceria com as C\u00e1ritas de Caic\u00f3 e a C\u00e1ritas Nordeste , agradecemos demais a voc\u00eas !\u201d, pontuou agricultora, Maria das Vit\u00f3rias Louren\u00e7o.<\/p>\n<ul class=\"ssb_list_wrapper\"><li class=\"fb2\" style=\"width:135px\"><iframe src=\"\/\/www.facebook.com\/plugins\/like.php?href=https%3A%2F%2Fwww.caritasne2.org.br%2Fsite%2Ffortalecimento-feminino-e-cooperacao-solidaria-experiencias-do-serido-no-seminario-e-feira-da-agricultura-familiar-e-eps%2F&amp;layout=button_count&amp;action=like&amp;show_faces=false&amp;share=true&amp;width=135&amp;height=21&amp;appId=307091639398582\" scrolling=\"no\" frameborder=\"0\" style=\"border:none; overflow:hidden;  width:150px; height:21px;\" allowTransparency=\"true\"><\/iframe><\/li><li class=\"twtr\" style=\"width:90px\"><a href=\"https:\/\/twitter.com\/share\" class=\"twitter-share-button\" data-url=\"https:\/\/www.caritasne2.org.br\/site\/fortalecimento-feminino-e-cooperacao-solidaria-experiencias-do-serido-no-seminario-e-feira-da-agricultura-familiar-e-eps\/\">&nbsp;<\/a><script>!function(d,s,id){var js,fjs=d.getElementsByTagName(s)[0],p=\/^http:\/.test(d.location)?'http':'https';if(!d.getElementById(id)){js=d.createElement(s);js.id=id;js.src=p+':\/\/platform.twitter.com\/widgets.js';fjs.parentNode.insertBefore(js,fjs);}}(document, 'script', 'twitter-wjs');<\/script><\/li><li class=\"gplus\" style=\"width:68px\"><div class=\"g-plusone\" data-size=\"medium\" data-href=\"https:\/\/www.caritasne2.org.br\/site\/fortalecimento-feminino-e-cooperacao-solidaria-experiencias-do-serido-no-seminario-e-feira-da-agricultura-familiar-e-eps\/\"><\/div><\/li><li class=\"ssb_linkedin\" style=\"width:64px\"><script src=\"\/\/platform.linkedin.com\/in.js\" type=\"text\/javascript\">lang: en_US<\/script><script type=\"IN\/Share\" data-url=\"https:\/\/www.caritasne2.org.br\/site\/fortalecimento-feminino-e-cooperacao-solidaria-experiencias-do-serido-no-seminario-e-feira-da-agricultura-familiar-e-eps\/\" data-counter=\"right\"><\/script><\/li><\/ul>","protected":false},"excerpt":{"rendered":"<p>Na \u00faltima semana, duas atividades fortaleceram a \u00e1rea de Economia Popular Solid\u00e1ria (EPS) da CBNE2 e mobilizaram cerca de 100 mulheres do Serid\u00f3, no Rio Grande do Norte, com o objetivo de fortalecer o protagonismo feminino e os empreendimentos solid\u00e1rios da regi\u00e3o. No dia 10 de junho, foi realizado o Semin\u00e1rio de Associativismo e Cooperativismo, promovido pela C\u00e1ritas Diocesana de Caic\u00f3, em parceria com a [&hellip;]<\/p>\n<ul class=\"ssb_list_wrapper\"><li class=\"fb2\" style=\"width:135px\"><iframe src=\"\/\/www.facebook.com\/plugins\/like.php?href=https%3A%2F%2Fwww.caritasne2.org.br%2Fsite%2Ffortalecimento-feminino-e-cooperacao-solidaria-experiencias-do-serido-no-seminario-e-feira-da-agricultura-familiar-e-eps%2F&amp;layout=button_count&amp;action=like&amp;show_faces=false&amp;share=true&amp;width=135&amp;height=21&amp;appId=307091639398582\" scrolling=\"no\" frameborder=\"0\" style=\"border:none; overflow:hidden;  width:150px; height:21px;\" allowTransparency=\"true\"><\/iframe><\/li><li class=\"twtr\" style=\"width:90px\"><a href=\"https:\/\/twitter.com\/share\" class=\"twitter-share-button\" data-url=\"https:\/\/www.caritasne2.org.br\/site\/fortalecimento-feminino-e-cooperacao-solidaria-experiencias-do-serido-no-seminario-e-feira-da-agricultura-familiar-e-eps\/\">&nbsp;<\/a><script>!function(d,s,id){var js,fjs=d.getElementsByTagName(s)[0],p=\/^http:\/.test(d.location)?'http':'https';if(!d.getElementById(id)){js=d.createElement(s);js.id=id;js.src=p+':\/\/platform.twitter.com\/widgets.js';fjs.parentNode.insertBefore(js,fjs);}}(document, 'script', 'twitter-wjs');<\/script><\/li><li class=\"gplus\" style=\"width:68px\"><div class=\"g-plusone\" data-size=\"medium\" data-href=\"https:\/\/www.caritasne2.org.br\/site\/fortalecimento-feminino-e-cooperacao-solidaria-experiencias-do-serido-no-seminario-e-feira-da-agricultura-familiar-e-eps\/\"><\/div><\/li><li class=\"ssb_linkedin\" style=\"width:64px\"><script src=\"\/\/platform.linkedin.com\/in.js\" type=\"text\/javascript\">lang: en_US<\/script><script type=\"IN\/Share\" data-url=\"https:\/\/www.caritasne2.org.br\/site\/fortalecimento-feminino-e-cooperacao-solidaria-experiencias-do-serido-no-seminario-e-feira-da-agricultura-familiar-e-eps\/\" data-counter=\"right\"><\/script><\/li><\/ul>","protected":false},"author":4,"featured_media":13369,"comment_status":"open","ping_status":"open","sticky":false,"template":"","format":"standard","meta":[],"categories":[21,20],"tags":[1319,220,1320,128,1321],"_links":{"self":[{"href":"https:\/\/www.caritasne2.org.br\/site\/wp-json\/wp\/v2\/posts\/13367"}],"collection":[{"href":"https:\/\/www.caritasne2.org.br\/site\/wp-json\/wp\/v2\/posts"}],"about":[{"href":"https:\/\/www.caritasne2.org.br\/site\/wp-json\/wp\/v2\/types\/post"}],"author":[{"embeddable":true,"href":"https:\/\/www.caritasne2.org.br\/site\/wp-json\/wp\/v2\/users\/4"}],"replies":[{"embeddable":true,"href":"https:\/\/www.caritasne2.org.br\/site\/wp-json\/wp\/v2\/comments?post=13367"}],"version-history":[{"count":1,"href":"https:\/\/www.caritasne2.org.br\/site\/wp-json\/wp\/v2\/posts\/13367\/revisions"}],"predecessor-version":[{"id":13374,"href":"https:\/\/www.caritasne2.org.br\/site\/wp-json\/wp\/v2\/posts\/13367\/revisions\/13374"}],"wp:featuredmedia":[{"embeddable":true,"href":"https:\/\/www.caritasne2.org.br\/site\/wp-json\/wp\/v2\/media\/13369"}],"wp:attachment":[{"href":"https:\/\/www.caritasne2.org.br\/site\/wp-json\/wp\/v2\/media?parent=13367"}],"wp:term":[{"taxonomy":"category","embeddable":true,"href":"https:\/\/www.caritasne2.org.br\/site\/wp-json\/wp\/v2\/categories?post=13367"},{"taxonomy":"post_tag","embeddable":true,"href":"https:\/\/www.caritasne2.org.br\/site\/wp-json\/wp\/v2\/tags?post=13367"}],"curies":[{"name":"wp","href":"https:\/\/api.w.org\/{rel}","templated":true}]}}