{"id":13321,"date":"2025-05-27T17:00:19","date_gmt":"2025-05-27T20:00:19","guid":{"rendered":"https:\/\/www.caritasne2.org.br\/site\/?p=13321"},"modified":"2025-05-30T07:32:34","modified_gmt":"2025-05-30T10:32:34","slug":"cbne2-divulga-selecionadosas-para-etapa-entrevistas-do-edital-no005-20025","status":"publish","type":"post","link":"https:\/\/www.caritasne2.org.br\/site\/cbne2-divulga-selecionadosas-para-etapa-entrevistas-do-edital-no005-20025\/","title":{"rendered":"CBNE2 divulga selecionados(as) para etapa entrevistas do edital N\u00ba005\/2025"},"content":{"rendered":"<p style=\"text-align: justify;\">A C\u00e1ritas Brasileira Regional Nordeste 2 \u2013 CBNE2, organismo da Confer\u00eancia Nacional dos Bispos do Brasil \u2013 CNBB, no uso de suas atribui\u00e7\u00f5es legais torna p\u00fablico selecionados(as) para etapa entrevistas do Processo Seletivo Simplificado- Edital N\u00ba 005\/2025 para contrata\u00e7\u00e3o de pessoal no \u00e2mbito do Projeto de Promo\u00e7\u00e3o Humana para Migrantes e Refugiados em parceria com o Minist\u00e9rio da Justi\u00e7a e Seguran\u00e7a P\u00fablica \u2013 MJSP, Conv\u00eanio n\u00ba 963995\/2024.<\/p>\n<p>Os(as) selecionados(as) para a etapa das entrevistas s\u00e3o:<\/p>\n<p>\u2022 Enrique Jos\u00e9 de Andrade Pereira<br \/>\n\u2022 Jessica Aline Barbosa Rodrigues de Melo<br \/>\n\u2022 J\u00e9ssica Vit\u00f3ria de Souza Santos<br \/>\n\u2022 Tiago Lima Carvalho da Silva<br \/>\n\u2022 Waneska Andressa Viana de Oliveira<\/p>\n<p>As entrevistas ir\u00e3o ocorrer no pr\u00f3ximo dia 30 de maio de 2025, na Casa de Direitos de Pernambuco, localizada na Universidade Cat\u00f3lica de Pernambuco (UNICAP), na Rua do Pr\u00edncipe, 526, 1\u00ba andar, Boa Vista, Recife\/PE. O hor\u00e1rio de cada candidato(a) ser\u00e1 previamente agendado e informado pela Comiss\u00e3o de Sele\u00e7\u00e3o.<\/p>\n<p>Atenciosamente<br \/>\nComiss\u00e3o de Sele\u00e7\u00e3o<\/p>\n<ul class=\"ssb_list_wrapper\"><li class=\"fb2\" style=\"width:135px\"><iframe src=\"\/\/www.facebook.com\/plugins\/like.php?href=https%3A%2F%2Fwww.caritasne2.org.br%2Fsite%2Fcbne2-divulga-selecionadosas-para-etapa-entrevistas-do-edital-no005-20025%2F&amp;layout=button_count&amp;action=like&amp;show_faces=false&amp;share=true&amp;width=135&amp;height=21&amp;appId=307091639398582\" scrolling=\"no\" frameborder=\"0\" style=\"border:none; overflow:hidden;  width:150px; height:21px;\" allowTransparency=\"true\"><\/iframe><\/li><li class=\"twtr\" style=\"width:90px\"><a href=\"https:\/\/twitter.com\/share\" class=\"twitter-share-button\" data-url=\"https:\/\/www.caritasne2.org.br\/site\/cbne2-divulga-selecionadosas-para-etapa-entrevistas-do-edital-no005-20025\/\">&nbsp;<\/a><script>!function(d,s,id){var js,fjs=d.getElementsByTagName(s)[0],p=\/^http:\/.test(d.location)?'http':'https';if(!d.getElementById(id)){js=d.createElement(s);js.id=id;js.src=p+':\/\/platform.twitter.com\/widgets.js';fjs.parentNode.insertBefore(js,fjs);}}(document, 'script', 'twitter-wjs');<\/script><\/li><li class=\"gplus\" style=\"width:68px\"><div class=\"g-plusone\" data-size=\"medium\" data-href=\"https:\/\/www.caritasne2.org.br\/site\/cbne2-divulga-selecionadosas-para-etapa-entrevistas-do-edital-no005-20025\/\"><\/div><\/li><li class=\"ssb_linkedin\" style=\"width:64px\"><script src=\"\/\/platform.linkedin.com\/in.js\" type=\"text\/javascript\">lang: en_US<\/script><script type=\"IN\/Share\" data-url=\"https:\/\/www.caritasne2.org.br\/site\/cbne2-divulga-selecionadosas-para-etapa-entrevistas-do-edital-no005-20025\/\" data-counter=\"right\"><\/script><\/li><\/ul>","protected":false},"excerpt":{"rendered":"<p>A C\u00e1ritas Brasileira Regional Nordeste 2 \u2013 CBNE2, organismo da Confer\u00eancia Nacional dos Bispos do Brasil \u2013 CNBB, no uso de suas atribui\u00e7\u00f5es legais torna p\u00fablico selecionados(as) para etapa entrevistas do Processo Seletivo Simplificado- Edital N\u00ba 005\/2025 para contrata\u00e7\u00e3o de pessoal no \u00e2mbito do Projeto de Promo\u00e7\u00e3o Humana para Migrantes e Refugiados em parceria com o Minist\u00e9rio da Justi\u00e7a e Seguran\u00e7a P\u00fablica \u2013 MJSP, Conv\u00eanio [&hellip;]<\/p>\n<ul class=\"ssb_list_wrapper\"><li class=\"fb2\" style=\"width:135px\"><iframe src=\"\/\/www.facebook.com\/plugins\/like.php?href=https%3A%2F%2Fwww.caritasne2.org.br%2Fsite%2Fcbne2-divulga-selecionadosas-para-etapa-entrevistas-do-edital-no005-20025%2F&amp;layout=button_count&amp;action=like&amp;show_faces=false&amp;share=true&amp;width=135&amp;height=21&amp;appId=307091639398582\" scrolling=\"no\" frameborder=\"0\" style=\"border:none; overflow:hidden;  width:150px; height:21px;\" allowTransparency=\"true\"><\/iframe><\/li><li class=\"twtr\" style=\"width:90px\"><a href=\"https:\/\/twitter.com\/share\" class=\"twitter-share-button\" data-url=\"https:\/\/www.caritasne2.org.br\/site\/cbne2-divulga-selecionadosas-para-etapa-entrevistas-do-edital-no005-20025\/\">&nbsp;<\/a><script>!function(d,s,id){var js,fjs=d.getElementsByTagName(s)[0],p=\/^http:\/.test(d.location)?'http':'https';if(!d.getElementById(id)){js=d.createElement(s);js.id=id;js.src=p+':\/\/platform.twitter.com\/widgets.js';fjs.parentNode.insertBefore(js,fjs);}}(document, 'script', 'twitter-wjs');<\/script><\/li><li class=\"gplus\" style=\"width:68px\"><div class=\"g-plusone\" data-size=\"medium\" data-href=\"https:\/\/www.caritasne2.org.br\/site\/cbne2-divulga-selecionadosas-para-etapa-entrevistas-do-edital-no005-20025\/\"><\/div><\/li><li class=\"ssb_linkedin\" style=\"width:64px\"><script src=\"\/\/platform.linkedin.com\/in.js\" type=\"text\/javascript\">lang: en_US<\/script><script type=\"IN\/Share\" data-url=\"https:\/\/www.caritasne2.org.br\/site\/cbne2-divulga-selecionadosas-para-etapa-entrevistas-do-edital-no005-20025\/\" data-counter=\"right\"><\/script><\/li><\/ul>","protected":false},"author":4,"featured_media":13327,"comment_status":"open","ping_status":"open","sticky":false,"template":"","format":"standard","meta":[],"categories":[21,20],"tags":[],"_links":{"self":[{"href":"https:\/\/www.caritasne2.org.br\/site\/wp-json\/wp\/v2\/posts\/13321"}],"collection":[{"href":"https:\/\/www.caritasne2.org.br\/site\/wp-json\/wp\/v2\/posts"}],"about":[{"href":"https:\/\/www.caritasne2.org.br\/site\/wp-json\/wp\/v2\/types\/post"}],"author":[{"embeddable":true,"href":"https:\/\/www.caritasne2.org.br\/site\/wp-json\/wp\/v2\/users\/4"}],"replies":[{"embeddable":true,"href":"https:\/\/www.caritasne2.org.br\/site\/wp-json\/wp\/v2\/comments?post=13321"}],"version-history":[{"count":3,"href":"https:\/\/www.caritasne2.org.br\/site\/wp-json\/wp\/v2\/posts\/13321\/revisions"}],"predecessor-version":[{"id":13328,"href":"https:\/\/www.caritasne2.org.br\/site\/wp-json\/wp\/v2\/posts\/13321\/revisions\/13328"}],"wp:featuredmedia":[{"embeddable":true,"href":"https:\/\/www.caritasne2.org.br\/site\/wp-json\/wp\/v2\/media\/13327"}],"wp:attachment":[{"href":"https:\/\/www.caritasne2.org.br\/site\/wp-json\/wp\/v2\/media?parent=13321"}],"wp:term":[{"taxonomy":"category","embeddable":true,"href":"https:\/\/www.caritasne2.org.br\/site\/wp-json\/wp\/v2\/categories?post=13321"},{"taxonomy":"post_tag","embeddable":true,"href":"https:\/\/www.caritasne2.org.br\/site\/wp-json\/wp\/v2\/tags?post=13321"}],"curies":[{"name":"wp","href":"https:\/\/api.w.org\/{rel}","templated":true}]}}