{"id":1330,"date":"2013-10-14T12:01:09","date_gmt":"2013-10-14T15:01:09","guid":{"rendered":"http:\/\/ne2.caritas.org.br.s174889.gridserver.com\/?p=1330"},"modified":"2017-07-11T15:23:44","modified_gmt":"2017-07-11T18:23:44","slug":"nao-se-pode-considerar-gestao-de-riscos-emergencias-isolada-da-comunicacao-vice-versa","status":"publish","type":"post","link":"https:\/\/www.caritasne2.org.br\/site\/nao-se-pode-considerar-gestao-de-riscos-emergencias-isolada-da-comunicacao-vice-versa\/","title":{"rendered":"\u201cN\u00e3o se pode considerar a gest\u00e3o de riscos e emerg\u00eancias isolada da comunica\u00e7\u00e3o e vice-versa\u201d"},"content":{"rendered":"<p style=\"text-align: justify;\">Confira a entrevista concedida pelo assessor da C\u00e1ritas Brasileira, Jos\u00e9 Magalh\u00e3es de Sousa, que \u00e9 refer\u00eancia no secretariado nacional para a tem\u00e1tica de Magre (Meio Ambiente, Gest\u00e3o de Riscos e Emerg\u00eancias). Numa tentativa de compartilhar um pouco como anda as discuss\u00f5es sobre o tema, durante o \u201cSemin\u00e1rio Regional de Gest\u00e3o de Riscos, Emerg\u00eancia e Comunica\u00e7\u00e3o\u201d, que ocorreu de 8 e 14 de setembro, em Honduras. Magalh\u00e3es falou sobre o Protocolo Regional, Comunica\u00e7\u00e3o e ainda chamou a aten\u00e7\u00e3o para a import\u00e2ncia de se constituir um Protocolo para a C\u00e1ritas Brasileira.<\/p>\n<p style=\"text-align: justify;\"><strong>Leia a entrevista na \u00edntegra.<\/strong><\/p>\n<p style=\"text-align: justify;\"><strong>Ascom \u2013 Desde quando o tema Magre se tornou prioridade para a C\u00e1ritas da Am\u00e9rica Latina e Caribe?<\/strong><\/p>\n<p style=\"text-align: justify;\"><strong>Jos\u00e9 Magalh\u00e3es \u2013<\/strong> Desde 2005, a tem\u00e1tica Magre tornou-se pauta priorit\u00e1ria dos Planos Estrat\u00e9gicos da C\u00e1ritas na Am\u00e9rica Latina e Caribe. O tema vem sendo debatido a cada ano em semin\u00e1rios regionais promovidos pelo Secretariado Latino Americano e Caribenho da C\u00e1ritas (SELACC). Desde ent\u00e3o, foi sendo incorporado a din\u00e2mica da \u201cgest\u00e3o de riscos\u201d como dimens\u00e3o ampliada de atua\u00e7\u00e3o para al\u00e9m da \u201cresposta imediata\u201d. Ou seja, n\u00e3o atuar apenas e despreparadamente quando os fatos acontecem. A tem\u00e1tica faz parte do Plano Estrat\u00e9gico para o per\u00edodo de 2011-2015.<\/p>\n<p style=\"text-align: justify;\"><strong>Ascom \u2013 A Comunica\u00e7\u00e3o com foco nas situa\u00e7\u00f5es de emerg\u00eancias foi discutida de forma transversal ao tema de Magre. Que destaque \u00e9 poss\u00edvel fazer a partir dessa discuss\u00e3o?<\/strong><\/p>\n<p style=\"text-align: justify;\"><strong>Jos\u00e9 Magalh\u00e3es \u2013<\/strong> A interface entre comunica\u00e7\u00e3o e Magre se deu de diferentes formas: primeiro eu destacaria a aprecia\u00e7\u00e3o ao t\u00f3pico \u201cComunica\u00e7\u00e3o\u201d que foi feita no contexto do Protocolo Regional. \u00c9 relevante ressaltar que mesmo j\u00e1 tendo sido aprovado em assembleia, essa parte (comunica\u00e7\u00e3o) mereceu considera\u00e7\u00f5es e aportes complementares que v\u00e3o enriquecer o que j\u00e1 est\u00e1 expl\u00edcito no documento. Lembrando que os aportes dependem de reaprecia\u00e7\u00e3o e incorpora\u00e7\u00e3o pelas inst\u00e2ncias de coordena\u00e7\u00f5es regionais.<\/p>\n<p style=\"text-align: justify;\">Segundo: o Brasil mereceu importante destaque com a apresenta\u00e7\u00e3o de experi\u00eancias e din\u00e2mica de comunica\u00e7\u00e3o no contexto das emerg\u00eancias ocorridas em nosso pa\u00eds. Por outro lado, esses aprendizados nos conduzem a tomar provid\u00eancias de prepara\u00e7\u00e3o, capacita\u00e7\u00e3o e dota\u00e7\u00e3o de condi\u00e7\u00f5es de atua\u00e7\u00e3o r\u00e1pida e eficaz. Esta foi uma experi\u00eancia que, sem d\u00favida, provocar\u00e1 maior interesse da Rede de Comunicadores da C\u00e1ritas, uma vez que n\u00e3o se pode considerar a gest\u00e3o de riscos e emerg\u00eancias isolada da comunica\u00e7\u00e3o e vice-versa.<\/p>\n<p style=\"text-align: justify;\"><strong>Ascom \u2013 Quais s\u00e3o suas percep\u00e7\u00f5es sobre a import\u00e2ncia desse semin\u00e1rio para a C\u00e1ritas Brasileira?<\/strong><\/p>\n<p style=\"text-align: justify;\"><strong>Jos\u00e9 Magalh\u00e3es \u2013<\/strong> J\u00e1 n\u00e3o se justifica mais a afirmativa do despreparo e do improviso na hora de atuar em uma situa\u00e7\u00e3o de emerg\u00eancia grave. Neste sentido, o Semin\u00e1rio trouxe elementos importantes que nos possibilitam enxergar por onde passam os caminhos que nos levam \u00e0 conscientiza\u00e7\u00e3o de que \u201c\u00e9 preciso estar preparado\u201d. O evento tamb\u00e9m aportou elementos importantes para a constitui\u00e7\u00e3o de um \u201cProtocolo da C\u00e1ritas Brasileira\u201d, que estabele\u00e7a compromissos, regras claras, procedimentos e capacidades para atuar em situa\u00e7\u00f5es de emerg\u00eancias. Possibilitou, por outro lado, enxergar as diferentes realidades de cada pa\u00eds, ainda que os par\u00e2metros sejam internacionalizados e globalizados, essas diversas realidades induzem a adotar diferentes formas de atua\u00e7\u00e3o. O Brasil se destaca pela maneira de incidir em pol\u00edticas p\u00fablicas \u2013 o que \u00e9 menos percept\u00edvel em outros pa\u00edses -, e pelas a\u00e7\u00f5es de preven\u00e7\u00e3o e mobiliza\u00e7\u00e3o social, diferentemente da atua\u00e7\u00e3o em \u201cResposta\u201d, muito mais presente na realidade das C\u00e1ritas dos outros pa\u00edses. No entanto, essas realidades se convergem e podem ser complementares, \u00e0 medida que aprendemos uns com os outros.<\/p>\n<p style=\"text-align: justify;\">por Kilma Ferreira, assessora de Comunica\u00e7\u00e3o da C\u00e1ritas Brasileira Regional Nordeste 2<\/p>\n<p>&nbsp;<\/p>\n<p>&nbsp;<\/p>\n<ul class=\"ssb_list_wrapper\"><li class=\"fb2\" style=\"width:135px\"><iframe src=\"\/\/www.facebook.com\/plugins\/like.php?href=https%3A%2F%2Fwww.caritasne2.org.br%2Fsite%2Fnao-se-pode-considerar-gestao-de-riscos-emergencias-isolada-da-comunicacao-vice-versa%2F&amp;layout=button_count&amp;action=like&amp;show_faces=false&amp;share=true&amp;width=135&amp;height=21&amp;appId=307091639398582\" scrolling=\"no\" frameborder=\"0\" style=\"border:none; overflow:hidden;  width:150px; height:21px;\" allowTransparency=\"true\"><\/iframe><\/li><li class=\"twtr\" style=\"width:90px\"><a href=\"https:\/\/twitter.com\/share\" class=\"twitter-share-button\" data-url=\"https:\/\/www.caritasne2.org.br\/site\/nao-se-pode-considerar-gestao-de-riscos-emergencias-isolada-da-comunicacao-vice-versa\/\">&nbsp;<\/a><script>!function(d,s,id){var js,fjs=d.getElementsByTagName(s)[0],p=\/^http:\/.test(d.location)?'http':'https';if(!d.getElementById(id)){js=d.createElement(s);js.id=id;js.src=p+':\/\/platform.twitter.com\/widgets.js';fjs.parentNode.insertBefore(js,fjs);}}(document, 'script', 'twitter-wjs');<\/script><\/li><li class=\"gplus\" style=\"width:68px\"><div class=\"g-plusone\" data-size=\"medium\" data-href=\"https:\/\/www.caritasne2.org.br\/site\/nao-se-pode-considerar-gestao-de-riscos-emergencias-isolada-da-comunicacao-vice-versa\/\"><\/div><\/li><li class=\"ssb_linkedin\" style=\"width:64px\"><script src=\"\/\/platform.linkedin.com\/in.js\" type=\"text\/javascript\">lang: en_US<\/script><script type=\"IN\/Share\" data-url=\"https:\/\/www.caritasne2.org.br\/site\/nao-se-pode-considerar-gestao-de-riscos-emergencias-isolada-da-comunicacao-vice-versa\/\" data-counter=\"right\"><\/script><\/li><\/ul>","protected":false},"excerpt":{"rendered":"<p>Confira a entrevista concedida pelo assessor da C\u00e1ritas Brasileira, Jos\u00e9 Magalh\u00e3es de Sousa, que \u00e9 refer\u00eancia no secretariado nacional para a tem\u00e1tica de Magre (Meio Ambiente, Gest\u00e3o de Riscos e Emerg\u00eancias). Numa tentativa de compartilhar um pouco como anda as discuss\u00f5es sobre o tema, durante o \u201cSemin\u00e1rio Regional de Gest\u00e3o de Riscos, Emerg\u00eancia e Comunica\u00e7\u00e3o\u201d, que ocorreu de 8 e 14 de setembro, em Honduras. [&hellip;]<\/p>\n<ul class=\"ssb_list_wrapper\"><li class=\"fb2\" style=\"width:135px\"><iframe src=\"\/\/www.facebook.com\/plugins\/like.php?href=https%3A%2F%2Fwww.caritasne2.org.br%2Fsite%2Fnao-se-pode-considerar-gestao-de-riscos-emergencias-isolada-da-comunicacao-vice-versa%2F&amp;layout=button_count&amp;action=like&amp;show_faces=false&amp;share=true&amp;width=135&amp;height=21&amp;appId=307091639398582\" scrolling=\"no\" frameborder=\"0\" style=\"border:none; overflow:hidden;  width:150px; height:21px;\" allowTransparency=\"true\"><\/iframe><\/li><li class=\"twtr\" style=\"width:90px\"><a href=\"https:\/\/twitter.com\/share\" class=\"twitter-share-button\" data-url=\"https:\/\/www.caritasne2.org.br\/site\/nao-se-pode-considerar-gestao-de-riscos-emergencias-isolada-da-comunicacao-vice-versa\/\">&nbsp;<\/a><script>!function(d,s,id){var js,fjs=d.getElementsByTagName(s)[0],p=\/^http:\/.test(d.location)?'http':'https';if(!d.getElementById(id)){js=d.createElement(s);js.id=id;js.src=p+':\/\/platform.twitter.com\/widgets.js';fjs.parentNode.insertBefore(js,fjs);}}(document, 'script', 'twitter-wjs');<\/script><\/li><li class=\"gplus\" style=\"width:68px\"><div class=\"g-plusone\" data-size=\"medium\" data-href=\"https:\/\/www.caritasne2.org.br\/site\/nao-se-pode-considerar-gestao-de-riscos-emergencias-isolada-da-comunicacao-vice-versa\/\"><\/div><\/li><li class=\"ssb_linkedin\" style=\"width:64px\"><script src=\"\/\/platform.linkedin.com\/in.js\" type=\"text\/javascript\">lang: en_US<\/script><script type=\"IN\/Share\" data-url=\"https:\/\/www.caritasne2.org.br\/site\/nao-se-pode-considerar-gestao-de-riscos-emergencias-isolada-da-comunicacao-vice-versa\/\" data-counter=\"right\"><\/script><\/li><\/ul>","protected":false},"author":4,"featured_media":1331,"comment_status":"open","ping_status":"open","sticky":false,"template":"","format":"standard","meta":[],"categories":[20],"tags":[300,67,304,302],"_links":{"self":[{"href":"https:\/\/www.caritasne2.org.br\/site\/wp-json\/wp\/v2\/posts\/1330"}],"collection":[{"href":"https:\/\/www.caritasne2.org.br\/site\/wp-json\/wp\/v2\/posts"}],"about":[{"href":"https:\/\/www.caritasne2.org.br\/site\/wp-json\/wp\/v2\/types\/post"}],"author":[{"embeddable":true,"href":"https:\/\/www.caritasne2.org.br\/site\/wp-json\/wp\/v2\/users\/4"}],"replies":[{"embeddable":true,"href":"https:\/\/www.caritasne2.org.br\/site\/wp-json\/wp\/v2\/comments?post=1330"}],"version-history":[{"count":0,"href":"https:\/\/www.caritasne2.org.br\/site\/wp-json\/wp\/v2\/posts\/1330\/revisions"}],"wp:featuredmedia":[{"embeddable":true,"href":"https:\/\/www.caritasne2.org.br\/site\/wp-json\/wp\/v2\/media\/1331"}],"wp:attachment":[{"href":"https:\/\/www.caritasne2.org.br\/site\/wp-json\/wp\/v2\/media?parent=1330"}],"wp:term":[{"taxonomy":"category","embeddable":true,"href":"https:\/\/www.caritasne2.org.br\/site\/wp-json\/wp\/v2\/categories?post=1330"},{"taxonomy":"post_tag","embeddable":true,"href":"https:\/\/www.caritasne2.org.br\/site\/wp-json\/wp\/v2\/tags?post=1330"}],"curies":[{"name":"wp","href":"https:\/\/api.w.org\/{rel}","templated":true}]}}