{"id":13283,"date":"2025-05-16T09:30:54","date_gmt":"2025-05-16T12:30:54","guid":{"rendered":"https:\/\/www.caritasne2.org.br\/site\/?p=13283"},"modified":"2025-05-16T11:04:53","modified_gmt":"2025-05-16T14:04:53","slug":"caritas-brasileira-ne-2-e-destaque-no-1o-festival-de-economia-popular-solidaria","status":"publish","type":"post","link":"https:\/\/www.caritasne2.org.br\/site\/caritas-brasileira-ne-2-e-destaque-no-1o-festival-de-economia-popular-solidaria\/","title":{"rendered":"C\u00e1ritas Brasileira NE 2 \u00e9 destaque no 1\u00ba Festival de Economia Popular Solid\u00e1ria, em Salvador"},"content":{"rendered":"<p style=\"text-align: justify;\"><span style=\"font-weight: 400;\"><img decoding=\"async\" loading=\"lazy\" class=\"alignright size-medium wp-image-13285\" src=\"https:\/\/www.caritasne2.org.br\/site\/wp-content\/uploads\/2025\/05\/WhatsApp-Image-2025-05-09-at-10.38.16-300x225.jpeg\" alt=\"\" width=\"300\" height=\"225\" srcset=\"https:\/\/www.caritasne2.org.br\/site\/wp-content\/uploads\/2025\/05\/WhatsApp-Image-2025-05-09-at-10.38.16-300x225.jpeg 300w, https:\/\/www.caritasne2.org.br\/site\/wp-content\/uploads\/2025\/05\/WhatsApp-Image-2025-05-09-at-10.38.16-1024x768.jpeg 1024w, https:\/\/www.caritasne2.org.br\/site\/wp-content\/uploads\/2025\/05\/WhatsApp-Image-2025-05-09-at-10.38.16-768x576.jpeg 768w, https:\/\/www.caritasne2.org.br\/site\/wp-content\/uploads\/2025\/05\/WhatsApp-Image-2025-05-09-at-10.38.16.jpeg 1280w\" sizes=\"(max-width: 300px) 100vw, 300px\" \/>Entre os dias 07 e 11 de maio de 2025, o Centro de Conven\u00e7\u00f5es de Salvador foi palco de um evento marcante para o fortalecimento da Economia Popular Solid\u00e1ria no Nordeste: o 1\u00ba Festival de Economia Popular Solid\u00e1ria. A C\u00e1ritas Brasileira Regional Nordeste 2 (CBNE2), al\u00e9m de participar dos debates, contou com a presen\u00e7a de destaque de empreendedoras de Pesqueira, Itamarac\u00e1, Garanhuns (PE) e Caic\u00f3 (RN), todas assessoradas pela institui\u00e7\u00e3o.\u00a0<\/span><\/p>\n<p style=\"text-align: justify;\"><span style=\"font-weight: 400;\">O Festival, organizado pelo Cons\u00f3rcio Nordeste, em conjunto com v\u00e1rios parceiros, reuniu empreendedores de Economia Solid\u00e1ria de diversos estados da regi\u00e3o. Em uma feira multicultural, foram <img decoding=\"async\" loading=\"lazy\" class=\"alignright size-medium wp-image-13286\" src=\"https:\/\/www.caritasne2.org.br\/site\/wp-content\/uploads\/2025\/05\/WhatsApp-Image-2025-05-07-at-23.09.16-225x300.jpeg\" alt=\"\" width=\"225\" height=\"300\" srcset=\"https:\/\/www.caritasne2.org.br\/site\/wp-content\/uploads\/2025\/05\/WhatsApp-Image-2025-05-07-at-23.09.16-225x300.jpeg 225w, https:\/\/www.caritasne2.org.br\/site\/wp-content\/uploads\/2025\/05\/WhatsApp-Image-2025-05-07-at-23.09.16-768x1024.jpeg 768w, https:\/\/www.caritasne2.org.br\/site\/wp-content\/uploads\/2025\/05\/WhatsApp-Image-2025-05-07-at-23.09.16-1152x1536.jpeg 1152w, https:\/\/www.caritasne2.org.br\/site\/wp-content\/uploads\/2025\/05\/WhatsApp-Image-2025-05-07-at-23.09.16-1536x2048.jpeg 1536w, https:\/\/www.caritasne2.org.br\/site\/wp-content\/uploads\/2025\/05\/WhatsApp-Image-2025-05-07-at-23.09.16-scaled.jpeg 1920w\" sizes=\"(max-width: 225px) 100vw, 225px\" \/>comercializados produtos que expressam a diversidade e a riqueza cultural nordestina. Bolo de rolo e biscoitos de leite; flores e brincos confeccionados com escama de peixes; bolsas em croch\u00ea;\u00a0 biscoitos de coco e castanhas de caju&#8230; estes foram alguns dos produtos levados pelas mulheres assessoradas pela CBNE2.<\/span><\/p>\n<p style=\"text-align: justify;\"><span style=\"font-weight: 400;\">Paralelamente \u00e0 feira, a programa\u00e7\u00e3o contou com pain\u00e9is tem\u00e1ticos e oficinas formativas, promovendo reflex\u00f5es sobre o cen\u00e1rio atual da Economia Popular Solid\u00e1ria e seus desafios e potencialidades. Especialistas, representantes de movimentos sociais, gestores p\u00fablicos, empreendedores e apoiadores da causa compartilharam experi\u00eancias e estrat\u00e9gias para o fortalecimento do setor.<\/span><\/p>\n<p style=\"text-align: justify;\"><span style=\"font-weight: 400;\">As mulheres de Pesqueira, Garanhuns, Itamarac\u00e1 e Caic\u00f3 representam grupos de Economia Popular Solid\u00e1ria assessorados pela CBNE2. No Festival, <img decoding=\"async\" loading=\"lazy\" class=\"alignright size-medium wp-image-13287\" src=\"https:\/\/www.caritasne2.org.br\/site\/wp-content\/uploads\/2025\/05\/WhatsApp-Image-2025-05-08-at-17.35.36-1-300x225.jpeg\" alt=\"\" width=\"300\" height=\"225\" srcset=\"https:\/\/www.caritasne2.org.br\/site\/wp-content\/uploads\/2025\/05\/WhatsApp-Image-2025-05-08-at-17.35.36-1-300x225.jpeg 300w, https:\/\/www.caritasne2.org.br\/site\/wp-content\/uploads\/2025\/05\/WhatsApp-Image-2025-05-08-at-17.35.36-1-1024x768.jpeg 1024w, https:\/\/www.caritasne2.org.br\/site\/wp-content\/uploads\/2025\/05\/WhatsApp-Image-2025-05-08-at-17.35.36-1-768x576.jpeg 768w, https:\/\/www.caritasne2.org.br\/site\/wp-content\/uploads\/2025\/05\/WhatsApp-Image-2025-05-08-at-17.35.36-1-1536x1152.jpeg 1536w, https:\/\/www.caritasne2.org.br\/site\/wp-content\/uploads\/2025\/05\/WhatsApp-Image-2025-05-08-at-17.35.36-1-2048x1536.jpeg 2048w\" sizes=\"(max-width: 300px) 100vw, 300px\" \/>elas foram acompanhadas pela assessora regional de Economia Popular Solid\u00e1ria (EPS), Liliane Fell, e pela assessora t\u00e9cnica da entidade, Marilise Fr\u00f3es, que estiveram presentes durante toda a feira.<\/span><\/p>\n<p style=\"text-align: justify;\"><b>QUINTAIS PRODUTIVOS<\/b><span style=\"font-weight: 400;\"> &#8211; A C\u00e1ritas Nordeste 2 tamb\u00e9m foi destaque em um dos momentos importantes programa\u00e7\u00e3o: o painel promovido pela Funda\u00e7\u00e3o Banco do Brasil sobre a experi\u00eancia dos <\/span><i><span style=\"font-weight: 400;\">\u201cQuintais Produtivos\u201d<\/span><\/i><span style=\"font-weight: 400;\"> \u2014 um trabalho desenvolvido em conjunto pelas duas institui\u00e7\u00f5es, que vem apresentando resultados concretos na promo\u00e7\u00e3o da seguran\u00e7a alimentar e da autonomia de fam\u00edlias agricultoras.\u00a0<\/span><\/p>\n<p style=\"text-align: justify;\"><span style=\"font-weight: 400;\"><img decoding=\"async\" loading=\"lazy\" class=\"alignright size-medium wp-image-13288\" src=\"https:\/\/www.caritasne2.org.br\/site\/wp-content\/uploads\/2025\/05\/WhatsApp-Image-2025-05-08-at-18.32.05-300x225.jpeg\" alt=\"\" width=\"300\" height=\"225\" srcset=\"https:\/\/www.caritasne2.org.br\/site\/wp-content\/uploads\/2025\/05\/WhatsApp-Image-2025-05-08-at-18.32.05-300x225.jpeg 300w, https:\/\/www.caritasne2.org.br\/site\/wp-content\/uploads\/2025\/05\/WhatsApp-Image-2025-05-08-at-18.32.05-1024x768.jpeg 1024w, https:\/\/www.caritasne2.org.br\/site\/wp-content\/uploads\/2025\/05\/WhatsApp-Image-2025-05-08-at-18.32.05-768x576.jpeg 768w, https:\/\/www.caritasne2.org.br\/site\/wp-content\/uploads\/2025\/05\/WhatsApp-Image-2025-05-08-at-18.32.05.jpeg 1280w\" sizes=\"(max-width: 300px) 100vw, 300px\" \/>O painel contou com a participa\u00e7\u00e3o da secret\u00e1ria executiva da CBNE2, Neilda Pereira, e do assessor regional de seguran\u00e7a alimentar, Germano de Barros, que compartilharam aprendizados e avan\u00e7os dessa iniciativa, que integra produ\u00e7\u00e3o sustent\u00e1vel, gera\u00e7\u00e3o de renda e preserva\u00e7\u00e3o da cultura alimentar regional.\u00a0<\/span><\/p>\n<p style=\"text-align: justify;\"><span style=\"font-weight: 400;\">A import\u00e2ncia do projeto tamb\u00e9m foi refor\u00e7ada por dona Ant\u00f4nia, agricultora e empreendedora popular solid\u00e1ria de Caic\u00f3. Em um depoimento emocionante, ela compartilhou com os demais o quanto os mutir\u00f5es, reuni\u00f5es e atividades fizeram a diferen\u00e7a em sua vida, em um momento dif\u00edcil. A troca de experi\u00eancias com outras mulheres e a renda <img decoding=\"async\" loading=\"lazy\" class=\"alignright size-medium wp-image-13289\" src=\"https:\/\/www.caritasne2.org.br\/site\/wp-content\/uploads\/2025\/05\/WhatsApp-Image-2025-05-08-at-17.18.50-300x225.jpeg\" alt=\"\" width=\"300\" height=\"225\" srcset=\"https:\/\/www.caritasne2.org.br\/site\/wp-content\/uploads\/2025\/05\/WhatsApp-Image-2025-05-08-at-17.18.50-300x225.jpeg 300w, https:\/\/www.caritasne2.org.br\/site\/wp-content\/uploads\/2025\/05\/WhatsApp-Image-2025-05-08-at-17.18.50-1024x768.jpeg 1024w, https:\/\/www.caritasne2.org.br\/site\/wp-content\/uploads\/2025\/05\/WhatsApp-Image-2025-05-08-at-17.18.50-768x576.jpeg 768w, https:\/\/www.caritasne2.org.br\/site\/wp-content\/uploads\/2025\/05\/WhatsApp-Image-2025-05-08-at-17.18.50-1536x1152.jpeg 1536w, https:\/\/www.caritasne2.org.br\/site\/wp-content\/uploads\/2025\/05\/WhatsApp-Image-2025-05-08-at-17.18.50-2048x1536.jpeg 2048w\" sizes=\"(max-width: 300px) 100vw, 300px\" \/>extra garantida com o projeto lhes devolveram a autoestima e criaram outras perspectivas de futuro para a fam\u00edlia.\u00a0<\/span><\/p>\n<p style=\"text-align: justify;\"><span style=\"font-weight: 400;\">Para a assessora regional de Economia Popular Solid\u00e1ria (EPS) da CBNE2, Liliane Fell, a participa\u00e7\u00e3o da CBNE2 no evento \u00e9 um caminho para demonstrar o compromisso da entidade com a constru\u00e7\u00e3o de um modelo de desenvolvimento mais justo, solid\u00e1rio e enraizado na realidade dos territ\u00f3rios.\u00a0<\/span><\/p>\n<p style=\"text-align: justify;\"><span style=\"font-weight: 400;\">\u201cEventos como este s\u00e3o fundamentais para dar visibilidade \u00e0s pr\u00e1ticas transformadoras que emergem das comunidades e que apontam caminhos concretos para uma economia voltada para a vida, a coletividade e a sustentabilidade. Al\u00e9m disso, \u00e9 uma oportunidade de comercializa\u00e7\u00e3o dos produtos, bem como de articula\u00e7\u00f5es e divulga\u00e7\u00e3o de nosso trabalho\u201d, ressalta Liliane.<\/span><\/p>\n<ul class=\"ssb_list_wrapper\"><li class=\"fb2\" style=\"width:135px\"><iframe src=\"\/\/www.facebook.com\/plugins\/like.php?href=https%3A%2F%2Fwww.caritasne2.org.br%2Fsite%2Fcaritas-brasileira-ne-2-e-destaque-no-1o-festival-de-economia-popular-solidaria%2F&amp;layout=button_count&amp;action=like&amp;show_faces=false&amp;share=true&amp;width=135&amp;height=21&amp;appId=307091639398582\" scrolling=\"no\" frameborder=\"0\" style=\"border:none; overflow:hidden;  width:150px; height:21px;\" allowTransparency=\"true\"><\/iframe><\/li><li class=\"twtr\" style=\"width:90px\"><a href=\"https:\/\/twitter.com\/share\" class=\"twitter-share-button\" data-url=\"https:\/\/www.caritasne2.org.br\/site\/caritas-brasileira-ne-2-e-destaque-no-1o-festival-de-economia-popular-solidaria\/\">&nbsp;<\/a><script>!function(d,s,id){var js,fjs=d.getElementsByTagName(s)[0],p=\/^http:\/.test(d.location)?'http':'https';if(!d.getElementById(id)){js=d.createElement(s);js.id=id;js.src=p+':\/\/platform.twitter.com\/widgets.js';fjs.parentNode.insertBefore(js,fjs);}}(document, 'script', 'twitter-wjs');<\/script><\/li><li class=\"gplus\" style=\"width:68px\"><div class=\"g-plusone\" data-size=\"medium\" data-href=\"https:\/\/www.caritasne2.org.br\/site\/caritas-brasileira-ne-2-e-destaque-no-1o-festival-de-economia-popular-solidaria\/\"><\/div><\/li><li class=\"ssb_linkedin\" style=\"width:64px\"><script src=\"\/\/platform.linkedin.com\/in.js\" type=\"text\/javascript\">lang: en_US<\/script><script type=\"IN\/Share\" data-url=\"https:\/\/www.caritasne2.org.br\/site\/caritas-brasileira-ne-2-e-destaque-no-1o-festival-de-economia-popular-solidaria\/\" data-counter=\"right\"><\/script><\/li><\/ul>","protected":false},"excerpt":{"rendered":"<p>Entre os dias 07 e 11 de maio de 2025, o Centro de Conven\u00e7\u00f5es de Salvador foi palco de um evento marcante para o fortalecimento da Economia Popular Solid\u00e1ria no Nordeste: o 1\u00ba Festival de Economia Popular Solid\u00e1ria. A C\u00e1ritas Brasileira Regional Nordeste 2 (CBNE2), al\u00e9m de participar dos debates, contou com a presen\u00e7a de destaque de empreendedoras de Pesqueira, Itamarac\u00e1, Garanhuns (PE) e Caic\u00f3 [&hellip;]<\/p>\n<ul class=\"ssb_list_wrapper\"><li class=\"fb2\" style=\"width:135px\"><iframe src=\"\/\/www.facebook.com\/plugins\/like.php?href=https%3A%2F%2Fwww.caritasne2.org.br%2Fsite%2Fcaritas-brasileira-ne-2-e-destaque-no-1o-festival-de-economia-popular-solidaria%2F&amp;layout=button_count&amp;action=like&amp;show_faces=false&amp;share=true&amp;width=135&amp;height=21&amp;appId=307091639398582\" scrolling=\"no\" frameborder=\"0\" style=\"border:none; overflow:hidden;  width:150px; height:21px;\" allowTransparency=\"true\"><\/iframe><\/li><li class=\"twtr\" style=\"width:90px\"><a href=\"https:\/\/twitter.com\/share\" class=\"twitter-share-button\" data-url=\"https:\/\/www.caritasne2.org.br\/site\/caritas-brasileira-ne-2-e-destaque-no-1o-festival-de-economia-popular-solidaria\/\">&nbsp;<\/a><script>!function(d,s,id){var js,fjs=d.getElementsByTagName(s)[0],p=\/^http:\/.test(d.location)?'http':'https';if(!d.getElementById(id)){js=d.createElement(s);js.id=id;js.src=p+':\/\/platform.twitter.com\/widgets.js';fjs.parentNode.insertBefore(js,fjs);}}(document, 'script', 'twitter-wjs');<\/script><\/li><li class=\"gplus\" style=\"width:68px\"><div class=\"g-plusone\" data-size=\"medium\" data-href=\"https:\/\/www.caritasne2.org.br\/site\/caritas-brasileira-ne-2-e-destaque-no-1o-festival-de-economia-popular-solidaria\/\"><\/div><\/li><li class=\"ssb_linkedin\" style=\"width:64px\"><script src=\"\/\/platform.linkedin.com\/in.js\" type=\"text\/javascript\">lang: en_US<\/script><script type=\"IN\/Share\" data-url=\"https:\/\/www.caritasne2.org.br\/site\/caritas-brasileira-ne-2-e-destaque-no-1o-festival-de-economia-popular-solidaria\/\" data-counter=\"right\"><\/script><\/li><\/ul>","protected":false},"author":4,"featured_media":13284,"comment_status":"open","ping_status":"open","sticky":false,"template":"","format":"standard","meta":[],"categories":[21,20],"tags":[585,245,1175,1248],"_links":{"self":[{"href":"https:\/\/www.caritasne2.org.br\/site\/wp-json\/wp\/v2\/posts\/13283"}],"collection":[{"href":"https:\/\/www.caritasne2.org.br\/site\/wp-json\/wp\/v2\/posts"}],"about":[{"href":"https:\/\/www.caritasne2.org.br\/site\/wp-json\/wp\/v2\/types\/post"}],"author":[{"embeddable":true,"href":"https:\/\/www.caritasne2.org.br\/site\/wp-json\/wp\/v2\/users\/4"}],"replies":[{"embeddable":true,"href":"https:\/\/www.caritasne2.org.br\/site\/wp-json\/wp\/v2\/comments?post=13283"}],"version-history":[{"count":5,"href":"https:\/\/www.caritasne2.org.br\/site\/wp-json\/wp\/v2\/posts\/13283\/revisions"}],"predecessor-version":[{"id":13294,"href":"https:\/\/www.caritasne2.org.br\/site\/wp-json\/wp\/v2\/posts\/13283\/revisions\/13294"}],"wp:featuredmedia":[{"embeddable":true,"href":"https:\/\/www.caritasne2.org.br\/site\/wp-json\/wp\/v2\/media\/13284"}],"wp:attachment":[{"href":"https:\/\/www.caritasne2.org.br\/site\/wp-json\/wp\/v2\/media?parent=13283"}],"wp:term":[{"taxonomy":"category","embeddable":true,"href":"https:\/\/www.caritasne2.org.br\/site\/wp-json\/wp\/v2\/categories?post=13283"},{"taxonomy":"post_tag","embeddable":true,"href":"https:\/\/www.caritasne2.org.br\/site\/wp-json\/wp\/v2\/tags?post=13283"}],"curies":[{"name":"wp","href":"https:\/\/api.w.org\/{rel}","templated":true}]}}