{"id":1325,"date":"2013-10-14T11:54:53","date_gmt":"2013-10-14T14:54:53","guid":{"rendered":"http:\/\/ne2.caritas.org.br.s174889.gridserver.com\/?p=1325"},"modified":"2017-07-11T15:23:44","modified_gmt":"2017-07-11T18:23:44","slug":"caritas-america-latina-caribe-discutem-gestao-de-risco-emergencias-comunicacao","status":"publish","type":"post","link":"https:\/\/www.caritasne2.org.br\/site\/caritas-america-latina-caribe-discutem-gestao-de-risco-emergencias-comunicacao\/","title":{"rendered":"C\u00e1ritas Am\u00e9rica Latina e Caribe discutem gest\u00e3o de risco, emerg\u00eancias e comunica\u00e7\u00e3o"},"content":{"rendered":"<p style=\"text-align: center;\">O evento prop\u00f4s o compartilhamento de experi\u00eancias e pr\u00e1ticas entre os diferentes pa\u00edses da Am\u00e9rica Latina e Caribe no que se refere \u00e0s respostas imediatas a situa\u00e7\u00f5es extremas de emerg\u00eancias<\/p>\n<p style=\"text-align: center;\">\n<p style=\"text-align: justify;\">Cerca de 50 representantes da C\u00e1ritas da Am\u00e9rica Latina e Caribe, C\u00e1ritas Internacional, C\u00e1ritas Alem\u00e3 e da ag\u00eancia humanit\u00e1ria Catholic Relief Services (CRS) estiveram presentes no \u201cSemin\u00e1rio Regional de Gest\u00e3o de Riscos, Emerg\u00eancia e Comunica\u00e7\u00e3o.\u201d O evento aconteceu entre os dias 8 e 14 de setembro, no Centro de Forma\u00e7\u00e3o Monse\u00f1or Ra\u00fal Corriveau, em Siguatepeque a 120 km de Tegucigalpa, capital de Honduras.<\/p>\n<p style=\"text-align: justify;\">O semin\u00e1rio prop\u00f4s o compartilhamento de experi\u00eancias e pr\u00e1ticas entre os diferentes pa\u00edses da Am\u00e9rica Latina e Caribe no que se refere \u00e0s respostas imediatas a situa\u00e7\u00f5es extremas de emerg\u00eancias, como terremotos, fura\u00e7\u00f5es e enchentes. Representaram a C\u00e1ritas Brasileira, Jos\u00e9 Magalh\u00e3es de Sousa, assessor nacional de Gest\u00e3o de Riscos e Emerg\u00eancias, e Kilma Ferreira, assessora de Comunica\u00e7\u00e3o da C\u00e1ritas Brasileira Regional Nordeste 2 (NE2).<\/p>\n<p style=\"text-align: justify;\">A partir da tem\u00e1tica central que conduziu todo evento: Magre (Meio Ambiente, Gest\u00e3o de Risco e Emerg\u00eancia), os agentes C\u00e1ritas trabalharam na perspectiva de definir os protocolos regionais de resposta as emerg\u00eancias. Na interface entre Magre e Comunica\u00e7\u00e3o, temas como redes sociais, pol\u00edticas e meios de comunica\u00e7\u00e3o, planejamento e apresenta\u00e7\u00e3o de experi\u00eancias em comunica\u00e7\u00e3o tamb\u00e9m estiveram no foco dos debates que estruturaram o semin\u00e1rio.<\/p>\n<p style=\"text-align: justify;\">De acordo com o assessor nacional de Gest\u00e3o de Risco e Emerg\u00eancias da C\u00e1ritas Brasileira, Jos\u00e9 Magalh\u00e3es de Sousa, o evento teve como principal objetivo capacitar agentes para resposta imediata as emerg\u00eancias. \u201c\u00c9 importante destacar que o processo de capacita\u00e7\u00e3o tomou como refer\u00eancia o conjunto de diretrizes, estrat\u00e9gias e a\u00e7\u00f5es previstas para as fases de atua\u00e7\u00e3o direta durante uma emerg\u00eancia extrema\u201d, explicou.<\/p>\n<p style=\"text-align: justify;\">Ainda segundo Magalh\u00e3es, o conjunto de diretrizes comp\u00f5e o \u201cProtocolo de Resposta a Situa\u00e7\u00e3o de Emerg\u00eancia Extrema\u201d, que foi aprovado no m\u00eas de julho deste ano, na Assembleia Regional do Secretariado Latino Americano e Caribenho da C\u00e1ritas (SELACC).<\/p>\n<p style=\"text-align: justify;\">A proposta do Protocolo \u00e9 contribuir para uma melhor coopera\u00e7\u00e3o regional nas respostas oportunas, eficazes, eficientes e transparentes a uma emerg\u00eancia grave. \u00c9 importante destacar que cada C\u00e1ritas nacional est\u00e1 estimulada a tamb\u00e9m produzir e aprovar seu protocolo a partir da realidade de cada pa\u00eds.<\/p>\n<p style=\"text-align: justify;\">Durante o evento os participantes tamb\u00e9m compartilharam experi\u00eancias com exemplos concretos de mobiliza\u00e7\u00e3o de recursos e organiza\u00e7\u00e3o da solidariedade em situa\u00e7\u00f5es de emerg\u00eancia; participaram de simula\u00e7\u00f5es e treinamentos a partir de cen\u00e1rios fict\u00edcios; al\u00e9m de momentos de socializa\u00e7\u00e3o de informa\u00e7\u00f5es referentes \u00e0 constitui\u00e7\u00e3o de Redes Humanit\u00e1rias, c\u00f3digo de conduta e diretrizes internacionais para atua\u00e7\u00e3o em emerg\u00eancias.<\/p>\n<p style=\"text-align: justify;\"><strong>Comunica\u00e7\u00e3o:<\/strong> um dos destaques do semin\u00e1rio foi a Comunica\u00e7\u00e3o, discutida a partir da interface com a tem\u00e1tica Magre. Na ocasi\u00e3o, referentes da rede de comunicadores da C\u00e1ritas da Am\u00e9rica Latina e Caribe dialogaram sobre a pol\u00edtica de comunica\u00e7\u00e3o que norteia as a\u00e7\u00f5es desenvolvidas nos pa\u00edses latino-americanos. O grupo de comunicadores tamb\u00e9m compartilhou exemplos de experi\u00eancias exitosas com os ve\u00edculos de comunica\u00e7\u00e3o, com as redes sociais, atrav\u00e9s das p\u00e1ginas regionais da web, campanhas de conscientiza\u00e7\u00e3o, mobiliza\u00e7\u00e3o social e de recursos.<\/p>\n<p style=\"text-align: justify;\">Durante o semin\u00e1rio tamb\u00e9m foram planejadas a\u00e7\u00f5es articuladas entre Magre e Comunica\u00e7\u00e3o, a partir de uma estrat\u00e9gia de atua\u00e7\u00e3o, sobretudo com foco no antes, durante e depois de uma situa\u00e7\u00e3o de emerg\u00eancia. Na oportunidade, os comunicadores tamb\u00e9m discutiram sobre o t\u00f3pico comunica\u00e7\u00e3o no contexto do Protocolo Regional. Como resultado das discuss\u00f5es, o grupo apontou algumas propostas e fez considera\u00e7\u00f5es que visam contribuir e enriquecer o Protocolo Regional. Mas \u00e9 preciso destacar que essas propostas ainda precisam ser apreciadas por outras inst\u00e2ncias de coordena\u00e7\u00e3o.<\/p>\n<p style=\"text-align: justify;\"><strong>Plano:<\/strong> a identidade da C\u00e1ritas Brasileira est\u00e1 essencialmente vinculada \u00e0 atua\u00e7\u00e3o em situa\u00e7\u00f5es de emerg\u00eancias. Desta forma, a comunica\u00e7\u00e3o \u00e9 parte fundamental nos processos de gest\u00e3o de risco e emerg\u00eancias para que as motiva\u00e7\u00f5es e a\u00e7\u00f5es de solidariedade cheguem \u00e0 sociedade de maneira correta e eficaz.<\/p>\n<p style=\"text-align: justify;\">Neste intuito, a C\u00e1ritas Brasileira, elaborou e apresentou durante o \u201cSemin\u00e1rio Regional de Gest\u00e3o de Riscos, Emerg\u00eancia e Comunica\u00e7\u00e3o\u201d, um plano de comunica\u00e7\u00e3o voltado especificamente para casos de emerg\u00eancias extremas tendo tr\u00eas bases norteadoras: antes (setor de comunica\u00e7\u00e3o sempre preparado para casos de emerg\u00eancias), durante (garantir o envolvimento total da equipe e atividades de comunica\u00e7\u00e3o priorizadas e voltadas para os casos de emerg\u00eancia) e depois (garantir a visibilidade das a\u00e7\u00f5es desenvolvidas pela C\u00e1ritas em casos de emerg\u00eancias).<\/p>\n<p style=\"text-align: justify;\"><strong>Experi\u00eancia:<\/strong> com objetivo de compartilhar saberes durante o semin\u00e1rio foram apresentadas v\u00e1rias experi\u00eancias desenvolvidas pela C\u00e1ritas da Am\u00e9rica Latina e Caribe, entre elas o conjunto de a\u00e7\u00f5es de reabilita\u00e7\u00e3o e reconstru\u00e7\u00e3o da regi\u00e3o ap\u00f3s a passagem do furac\u00e3o Sandy em outubro de 2012 em Cuba. J\u00e1 o Brasil, apresentou a experi\u00eancia executada pela C\u00e1ritas Regional NE2 durante as enchentes nos estados de Alagoas, Pernambuco e Rio Grande do Norte, que deixaram milhares de vitimas, desabrigados e desalojados. Na ocasi\u00e3o, a C\u00e1ritas NE2 compartilhou um pouco do trabalho que foi realizado pelo Setor de Comunica\u00e7\u00e3o durante e o p\u00f3s-emerg\u00eancia.<\/p>\n<p style=\"text-align: justify;\"><a href=\"http:\/\/ne2.caritas.org.br.s174889.gridserver.com\/2013\/10\/14\/caritas-america-latina-caribe-discutem-gestao-de-risco-emergencias-comunicacao\/magre-caritas\/\" rel=\"attachment wp-att-1327\"><img decoding=\"async\" loading=\"lazy\" class=\"aligncenter size-medium wp-image-1327\" title=\"magre-caritas\" src=\"http:\/\/ne2.caritas.org.br.s174889.gridserver.com\/wp-content\/uploads\/2013\/10\/magre-caritas-300x164.jpg\" alt=\"\" width=\"300\" height=\"164\" \/><\/a><\/p>\n<p style=\"text-align: justify;\">por Kilma Ferreira &#8211; assessora de comunica\u00e7\u00e3o<\/p>\n<p>&nbsp;<\/p>\n<ul class=\"ssb_list_wrapper\"><li class=\"fb2\" style=\"width:135px\"><iframe src=\"\/\/www.facebook.com\/plugins\/like.php?href=https%3A%2F%2Fwww.caritasne2.org.br%2Fsite%2Fcaritas-america-latina-caribe-discutem-gestao-de-risco-emergencias-comunicacao%2F&amp;layout=button_count&amp;action=like&amp;show_faces=false&amp;share=true&amp;width=135&amp;height=21&amp;appId=307091639398582\" scrolling=\"no\" frameborder=\"0\" style=\"border:none; overflow:hidden;  width:150px; height:21px;\" allowTransparency=\"true\"><\/iframe><\/li><li class=\"twtr\" style=\"width:90px\"><a href=\"https:\/\/twitter.com\/share\" class=\"twitter-share-button\" data-url=\"https:\/\/www.caritasne2.org.br\/site\/caritas-america-latina-caribe-discutem-gestao-de-risco-emergencias-comunicacao\/\">&nbsp;<\/a><script>!function(d,s,id){var js,fjs=d.getElementsByTagName(s)[0],p=\/^http:\/.test(d.location)?'http':'https';if(!d.getElementById(id)){js=d.createElement(s);js.id=id;js.src=p+':\/\/platform.twitter.com\/widgets.js';fjs.parentNode.insertBefore(js,fjs);}}(document, 'script', 'twitter-wjs');<\/script><\/li><li class=\"gplus\" style=\"width:68px\"><div class=\"g-plusone\" data-size=\"medium\" data-href=\"https:\/\/www.caritasne2.org.br\/site\/caritas-america-latina-caribe-discutem-gestao-de-risco-emergencias-comunicacao\/\"><\/div><\/li><li class=\"ssb_linkedin\" style=\"width:64px\"><script src=\"\/\/platform.linkedin.com\/in.js\" type=\"text\/javascript\">lang: en_US<\/script><script type=\"IN\/Share\" data-url=\"https:\/\/www.caritasne2.org.br\/site\/caritas-america-latina-caribe-discutem-gestao-de-risco-emergencias-comunicacao\/\" data-counter=\"right\"><\/script><\/li><\/ul>","protected":false},"excerpt":{"rendered":"<p>O evento prop\u00f4s o compartilhamento de experi\u00eancias e pr\u00e1ticas entre os diferentes pa\u00edses da Am\u00e9rica Latina e Caribe no que se refere \u00e0s respostas imediatas a situa\u00e7\u00f5es extremas de emerg\u00eancias Cerca de 50 representantes da C\u00e1ritas da Am\u00e9rica Latina e Caribe, C\u00e1ritas Internacional, C\u00e1ritas Alem\u00e3 e da ag\u00eancia humanit\u00e1ria Catholic Relief Services (CRS) estiveram presentes no \u201cSemin\u00e1rio Regional de Gest\u00e3o de Riscos, Emerg\u00eancia e Comunica\u00e7\u00e3o.\u201d [&hellip;]<\/p>\n<ul class=\"ssb_list_wrapper\"><li class=\"fb2\" style=\"width:135px\"><iframe src=\"\/\/www.facebook.com\/plugins\/like.php?href=https%3A%2F%2Fwww.caritasne2.org.br%2Fsite%2Fcaritas-america-latina-caribe-discutem-gestao-de-risco-emergencias-comunicacao%2F&amp;layout=button_count&amp;action=like&amp;show_faces=false&amp;share=true&amp;width=135&amp;height=21&amp;appId=307091639398582\" scrolling=\"no\" frameborder=\"0\" style=\"border:none; overflow:hidden;  width:150px; height:21px;\" allowTransparency=\"true\"><\/iframe><\/li><li class=\"twtr\" style=\"width:90px\"><a href=\"https:\/\/twitter.com\/share\" class=\"twitter-share-button\" data-url=\"https:\/\/www.caritasne2.org.br\/site\/caritas-america-latina-caribe-discutem-gestao-de-risco-emergencias-comunicacao\/\">&nbsp;<\/a><script>!function(d,s,id){var js,fjs=d.getElementsByTagName(s)[0],p=\/^http:\/.test(d.location)?'http':'https';if(!d.getElementById(id)){js=d.createElement(s);js.id=id;js.src=p+':\/\/platform.twitter.com\/widgets.js';fjs.parentNode.insertBefore(js,fjs);}}(document, 'script', 'twitter-wjs');<\/script><\/li><li class=\"gplus\" style=\"width:68px\"><div class=\"g-plusone\" data-size=\"medium\" data-href=\"https:\/\/www.caritasne2.org.br\/site\/caritas-america-latina-caribe-discutem-gestao-de-risco-emergencias-comunicacao\/\"><\/div><\/li><li class=\"ssb_linkedin\" style=\"width:64px\"><script src=\"\/\/platform.linkedin.com\/in.js\" type=\"text\/javascript\">lang: en_US<\/script><script type=\"IN\/Share\" data-url=\"https:\/\/www.caritasne2.org.br\/site\/caritas-america-latina-caribe-discutem-gestao-de-risco-emergencias-comunicacao\/\" data-counter=\"right\"><\/script><\/li><\/ul>","protected":false},"author":4,"featured_media":1326,"comment_status":"open","ping_status":"open","sticky":false,"template":"","format":"standard","meta":[],"categories":[20],"tags":[300,67,301,302,303],"_links":{"self":[{"href":"https:\/\/www.caritasne2.org.br\/site\/wp-json\/wp\/v2\/posts\/1325"}],"collection":[{"href":"https:\/\/www.caritasne2.org.br\/site\/wp-json\/wp\/v2\/posts"}],"about":[{"href":"https:\/\/www.caritasne2.org.br\/site\/wp-json\/wp\/v2\/types\/post"}],"author":[{"embeddable":true,"href":"https:\/\/www.caritasne2.org.br\/site\/wp-json\/wp\/v2\/users\/4"}],"replies":[{"embeddable":true,"href":"https:\/\/www.caritasne2.org.br\/site\/wp-json\/wp\/v2\/comments?post=1325"}],"version-history":[{"count":0,"href":"https:\/\/www.caritasne2.org.br\/site\/wp-json\/wp\/v2\/posts\/1325\/revisions"}],"wp:featuredmedia":[{"embeddable":true,"href":"https:\/\/www.caritasne2.org.br\/site\/wp-json\/wp\/v2\/media\/1326"}],"wp:attachment":[{"href":"https:\/\/www.caritasne2.org.br\/site\/wp-json\/wp\/v2\/media?parent=1325"}],"wp:term":[{"taxonomy":"category","embeddable":true,"href":"https:\/\/www.caritasne2.org.br\/site\/wp-json\/wp\/v2\/categories?post=1325"},{"taxonomy":"post_tag","embeddable":true,"href":"https:\/\/www.caritasne2.org.br\/site\/wp-json\/wp\/v2\/tags?post=1325"}],"curies":[{"name":"wp","href":"https:\/\/api.w.org\/{rel}","templated":true}]}}