{"id":13249,"date":"2025-04-22T16:41:30","date_gmt":"2025-04-22T19:41:30","guid":{"rendered":"https:\/\/www.caritasne2.org.br\/site\/?p=13249"},"modified":"2025-04-22T16:44:02","modified_gmt":"2025-04-22T19:44:02","slug":"comissao-de-selecao-informa-selecionadosas-do-edital-no-004-2025-para-vaga-de-tecnicoa-de-campo","status":"publish","type":"post","link":"https:\/\/www.caritasne2.org.br\/site\/comissao-de-selecao-informa-selecionadosas-do-edital-no-004-2025-para-vaga-de-tecnicoa-de-campo\/","title":{"rendered":"Comiss\u00e3o de sele\u00e7\u00e3o informa selecionados(as) do edital N\u00ba004\/2025 para vaga de T\u00e9cnico(a) de Campo"},"content":{"rendered":"<p style=\"font-weight: 400; text-align: justify;\">A C\u00e1ritas Brasileira Regional NE2, organismo da Confer\u00eancia Nacional dos Bispos do Brasil (CNBB), no uso de suas atribui\u00e7\u00f5es legais, torna p\u00fablico o resultado dos(as) selecionados(as) para etapa Entrevista do processo seletivo simplificado \u2013 Edital N\u00ba 004\/2025-CBNE2 para contrata\u00e7\u00e3o imediata de pessoal.<\/p>\n<p style=\"font-weight: 400; text-align: justify;\">Os(as) selecionados(as) para a etapa entrevistas s\u00e3o:<\/p>\n<ul style=\"text-align: justify;\">\n<li style=\"font-weight: 400;\"><strong>\u00c1vila de Lima Pontes<\/strong><\/li>\n<li style=\"font-weight: 400;\"><strong>Jos\u00e9 Quintino Neto<\/strong><\/li>\n<li style=\"font-weight: 400;\"><strong>Paulo Charles Lopes de Alc\u00e2ntara\u00a0<\/strong><\/li>\n<\/ul>\n<p style=\"font-weight: 400; text-align: justify;\">\u00a0\u00a0Os candidatos(as) ir\u00e3o participar das entrevistas nos hor\u00e1rios e datas previamente agendadas e informadas pela Comiss\u00e3o de Sele\u00e7\u00e3o da CBNE2.<\/p>\n<p style=\"font-weight: 400; text-align: justify;\">Atenciosamente<\/p>\n<p style=\"font-weight: 400; text-align: justify;\">Comiss\u00e3o de Sele\u00e7\u00e3o<\/p>\n<ul class=\"ssb_list_wrapper\"><li class=\"fb2\" style=\"width:135px\"><iframe src=\"\/\/www.facebook.com\/plugins\/like.php?href=https%3A%2F%2Fwww.caritasne2.org.br%2Fsite%2Fcomissao-de-selecao-informa-selecionadosas-do-edital-no-004-2025-para-vaga-de-tecnicoa-de-campo%2F&amp;layout=button_count&amp;action=like&amp;show_faces=false&amp;share=true&amp;width=135&amp;height=21&amp;appId=307091639398582\" scrolling=\"no\" frameborder=\"0\" style=\"border:none; overflow:hidden;  width:150px; height:21px;\" allowTransparency=\"true\"><\/iframe><\/li><li class=\"twtr\" style=\"width:90px\"><a href=\"https:\/\/twitter.com\/share\" class=\"twitter-share-button\" data-url=\"https:\/\/www.caritasne2.org.br\/site\/comissao-de-selecao-informa-selecionadosas-do-edital-no-004-2025-para-vaga-de-tecnicoa-de-campo\/\">&nbsp;<\/a><script>!function(d,s,id){var js,fjs=d.getElementsByTagName(s)[0],p=\/^http:\/.test(d.location)?'http':'https';if(!d.getElementById(id)){js=d.createElement(s);js.id=id;js.src=p+':\/\/platform.twitter.com\/widgets.js';fjs.parentNode.insertBefore(js,fjs);}}(document, 'script', 'twitter-wjs');<\/script><\/li><li class=\"gplus\" style=\"width:68px\"><div class=\"g-plusone\" data-size=\"medium\" data-href=\"https:\/\/www.caritasne2.org.br\/site\/comissao-de-selecao-informa-selecionadosas-do-edital-no-004-2025-para-vaga-de-tecnicoa-de-campo\/\"><\/div><\/li><li class=\"ssb_linkedin\" style=\"width:64px\"><script src=\"\/\/platform.linkedin.com\/in.js\" type=\"text\/javascript\">lang: en_US<\/script><script type=\"IN\/Share\" data-url=\"https:\/\/www.caritasne2.org.br\/site\/comissao-de-selecao-informa-selecionadosas-do-edital-no-004-2025-para-vaga-de-tecnicoa-de-campo\/\" data-counter=\"right\"><\/script><\/li><\/ul>","protected":false},"excerpt":{"rendered":"<p>A C\u00e1ritas Brasileira Regional NE2, organismo da Confer\u00eancia Nacional dos Bispos do Brasil (CNBB), no uso de suas atribui\u00e7\u00f5es legais, torna p\u00fablico o resultado dos(as) selecionados(as) para etapa Entrevista do processo seletivo simplificado \u2013 Edital N\u00ba 004\/2025-CBNE2 para contrata\u00e7\u00e3o imediata de pessoal. Os(as) selecionados(as) para a etapa entrevistas s\u00e3o: \u00c1vila de Lima Pontes Jos\u00e9 Quintino Neto Paulo Charles Lopes de Alc\u00e2ntara\u00a0 \u00a0\u00a0Os candidatos(as) ir\u00e3o participar [&hellip;]<\/p>\n<ul class=\"ssb_list_wrapper\"><li class=\"fb2\" style=\"width:135px\"><iframe src=\"\/\/www.facebook.com\/plugins\/like.php?href=https%3A%2F%2Fwww.caritasne2.org.br%2Fsite%2Fcomissao-de-selecao-informa-selecionadosas-do-edital-no-004-2025-para-vaga-de-tecnicoa-de-campo%2F&amp;layout=button_count&amp;action=like&amp;show_faces=false&amp;share=true&amp;width=135&amp;height=21&amp;appId=307091639398582\" scrolling=\"no\" frameborder=\"0\" style=\"border:none; overflow:hidden;  width:150px; height:21px;\" allowTransparency=\"true\"><\/iframe><\/li><li class=\"twtr\" style=\"width:90px\"><a href=\"https:\/\/twitter.com\/share\" class=\"twitter-share-button\" data-url=\"https:\/\/www.caritasne2.org.br\/site\/comissao-de-selecao-informa-selecionadosas-do-edital-no-004-2025-para-vaga-de-tecnicoa-de-campo\/\">&nbsp;<\/a><script>!function(d,s,id){var js,fjs=d.getElementsByTagName(s)[0],p=\/^http:\/.test(d.location)?'http':'https';if(!d.getElementById(id)){js=d.createElement(s);js.id=id;js.src=p+':\/\/platform.twitter.com\/widgets.js';fjs.parentNode.insertBefore(js,fjs);}}(document, 'script', 'twitter-wjs');<\/script><\/li><li class=\"gplus\" style=\"width:68px\"><div class=\"g-plusone\" data-size=\"medium\" data-href=\"https:\/\/www.caritasne2.org.br\/site\/comissao-de-selecao-informa-selecionadosas-do-edital-no-004-2025-para-vaga-de-tecnicoa-de-campo\/\"><\/div><\/li><li class=\"ssb_linkedin\" style=\"width:64px\"><script src=\"\/\/platform.linkedin.com\/in.js\" type=\"text\/javascript\">lang: en_US<\/script><script type=\"IN\/Share\" data-url=\"https:\/\/www.caritasne2.org.br\/site\/comissao-de-selecao-informa-selecionadosas-do-edital-no-004-2025-para-vaga-de-tecnicoa-de-campo\/\" data-counter=\"right\"><\/script><\/li><\/ul>","protected":false},"author":4,"featured_media":13250,"comment_status":"open","ping_status":"open","sticky":false,"template":"","format":"standard","meta":[],"categories":[21,20],"tags":[],"_links":{"self":[{"href":"https:\/\/www.caritasne2.org.br\/site\/wp-json\/wp\/v2\/posts\/13249"}],"collection":[{"href":"https:\/\/www.caritasne2.org.br\/site\/wp-json\/wp\/v2\/posts"}],"about":[{"href":"https:\/\/www.caritasne2.org.br\/site\/wp-json\/wp\/v2\/types\/post"}],"author":[{"embeddable":true,"href":"https:\/\/www.caritasne2.org.br\/site\/wp-json\/wp\/v2\/users\/4"}],"replies":[{"embeddable":true,"href":"https:\/\/www.caritasne2.org.br\/site\/wp-json\/wp\/v2\/comments?post=13249"}],"version-history":[{"count":4,"href":"https:\/\/www.caritasne2.org.br\/site\/wp-json\/wp\/v2\/posts\/13249\/revisions"}],"predecessor-version":[{"id":13255,"href":"https:\/\/www.caritasne2.org.br\/site\/wp-json\/wp\/v2\/posts\/13249\/revisions\/13255"}],"wp:featuredmedia":[{"embeddable":true,"href":"https:\/\/www.caritasne2.org.br\/site\/wp-json\/wp\/v2\/media\/13250"}],"wp:attachment":[{"href":"https:\/\/www.caritasne2.org.br\/site\/wp-json\/wp\/v2\/media?parent=13249"}],"wp:term":[{"taxonomy":"category","embeddable":true,"href":"https:\/\/www.caritasne2.org.br\/site\/wp-json\/wp\/v2\/categories?post=13249"},{"taxonomy":"post_tag","embeddable":true,"href":"https:\/\/www.caritasne2.org.br\/site\/wp-json\/wp\/v2\/tags?post=13249"}],"curies":[{"name":"wp","href":"https:\/\/api.w.org\/{rel}","templated":true}]}}