{"id":13214,"date":"2025-03-26T08:12:06","date_gmt":"2025-03-26T11:12:06","guid":{"rendered":"https:\/\/www.caritasne2.org.br\/site\/?p=13214"},"modified":"2025-03-26T08:18:34","modified_gmt":"2025-03-26T11:18:34","slug":"32o-assembleia-regional-da-comissao-episcopal-para-acao-sociotransformadora-planeja-o-fortalecimento-da-acao-nas-dioceses-e-no-regional-nordeste-2","status":"publish","type":"post","link":"https:\/\/www.caritasne2.org.br\/site\/32o-assembleia-regional-da-comissao-episcopal-para-acao-sociotransformadora-planeja-o-fortalecimento-da-acao-nas-dioceses-e-no-regional-nordeste-2\/","title":{"rendered":"32\u00ba Assembleia Regional da Comiss\u00e3o Episcopal para A\u00e7\u00e3o Sociotransformadora planeja o fortalecimento da a\u00e7\u00e3o nas Dioceses e no Regional Nordeste 2"},"content":{"rendered":"<p style=\"text-align: justify;\">Motivados em fortalecer a participa\u00e7\u00e3o da Igreja na forma\u00e7\u00e3o do desenvolvimento humano integral para a constru\u00e7\u00e3o de uma sociedade justa e solid\u00e1ria, promovendo o respeito aos Direitos Humanos, \u00e0 luz do Evangelho, da Doutrina Social da Igreja e da op\u00e7\u00e3o pelos pobres, a Comiss\u00e3o Episcopal para a A\u00e7\u00e3o Sociotransformadora\u00a0\u00a0 no Regional NE2 promoveu de 21 a 23 de mar\u00e7o, a 32\u00ba Assembleia Regional da Comiss\u00e3o de Pastoral para a A\u00e7\u00e3o Sociotransformadora Nordeste 2, em Campina Grande (PB).<\/p>\n<p style=\"text-align: justify;\">Com participa\u00e7\u00e3o de \u00a0representantes das Pastorais Sociais e Organismos da CNBB Regional NE2 \u00a0como a C\u00e1ritas Brasileira Nordeste 2, Comiss\u00e3o Pastoral da Terra (CPT), Conselho Pastoral dos Pescadores e Pescadoras ( CPP), Pastoral da Pessoa Idosa, dentre outros, al\u00e9m de padres, leigos(as), di\u00e1conos e religiosas a assembleia trouxe como tema: Peregrinos da Esperan\u00e7a, escutando o grito dos pobres e da m\u00e3e terra, e lema, \u201cBeber da esperan\u00e7a da gra\u00e7a de Deus, nos leva a descobrir a verdadeira alian\u00e7a social em prol da Casa Comum!\u201d.<\/p>\n<p style=\"text-align: justify;\">Durante os tr\u00eas dias os participantes tiveram como objetivo reacender a f\u00e9 e a esperan\u00e7a dos agentes pastorais, considerando o contexto atual, fortalecendo a a\u00e7\u00e3o sociotransformadora nas Dioceses e no Regional Nordeste 2.<\/p>\n<p style=\"text-align: justify;\">Conduzida pelo bispo referencial da Diocese de Afogados das Ingazeira (PE), e integrante da Comiss\u00e3o Episcopal para A\u00e7\u00e3o Sociotransformadora da CNBB (Cepast) no NE2, Dom Limacedo, a programa\u00e7\u00e3o da assembleia teve a assessoria do padre D\u00e1rio\u00a0Bossi, assessor da\u00a0Cepast, em Bras\u00edlia,\u00a0que abordou temas que transitaram desde o Conc\u00edlio Vaticano II at\u00e9 os desafios atuais, incluindo a Campanha da Fraternidade e o Jubileu da Esperan\u00e7a que a Igreja est\u00e1 celebrando.<\/p>\n<p style=\"text-align: justify;\">\u201cForam tr\u00eas dias de partilha escuta, discernimento dos caminhos a seguir e nossas prioridades. A relevante presen\u00e7a dos bispos, mas sobretudo a presen\u00e7a das lideran\u00e7as de pastorais. E um dos destaques \u00e9 a participa\u00e7\u00e3o e o protagonismo da juventude, que provoca para a miss\u00e3o de encantar para essa dimens\u00e3o prof\u00e9tica e alinhada com os sonhos de Deus e Papa Francisco\u201d, comentou Padre D\u00e1rio.<\/p>\n<p style=\"text-align: justify;\">Ainda na programa\u00e7\u00e3o as pastorais sociais e organismos apresentaram as tendas das prov\u00edncias, com reflex\u00f5es a luz das pautas em comum para as dioceses e regional, o que representa as sementes e sinais da esperan\u00e7a neste territ\u00f3rio. Na sequ\u00eancia, os grupos realizaram trabalhos em grupos a partir das orienta\u00e7\u00f5es da CNBB para a A\u00e7\u00e3o Sociotransformadora, e planejamento da Comiss\u00e3o Episcopal com base nos 03 eixos articula\u00e7\u00e3o, forma\u00e7\u00e3o e comunica\u00e7\u00e3o.<\/p>\n<p style=\"text-align: justify;\">\u201cEnquanto C\u00e1ritas Regional refor\u00e7amos a import\u00e2ncia de estar na comiss\u00e3o sociotransformadora de contribuir com a coordena\u00e7\u00e3o da comiss\u00e3o, entendendo que o rosto da nossa Igreja \u00e9 o rosto de quem mais precisa, e olha para as necessidades do nosso territ\u00f3rio pensando conjuntamente para a\u00e7\u00f5es que venham a contribuir para que as pessoas tenham dignidade e vida em abund\u00e2ncia\u201d, declarou Neilda Pereira, secret\u00e1ria executiva regional da CBNE2.<\/p>\n<p style=\"text-align: justify;\">O evento tamb\u00e9m contou com a participa\u00e7\u00e3o do Bispo de Campina Grande (PB), Dom Dulc\u00eanio Fontes de Matos, que acolheu os participantes.<\/p>\n<p><img decoding=\"async\" loading=\"lazy\" class=\" wp-image-13226 aligncenter\" src=\"https:\/\/www.caritasne2.org.br\/site\/wp-content\/uploads\/2025\/03\/WhatsApp-Image-2025-03-24-at-08.49.49-1-225x300.jpeg\" alt=\"\" width=\"344\" height=\"459\" srcset=\"https:\/\/www.caritasne2.org.br\/site\/wp-content\/uploads\/2025\/03\/WhatsApp-Image-2025-03-24-at-08.49.49-1-225x300.jpeg 225w, https:\/\/www.caritasne2.org.br\/site\/wp-content\/uploads\/2025\/03\/WhatsApp-Image-2025-03-24-at-08.49.49-1-768x1024.jpeg 768w, https:\/\/www.caritasne2.org.br\/site\/wp-content\/uploads\/2025\/03\/WhatsApp-Image-2025-03-24-at-08.49.49-1.jpeg 960w\" sizes=\"(max-width: 344px) 100vw, 344px\" \/><\/p>\n<p><img decoding=\"async\" loading=\"lazy\" class=\" wp-image-13218 aligncenter\" src=\"https:\/\/www.caritasne2.org.br\/site\/wp-content\/uploads\/2025\/03\/WhatsApp-Image-2025-03-23-at-18.14.06-1-300x225.jpeg\" alt=\"\" width=\"440\" height=\"330\" srcset=\"https:\/\/www.caritasne2.org.br\/site\/wp-content\/uploads\/2025\/03\/WhatsApp-Image-2025-03-23-at-18.14.06-1-300x225.jpeg 300w, https:\/\/www.caritasne2.org.br\/site\/wp-content\/uploads\/2025\/03\/WhatsApp-Image-2025-03-23-at-18.14.06-1-1024x768.jpeg 1024w, https:\/\/www.caritasne2.org.br\/site\/wp-content\/uploads\/2025\/03\/WhatsApp-Image-2025-03-23-at-18.14.06-1-768x576.jpeg 768w, https:\/\/www.caritasne2.org.br\/site\/wp-content\/uploads\/2025\/03\/WhatsApp-Image-2025-03-23-at-18.14.06-1.jpeg 1280w\" sizes=\"(max-width: 440px) 100vw, 440px\" \/><\/p>\n<p style=\"text-align: center;\"><img decoding=\"async\" loading=\"lazy\" class=\" wp-image-13225 aligncenter\" src=\"https:\/\/www.caritasne2.org.br\/site\/wp-content\/uploads\/2025\/03\/WhatsApp-Image-2025-03-24-at-08.49.48-300x225.jpeg\" alt=\"\" width=\"444\" height=\"333\" srcset=\"https:\/\/www.caritasne2.org.br\/site\/wp-content\/uploads\/2025\/03\/WhatsApp-Image-2025-03-24-at-08.49.48-300x225.jpeg 300w, https:\/\/www.caritasne2.org.br\/site\/wp-content\/uploads\/2025\/03\/WhatsApp-Image-2025-03-24-at-08.49.48-1024x768.jpeg 1024w, https:\/\/www.caritasne2.org.br\/site\/wp-content\/uploads\/2025\/03\/WhatsApp-Image-2025-03-24-at-08.49.48-768x576.jpeg 768w, https:\/\/www.caritasne2.org.br\/site\/wp-content\/uploads\/2025\/03\/WhatsApp-Image-2025-03-24-at-08.49.48.jpeg 1280w\" sizes=\"(max-width: 444px) 100vw, 444px\" \/><\/p>\n<p><img decoding=\"async\" loading=\"lazy\" class=\" wp-image-13215 aligncenter\" src=\"https:\/\/www.caritasne2.org.br\/site\/wp-content\/uploads\/2025\/03\/WhatsApp-Image-2025-03-23-at-08.00.10-2-300x225.jpeg\" alt=\"\" width=\"455\" height=\"341\" srcset=\"https:\/\/www.caritasne2.org.br\/site\/wp-content\/uploads\/2025\/03\/WhatsApp-Image-2025-03-23-at-08.00.10-2-300x225.jpeg 300w, https:\/\/www.caritasne2.org.br\/site\/wp-content\/uploads\/2025\/03\/WhatsApp-Image-2025-03-23-at-08.00.10-2-1024x768.jpeg 1024w, https:\/\/www.caritasne2.org.br\/site\/wp-content\/uploads\/2025\/03\/WhatsApp-Image-2025-03-23-at-08.00.10-2-768x576.jpeg 768w, https:\/\/www.caritasne2.org.br\/site\/wp-content\/uploads\/2025\/03\/WhatsApp-Image-2025-03-23-at-08.00.10-2-1536x1152.jpeg 1536w, https:\/\/www.caritasne2.org.br\/site\/wp-content\/uploads\/2025\/03\/WhatsApp-Image-2025-03-23-at-08.00.10-2.jpeg 1600w\" sizes=\"(max-width: 455px) 100vw, 455px\" \/><\/p>\n<p><img decoding=\"async\" loading=\"lazy\" class=\" wp-image-13219 aligncenter\" src=\"https:\/\/www.caritasne2.org.br\/site\/wp-content\/uploads\/2025\/03\/WhatsApp-Image-2025-03-23-at-18.15.40-2-300x225.jpeg\" alt=\"\" width=\"447\" height=\"335\" srcset=\"https:\/\/www.caritasne2.org.br\/site\/wp-content\/uploads\/2025\/03\/WhatsApp-Image-2025-03-23-at-18.15.40-2-300x225.jpeg 300w, https:\/\/www.caritasne2.org.br\/site\/wp-content\/uploads\/2025\/03\/WhatsApp-Image-2025-03-23-at-18.15.40-2-1024x768.jpeg 1024w, https:\/\/www.caritasne2.org.br\/site\/wp-content\/uploads\/2025\/03\/WhatsApp-Image-2025-03-23-at-18.15.40-2-768x576.jpeg 768w, https:\/\/www.caritasne2.org.br\/site\/wp-content\/uploads\/2025\/03\/WhatsApp-Image-2025-03-23-at-18.15.40-2-1536x1152.jpeg 1536w, https:\/\/www.caritasne2.org.br\/site\/wp-content\/uploads\/2025\/03\/WhatsApp-Image-2025-03-23-at-18.15.40-2.jpeg 1600w\" sizes=\"(max-width: 447px) 100vw, 447px\" \/><\/p>\n<ul class=\"ssb_list_wrapper\"><li class=\"fb2\" style=\"width:135px\"><iframe src=\"\/\/www.facebook.com\/plugins\/like.php?href=https%3A%2F%2Fwww.caritasne2.org.br%2Fsite%2F32o-assembleia-regional-da-comissao-episcopal-para-acao-sociotransformadora-planeja-o-fortalecimento-da-acao-nas-dioceses-e-no-regional-nordeste-2%2F&amp;layout=button_count&amp;action=like&amp;show_faces=false&amp;share=true&amp;width=135&amp;height=21&amp;appId=307091639398582\" scrolling=\"no\" frameborder=\"0\" style=\"border:none; overflow:hidden;  width:150px; height:21px;\" allowTransparency=\"true\"><\/iframe><\/li><li class=\"twtr\" style=\"width:90px\"><a href=\"https:\/\/twitter.com\/share\" class=\"twitter-share-button\" data-url=\"https:\/\/www.caritasne2.org.br\/site\/32o-assembleia-regional-da-comissao-episcopal-para-acao-sociotransformadora-planeja-o-fortalecimento-da-acao-nas-dioceses-e-no-regional-nordeste-2\/\">&nbsp;<\/a><script>!function(d,s,id){var js,fjs=d.getElementsByTagName(s)[0],p=\/^http:\/.test(d.location)?'http':'https';if(!d.getElementById(id)){js=d.createElement(s);js.id=id;js.src=p+':\/\/platform.twitter.com\/widgets.js';fjs.parentNode.insertBefore(js,fjs);}}(document, 'script', 'twitter-wjs');<\/script><\/li><li class=\"gplus\" style=\"width:68px\"><div class=\"g-plusone\" data-size=\"medium\" data-href=\"https:\/\/www.caritasne2.org.br\/site\/32o-assembleia-regional-da-comissao-episcopal-para-acao-sociotransformadora-planeja-o-fortalecimento-da-acao-nas-dioceses-e-no-regional-nordeste-2\/\"><\/div><\/li><li class=\"ssb_linkedin\" style=\"width:64px\"><script src=\"\/\/platform.linkedin.com\/in.js\" type=\"text\/javascript\">lang: en_US<\/script><script type=\"IN\/Share\" data-url=\"https:\/\/www.caritasne2.org.br\/site\/32o-assembleia-regional-da-comissao-episcopal-para-acao-sociotransformadora-planeja-o-fortalecimento-da-acao-nas-dioceses-e-no-regional-nordeste-2\/\" data-counter=\"right\"><\/script><\/li><\/ul>","protected":false},"excerpt":{"rendered":"<p>Motivados em fortalecer a participa\u00e7\u00e3o da Igreja na forma\u00e7\u00e3o do desenvolvimento humano integral para a constru\u00e7\u00e3o de uma sociedade justa e solid\u00e1ria, promovendo o respeito aos Direitos Humanos, \u00e0 luz do Evangelho, da Doutrina Social da Igreja e da op\u00e7\u00e3o pelos pobres, a Comiss\u00e3o Episcopal para a A\u00e7\u00e3o Sociotransformadora\u00a0\u00a0 no Regional NE2 promoveu de 21 a 23 de mar\u00e7o, a 32\u00ba Assembleia Regional da Comiss\u00e3o [&hellip;]<\/p>\n<ul class=\"ssb_list_wrapper\"><li class=\"fb2\" style=\"width:135px\"><iframe src=\"\/\/www.facebook.com\/plugins\/like.php?href=https%3A%2F%2Fwww.caritasne2.org.br%2Fsite%2F32o-assembleia-regional-da-comissao-episcopal-para-acao-sociotransformadora-planeja-o-fortalecimento-da-acao-nas-dioceses-e-no-regional-nordeste-2%2F&amp;layout=button_count&amp;action=like&amp;show_faces=false&amp;share=true&amp;width=135&amp;height=21&amp;appId=307091639398582\" scrolling=\"no\" frameborder=\"0\" style=\"border:none; overflow:hidden;  width:150px; height:21px;\" allowTransparency=\"true\"><\/iframe><\/li><li class=\"twtr\" style=\"width:90px\"><a href=\"https:\/\/twitter.com\/share\" class=\"twitter-share-button\" data-url=\"https:\/\/www.caritasne2.org.br\/site\/32o-assembleia-regional-da-comissao-episcopal-para-acao-sociotransformadora-planeja-o-fortalecimento-da-acao-nas-dioceses-e-no-regional-nordeste-2\/\">&nbsp;<\/a><script>!function(d,s,id){var js,fjs=d.getElementsByTagName(s)[0],p=\/^http:\/.test(d.location)?'http':'https';if(!d.getElementById(id)){js=d.createElement(s);js.id=id;js.src=p+':\/\/platform.twitter.com\/widgets.js';fjs.parentNode.insertBefore(js,fjs);}}(document, 'script', 'twitter-wjs');<\/script><\/li><li class=\"gplus\" style=\"width:68px\"><div class=\"g-plusone\" data-size=\"medium\" data-href=\"https:\/\/www.caritasne2.org.br\/site\/32o-assembleia-regional-da-comissao-episcopal-para-acao-sociotransformadora-planeja-o-fortalecimento-da-acao-nas-dioceses-e-no-regional-nordeste-2\/\"><\/div><\/li><li class=\"ssb_linkedin\" style=\"width:64px\"><script src=\"\/\/platform.linkedin.com\/in.js\" type=\"text\/javascript\">lang: en_US<\/script><script type=\"IN\/Share\" data-url=\"https:\/\/www.caritasne2.org.br\/site\/32o-assembleia-regional-da-comissao-episcopal-para-acao-sociotransformadora-planeja-o-fortalecimento-da-acao-nas-dioceses-e-no-regional-nordeste-2\/\" data-counter=\"right\"><\/script><\/li><\/ul>","protected":false},"author":4,"featured_media":13228,"comment_status":"open","ping_status":"open","sticky":false,"template":"","format":"standard","meta":[],"categories":[21,20],"tags":[],"_links":{"self":[{"href":"https:\/\/www.caritasne2.org.br\/site\/wp-json\/wp\/v2\/posts\/13214"}],"collection":[{"href":"https:\/\/www.caritasne2.org.br\/site\/wp-json\/wp\/v2\/posts"}],"about":[{"href":"https:\/\/www.caritasne2.org.br\/site\/wp-json\/wp\/v2\/types\/post"}],"author":[{"embeddable":true,"href":"https:\/\/www.caritasne2.org.br\/site\/wp-json\/wp\/v2\/users\/4"}],"replies":[{"embeddable":true,"href":"https:\/\/www.caritasne2.org.br\/site\/wp-json\/wp\/v2\/comments?post=13214"}],"version-history":[{"count":3,"href":"https:\/\/www.caritasne2.org.br\/site\/wp-json\/wp\/v2\/posts\/13214\/revisions"}],"predecessor-version":[{"id":13230,"href":"https:\/\/www.caritasne2.org.br\/site\/wp-json\/wp\/v2\/posts\/13214\/revisions\/13230"}],"wp:featuredmedia":[{"embeddable":true,"href":"https:\/\/www.caritasne2.org.br\/site\/wp-json\/wp\/v2\/media\/13228"}],"wp:attachment":[{"href":"https:\/\/www.caritasne2.org.br\/site\/wp-json\/wp\/v2\/media?parent=13214"}],"wp:term":[{"taxonomy":"category","embeddable":true,"href":"https:\/\/www.caritasne2.org.br\/site\/wp-json\/wp\/v2\/categories?post=13214"},{"taxonomy":"post_tag","embeddable":true,"href":"https:\/\/www.caritasne2.org.br\/site\/wp-json\/wp\/v2\/tags?post=13214"}],"curies":[{"name":"wp","href":"https:\/\/api.w.org\/{rel}","templated":true}]}}