{"id":1321,"date":"2013-09-19T11:27:49","date_gmt":"2013-09-19T14:27:49","guid":{"rendered":"http:\/\/ne2.caritas.org.br.s174889.gridserver.com\/?p=1321"},"modified":"2017-07-11T15:23:44","modified_gmt":"2017-07-11T18:23:44","slug":"cimi-cpt-reforcam-denuncias-sobre-perda-de-direitos-dos-povos-indigenas","status":"publish","type":"post","link":"https:\/\/www.caritasne2.org.br\/site\/cimi-cpt-reforcam-denuncias-sobre-perda-de-direitos-dos-povos-indigenas\/","title":{"rendered":"Cimi e CPT refor\u00e7am den\u00fancias sobre perda de direitos dos povos ind\u00edgenas"},"content":{"rendered":"<p style=\"text-align: justify;\">A terra ind\u00edgena tupinamb\u00e1 de Oliven\u00e7a, na Bahia, est\u00e1 com seu procedimento administrativo encerrado desde 2009. O ministro da Justi\u00e7a, Jos\u00e9 Eduardo Cardozo, no entanto, nega-se a assinar a portaria declarat\u00f3ria. No Mato Grosso do Sul, a terra Kadiw\u00e9u, demarcada h\u00e1 100 anos e homologada h\u00e1 quase 40, continua invadida. Relat\u00f3rio do Cimi (Conselho Indigenista Mission\u00e1rio) registra que, de 2003 a 2012, ocorreram no Estado 317 assassinatos de ind\u00edgenas, dos 563 ocorridos no pa\u00eds nesse per\u00edodo. O confinamento \u00e0s margens de rodovias ou em min\u00fasculas reservas levou ao suic\u00eddio, entre 2000 e 2012, de 611 ind\u00edgenas, jovens entre 14 e 25 anos, de acordo com dados do Dsei (Distrito de Sa\u00fade Ind\u00edgena).<\/p>\n<p style=\"text-align: justify;\">Estes casos s\u00e3o apenas uma pequena amostra da persegui\u00e7\u00e3o sofrida pelos povos ind\u00edgenas no Brasil, que pode ser fortemente agravada com a aprova\u00e7\u00e3o da Proposta de Emenda Constitucional (PEC) n\u00b0 215\/2000. Esta transfere do Executivo para o Legislativo a prerrogativa de demarcar terras ind\u00edgenas. Erwin Kr\u00e4utler, bispo da prelazia do Xingu, no Par\u00e1, e presidente do Cimi, e Enem\u00e9sio Lazzaris, bispo da diocese de Balsas, no Maranh\u00e3o, e presidente da Comiss\u00e3o Pastoral da Terra (CPT), denunciam que s\u00e3o muitos os projetos e a\u00e7\u00f5es que tentam favorecer o uso dessas terras pelo agroneg\u00f3cio. &#8220;Assim foi em abril, quando ind\u00edgenas ocuparam a C\u00e2mara dos Deputados, e assim tem sido na retomada de terras tradicionais, com procedimentos demarcat\u00f3rios paralisados pelo Executivo\u201d.<\/p>\n<p style=\"text-align: justify;\">No dia 16 de abril deste ano, um grupo de ind\u00edgenas ocupou o plen\u00e1rio 1 do anexo 2 da C\u00e2mara dos Deputados, em Bras\u00edlia, para protestar contra a instala\u00e7\u00e3o da PEC 215. O balan\u00e7o da a\u00e7\u00e3o foi positivo j\u00e1 que a indica\u00e7\u00e3o dos parlamentares para integrar uma comiss\u00e3o especialmente criada e de interesse dos deputados ligados ao agroneg\u00f3cio para analisar a PEC 215 foi adiada. Tamb\u00e9m foi criado um Grupo de Trabalho para debater a quest\u00e3o das terras ind\u00edgenas no \u00e2mbito da Comiss\u00e3o de Legisla\u00e7\u00e3o Participativa (CLP). No entanto, a alegria durou pouco, pois, no \u00faltimo dia 10 deste m\u00eas, o presidente da C\u00e2mara, deputado Henrique Alves, do PMDB, por meio de um ato administrativo, constituiu a referida Comiss\u00e3o, respons\u00e1vel por dar um parecer, provavelmente positivo, sobre a PEC 215.<\/p>\n<p style=\"text-align: justify;\">Kr\u00e4utler e Lazzaris afirmam que aos ruralistas, seja na tribuna do Congresso Nacional ou nos jornais, n\u00e3o h\u00e1 o que os leve mais ao descontrole do que a causa ind\u00edgena. Descontrole expresso em uma escalada de recursos contra os direitos desses povos e de comunidades tradicionais garantidos pela Constitui\u00e7\u00e3o Federal. Vide a PEC 215. Essa Proposta, segundo nota t\u00e9cnica do Minist\u00e9rio P\u00fablico Federal (MPF), afronta &#8220;cl\u00e1usulas p\u00e9treas da Constitui\u00e7\u00e3o da Rep\u00fablica&#8221; e viola o n\u00facleo essencial de direitos fundamentais. Fere a divis\u00e3o dos Poderes e anula o direito origin\u00e1rio \u00e0 terra, sendo a demarca\u00e7\u00e3o ato administrativo, segundo os juristas Carlos Frederico Mar\u00e9s e Dalmo de Abreu Dallari. Recentemente, a senadora K\u00e1tia Abreu (PSD\/TO), representante dos ruralistas na C\u00e2mara Federal, protocolou na Casa Civil pedido para que a Funai (Funda\u00e7\u00e3o Nacional do \u00cdndio) paralise o processo de identifica\u00e7\u00e3o \u00e9tnica do povo Kanela do Tocantins.<\/p>\n<p style=\"text-align: justify;\">&#8220;Nada parece deter os ruralistas, que ostentam uma bancada de 214 deputados e 14 senadores, com campanhas eleitorais financiadas pelo capital estrangeiro da Monsanto, Cargill e Syngenta, al\u00e9m da ind\u00fastria de armas e frigor\u00edfico, conforme dados da Transpar\u00eancia Brasil.O que esperar dos povos ind\u00edgenas, quilombolas e comunidades tradicionais a n\u00e3o ser a resist\u00eancia, tal Davi contra Golias, em defesa de seus direitos?\u201d, salientam os presidentes do Cimi e da CPT\u201d. Diante desses fatos, a Apib (Articula\u00e7\u00e3o dos Povos Ind\u00edgenas do Brasil) realizar\u00e1, entre 30 de setembro e 05 de outubro, uma mobiliza\u00e7\u00e3o nacional contra a ofensiva \u00e0 Constitui\u00e7\u00e3o e aos direitos ind\u00edgenas.<\/p>\n<p style=\"text-align: justify;\">Fonte: Adital<\/p>\n<ul class=\"ssb_list_wrapper\"><li class=\"fb2\" style=\"width:135px\"><iframe src=\"\/\/www.facebook.com\/plugins\/like.php?href=https%3A%2F%2Fwww.caritasne2.org.br%2Fsite%2Fcimi-cpt-reforcam-denuncias-sobre-perda-de-direitos-dos-povos-indigenas%2F&amp;layout=button_count&amp;action=like&amp;show_faces=false&amp;share=true&amp;width=135&amp;height=21&amp;appId=307091639398582\" scrolling=\"no\" frameborder=\"0\" style=\"border:none; overflow:hidden;  width:150px; height:21px;\" allowTransparency=\"true\"><\/iframe><\/li><li class=\"twtr\" style=\"width:90px\"><a href=\"https:\/\/twitter.com\/share\" class=\"twitter-share-button\" data-url=\"https:\/\/www.caritasne2.org.br\/site\/cimi-cpt-reforcam-denuncias-sobre-perda-de-direitos-dos-povos-indigenas\/\">&nbsp;<\/a><script>!function(d,s,id){var js,fjs=d.getElementsByTagName(s)[0],p=\/^http:\/.test(d.location)?'http':'https';if(!d.getElementById(id)){js=d.createElement(s);js.id=id;js.src=p+':\/\/platform.twitter.com\/widgets.js';fjs.parentNode.insertBefore(js,fjs);}}(document, 'script', 'twitter-wjs');<\/script><\/li><li class=\"gplus\" style=\"width:68px\"><div class=\"g-plusone\" data-size=\"medium\" data-href=\"https:\/\/www.caritasne2.org.br\/site\/cimi-cpt-reforcam-denuncias-sobre-perda-de-direitos-dos-povos-indigenas\/\"><\/div><\/li><li class=\"ssb_linkedin\" style=\"width:64px\"><script src=\"\/\/platform.linkedin.com\/in.js\" type=\"text\/javascript\">lang: en_US<\/script><script type=\"IN\/Share\" data-url=\"https:\/\/www.caritasne2.org.br\/site\/cimi-cpt-reforcam-denuncias-sobre-perda-de-direitos-dos-povos-indigenas\/\" data-counter=\"right\"><\/script><\/li><\/ul>","protected":false},"excerpt":{"rendered":"<p>A terra ind\u00edgena tupinamb\u00e1 de Oliven\u00e7a, na Bahia, est\u00e1 com seu procedimento administrativo encerrado desde 2009. O ministro da Justi\u00e7a, Jos\u00e9 Eduardo Cardozo, no entanto, nega-se a assinar a portaria declarat\u00f3ria. No Mato Grosso do Sul, a terra Kadiw\u00e9u, demarcada h\u00e1 100 anos e homologada h\u00e1 quase 40, continua invadida. Relat\u00f3rio do Cimi (Conselho Indigenista Mission\u00e1rio) registra que, de 2003 a 2012, ocorreram no Estado [&hellip;]<\/p>\n<ul class=\"ssb_list_wrapper\"><li class=\"fb2\" style=\"width:135px\"><iframe src=\"\/\/www.facebook.com\/plugins\/like.php?href=https%3A%2F%2Fwww.caritasne2.org.br%2Fsite%2Fcimi-cpt-reforcam-denuncias-sobre-perda-de-direitos-dos-povos-indigenas%2F&amp;layout=button_count&amp;action=like&amp;show_faces=false&amp;share=true&amp;width=135&amp;height=21&amp;appId=307091639398582\" scrolling=\"no\" frameborder=\"0\" style=\"border:none; overflow:hidden;  width:150px; height:21px;\" allowTransparency=\"true\"><\/iframe><\/li><li class=\"twtr\" style=\"width:90px\"><a href=\"https:\/\/twitter.com\/share\" class=\"twitter-share-button\" data-url=\"https:\/\/www.caritasne2.org.br\/site\/cimi-cpt-reforcam-denuncias-sobre-perda-de-direitos-dos-povos-indigenas\/\">&nbsp;<\/a><script>!function(d,s,id){var js,fjs=d.getElementsByTagName(s)[0],p=\/^http:\/.test(d.location)?'http':'https';if(!d.getElementById(id)){js=d.createElement(s);js.id=id;js.src=p+':\/\/platform.twitter.com\/widgets.js';fjs.parentNode.insertBefore(js,fjs);}}(document, 'script', 'twitter-wjs');<\/script><\/li><li class=\"gplus\" style=\"width:68px\"><div class=\"g-plusone\" data-size=\"medium\" data-href=\"https:\/\/www.caritasne2.org.br\/site\/cimi-cpt-reforcam-denuncias-sobre-perda-de-direitos-dos-povos-indigenas\/\"><\/div><\/li><li class=\"ssb_linkedin\" style=\"width:64px\"><script src=\"\/\/platform.linkedin.com\/in.js\" type=\"text\/javascript\">lang: en_US<\/script><script type=\"IN\/Share\" data-url=\"https:\/\/www.caritasne2.org.br\/site\/cimi-cpt-reforcam-denuncias-sobre-perda-de-direitos-dos-povos-indigenas\/\" data-counter=\"right\"><\/script><\/li><\/ul>","protected":false},"author":4,"featured_media":1322,"comment_status":"open","ping_status":"open","sticky":false,"template":"","format":"standard","meta":[],"categories":[20],"tags":[297,298,67,299,215],"_links":{"self":[{"href":"https:\/\/www.caritasne2.org.br\/site\/wp-json\/wp\/v2\/posts\/1321"}],"collection":[{"href":"https:\/\/www.caritasne2.org.br\/site\/wp-json\/wp\/v2\/posts"}],"about":[{"href":"https:\/\/www.caritasne2.org.br\/site\/wp-json\/wp\/v2\/types\/post"}],"author":[{"embeddable":true,"href":"https:\/\/www.caritasne2.org.br\/site\/wp-json\/wp\/v2\/users\/4"}],"replies":[{"embeddable":true,"href":"https:\/\/www.caritasne2.org.br\/site\/wp-json\/wp\/v2\/comments?post=1321"}],"version-history":[{"count":0,"href":"https:\/\/www.caritasne2.org.br\/site\/wp-json\/wp\/v2\/posts\/1321\/revisions"}],"wp:featuredmedia":[{"embeddable":true,"href":"https:\/\/www.caritasne2.org.br\/site\/wp-json\/wp\/v2\/media\/1322"}],"wp:attachment":[{"href":"https:\/\/www.caritasne2.org.br\/site\/wp-json\/wp\/v2\/media?parent=1321"}],"wp:term":[{"taxonomy":"category","embeddable":true,"href":"https:\/\/www.caritasne2.org.br\/site\/wp-json\/wp\/v2\/categories?post=1321"},{"taxonomy":"post_tag","embeddable":true,"href":"https:\/\/www.caritasne2.org.br\/site\/wp-json\/wp\/v2\/tags?post=1321"}],"curies":[{"name":"wp","href":"https:\/\/api.w.org\/{rel}","templated":true}]}}