{"id":13203,"date":"2025-03-24T17:07:07","date_gmt":"2025-03-24T20:07:07","guid":{"rendered":"https:\/\/www.caritasne2.org.br\/site\/?p=13203"},"modified":"2025-03-24T17:07:07","modified_gmt":"2025-03-24T20:07:07","slug":"confira-os-selecionados-para-fase-de-entrevista-no-edital-003-2025","status":"publish","type":"post","link":"https:\/\/www.caritasne2.org.br\/site\/confira-os-selecionados-para-fase-de-entrevista-no-edital-003-2025\/","title":{"rendered":"Confira os selecionados para fase de entrevista no edital 003\/2025"},"content":{"rendered":"<p>A C\u00e1ritas Brasileira Regional Nordeste 2, organismo da Confer\u00eancia Nacional dos Bispos do Brasil (CNBB), no uso de suas atribui\u00e7\u00f5es legais, torna p\u00fablica a lista de selecionada(o)s para a fase de entrevistas do Processo Seletivo Simplificado \u2013 Edital n\u00ba 003\/2025 CBNE2 para contrata\u00e7\u00e3o de pessoal para a fun\u00e7\u00e3o de Assessor(a) Regional de Migra\u00e7\u00e3o e Ref\u00fagio\u00a0.<\/p>\n<p>Confira a lista de selecionada(o)s:<\/p>\n<ul>\n<li>Camila de Freitas Torres Costa<\/li>\n<li>\u00a0Jos\u00e9 Manoel da Mota Silveira<\/li>\n<li>Lucineide Maria da Silva Santos<\/li>\n<li>Tiago Junior Ramos Pereira<\/li>\n<li>Sirley Vieira da Silva<\/li>\n<\/ul>\n<p>As entrevistas ser\u00e3o no pr\u00f3ximo dia 26\/03 de 2025, na Casa de Direitos de Pernambuco, localizada na Universidade Cat\u00f3lica de Pernambuco (UNICAP), na Rua do Pr\u00edncipe, 526, 1\u00ba andar, Boa Vista, Recife\/PE. O hor\u00e1rio de cada candidato(a) ser\u00e1 previamente agendado e informado pela Comiss\u00e3o de Sele\u00e7\u00e3o.<\/p>\n<p>Atenciosamente,<\/p>\n<p><span style=\"color: #222222;\"><span style=\"font-family: Raleway, Arial, Helvetica, sans-serif;\"><span style=\"font-size: small;\">Comiss\u00e3o de Sele\u00e7\u00e3o<\/span><\/span><\/span><\/p>\n<ul class=\"ssb_list_wrapper\"><li class=\"fb2\" style=\"width:135px\"><iframe src=\"\/\/www.facebook.com\/plugins\/like.php?href=https%3A%2F%2Fwww.caritasne2.org.br%2Fsite%2Fconfira-os-selecionados-para-fase-de-entrevista-no-edital-003-2025%2F&amp;layout=button_count&amp;action=like&amp;show_faces=false&amp;share=true&amp;width=135&amp;height=21&amp;appId=307091639398582\" scrolling=\"no\" frameborder=\"0\" style=\"border:none; overflow:hidden;  width:150px; height:21px;\" allowTransparency=\"true\"><\/iframe><\/li><li class=\"twtr\" style=\"width:90px\"><a href=\"https:\/\/twitter.com\/share\" class=\"twitter-share-button\" data-url=\"https:\/\/www.caritasne2.org.br\/site\/confira-os-selecionados-para-fase-de-entrevista-no-edital-003-2025\/\">&nbsp;<\/a><script>!function(d,s,id){var js,fjs=d.getElementsByTagName(s)[0],p=\/^http:\/.test(d.location)?'http':'https';if(!d.getElementById(id)){js=d.createElement(s);js.id=id;js.src=p+':\/\/platform.twitter.com\/widgets.js';fjs.parentNode.insertBefore(js,fjs);}}(document, 'script', 'twitter-wjs');<\/script><\/li><li class=\"gplus\" style=\"width:68px\"><div class=\"g-plusone\" data-size=\"medium\" data-href=\"https:\/\/www.caritasne2.org.br\/site\/confira-os-selecionados-para-fase-de-entrevista-no-edital-003-2025\/\"><\/div><\/li><li class=\"ssb_linkedin\" style=\"width:64px\"><script src=\"\/\/platform.linkedin.com\/in.js\" type=\"text\/javascript\">lang: en_US<\/script><script type=\"IN\/Share\" data-url=\"https:\/\/www.caritasne2.org.br\/site\/confira-os-selecionados-para-fase-de-entrevista-no-edital-003-2025\/\" data-counter=\"right\"><\/script><\/li><\/ul>","protected":false},"excerpt":{"rendered":"<p>A C\u00e1ritas Brasileira Regional Nordeste 2, organismo da Confer\u00eancia Nacional dos Bispos do Brasil (CNBB), no uso de suas atribui\u00e7\u00f5es legais, torna p\u00fablica a lista de selecionada(o)s para a fase de entrevistas do Processo Seletivo Simplificado \u2013 Edital n\u00ba 003\/2025 CBNE2 para contrata\u00e7\u00e3o de pessoal para a fun\u00e7\u00e3o de Assessor(a) Regional de Migra\u00e7\u00e3o e Ref\u00fagio\u00a0. Confira a lista de selecionada(o)s: Camila de Freitas Torres Costa [&hellip;]<\/p>\n<ul class=\"ssb_list_wrapper\"><li class=\"fb2\" style=\"width:135px\"><iframe src=\"\/\/www.facebook.com\/plugins\/like.php?href=https%3A%2F%2Fwww.caritasne2.org.br%2Fsite%2Fconfira-os-selecionados-para-fase-de-entrevista-no-edital-003-2025%2F&amp;layout=button_count&amp;action=like&amp;show_faces=false&amp;share=true&amp;width=135&amp;height=21&amp;appId=307091639398582\" scrolling=\"no\" frameborder=\"0\" style=\"border:none; overflow:hidden;  width:150px; height:21px;\" allowTransparency=\"true\"><\/iframe><\/li><li class=\"twtr\" style=\"width:90px\"><a href=\"https:\/\/twitter.com\/share\" class=\"twitter-share-button\" data-url=\"https:\/\/www.caritasne2.org.br\/site\/confira-os-selecionados-para-fase-de-entrevista-no-edital-003-2025\/\">&nbsp;<\/a><script>!function(d,s,id){var js,fjs=d.getElementsByTagName(s)[0],p=\/^http:\/.test(d.location)?'http':'https';if(!d.getElementById(id)){js=d.createElement(s);js.id=id;js.src=p+':\/\/platform.twitter.com\/widgets.js';fjs.parentNode.insertBefore(js,fjs);}}(document, 'script', 'twitter-wjs');<\/script><\/li><li class=\"gplus\" style=\"width:68px\"><div class=\"g-plusone\" data-size=\"medium\" data-href=\"https:\/\/www.caritasne2.org.br\/site\/confira-os-selecionados-para-fase-de-entrevista-no-edital-003-2025\/\"><\/div><\/li><li class=\"ssb_linkedin\" style=\"width:64px\"><script src=\"\/\/platform.linkedin.com\/in.js\" type=\"text\/javascript\">lang: en_US<\/script><script type=\"IN\/Share\" data-url=\"https:\/\/www.caritasne2.org.br\/site\/confira-os-selecionados-para-fase-de-entrevista-no-edital-003-2025\/\" data-counter=\"right\"><\/script><\/li><\/ul>","protected":false},"author":4,"featured_media":13204,"comment_status":"open","ping_status":"open","sticky":false,"template":"","format":"standard","meta":[],"categories":[21,20],"tags":[],"_links":{"self":[{"href":"https:\/\/www.caritasne2.org.br\/site\/wp-json\/wp\/v2\/posts\/13203"}],"collection":[{"href":"https:\/\/www.caritasne2.org.br\/site\/wp-json\/wp\/v2\/posts"}],"about":[{"href":"https:\/\/www.caritasne2.org.br\/site\/wp-json\/wp\/v2\/types\/post"}],"author":[{"embeddable":true,"href":"https:\/\/www.caritasne2.org.br\/site\/wp-json\/wp\/v2\/users\/4"}],"replies":[{"embeddable":true,"href":"https:\/\/www.caritasne2.org.br\/site\/wp-json\/wp\/v2\/comments?post=13203"}],"version-history":[{"count":2,"href":"https:\/\/www.caritasne2.org.br\/site\/wp-json\/wp\/v2\/posts\/13203\/revisions"}],"predecessor-version":[{"id":13207,"href":"https:\/\/www.caritasne2.org.br\/site\/wp-json\/wp\/v2\/posts\/13203\/revisions\/13207"}],"wp:featuredmedia":[{"embeddable":true,"href":"https:\/\/www.caritasne2.org.br\/site\/wp-json\/wp\/v2\/media\/13204"}],"wp:attachment":[{"href":"https:\/\/www.caritasne2.org.br\/site\/wp-json\/wp\/v2\/media?parent=13203"}],"wp:term":[{"taxonomy":"category","embeddable":true,"href":"https:\/\/www.caritasne2.org.br\/site\/wp-json\/wp\/v2\/categories?post=13203"},{"taxonomy":"post_tag","embeddable":true,"href":"https:\/\/www.caritasne2.org.br\/site\/wp-json\/wp\/v2\/tags?post=13203"}],"curies":[{"name":"wp","href":"https:\/\/api.w.org\/{rel}","templated":true}]}}