{"id":1315,"date":"2013-09-05T11:09:10","date_gmt":"2013-09-05T14:09:10","guid":{"rendered":"http:\/\/ne2.caritas.org.br.s174889.gridserver.com\/?p=1315"},"modified":"2017-07-11T15:23:45","modified_gmt":"2017-07-11T18:23:45","slug":"5a-ssb-aponta-compromissos-para-enfrentar-os-desafios-estado-brasileiro","status":"publish","type":"post","link":"https:\/\/www.caritasne2.org.br\/site\/5a-ssb-aponta-compromissos-para-enfrentar-os-desafios-estado-brasileiro\/","title":{"rendered":"5\u00aa SSB aponta compromissos para enfrentar os desafios do Estado brasileiro"},"content":{"rendered":"<p style=\"text-align: justify;\">Nesta quarta-feira (04\/09), terceiro dia da 5\u00aa Semana Social Brasileira (SBB), foram realizadas dez oficinas tem\u00e1ticas. O objetivo foi elaborar e propor os compromissos que ser\u00e3o votados e assumidos na SSB.<\/p>\n<p style=\"text-align: justify;\">Durante a manh\u00e3, os participantes, divididos em grupos, discutiram nas oficinas os temas: Estado e Trabalho; Estado e Direitos sociais; Estado, Viol\u00eancia e Direitos Humanos; Estado, territ\u00f3rios, povos e comunidades tradicionais; Estado e Meios de Comunica\u00e7\u00e3o; Estado e Juventudes; Estado e Meio ambiente; Estado e Sociedade Civil: marco regulat\u00f3rio; Estado e Reforma Urbana; Estado e D\u00edvida P\u00fablica.<\/p>\n<p style=\"text-align: justify;\">Na plen\u00e1ria, os relatores das oficinas contextualizaram os principais compromissos. Dentre alguns dos pontos apresentados est\u00e1 a import\u00e2ncia do Estado brasileiro garantir o controle democr\u00e1tico e transparente em rela\u00e7\u00e3o ao uso dos recursos p\u00fablicos, realizar a reforma do judici\u00e1rio e a democratiza\u00e7\u00e3o do acesso \u00e0 justi\u00e7a, e assumir o compromisso com a implementa\u00e7\u00e3o do Plano Nacional de Direitos Humanos.<\/p>\n<p style=\"text-align: justify;\">O assessor da Comiss\u00e3o Episcopal Pastoral para o Servi\u00e7o da Caridade, da Justi\u00e7a e da Paz da CNBB, padre Nelito Dornelas, explicou qual a proposta das oficinas. \u201cCada oficina apontou tr\u00eas compromissos para enfrentar os desafios do Estado que n\u00f3s n\u00e3o queremos ou do Estado que temos e n\u00e3o atende as demandas espec\u00edficas da sociedade. Agora, esses 30 eixos norteadores seguem para as 18 regionais da CNBB, que v\u00e3o apontar quais os mais pertinentes e quais v\u00e3o ser assumidos localmente. Ao mesmo tempo, os regionais v\u00e3o apontar um desafio que a 5\u00aa Semana Social Brasileira deve assumir enquanto processo nacional e, a partir de uma vota\u00e7\u00e3o em plen\u00e1ria, quais ser\u00e3o levantados como bandeira de luta em n\u00edvel nacional\u201d, explicou o assessor.<\/p>\n<p style=\"text-align: justify;\">Ao t\u00e9rmino do evento, ter\u00e1 a leitura e a aprova\u00e7\u00e3o de uma carta com os compromissos da 5\u00aa SSB. Com o tema \u201cEstado para que e para quem?\u201d, e o lema \u201cParticipa\u00e7\u00e3o da sociedade no processo de democratiza\u00e7\u00e3o do Estado brasileiro\u201d, o evento re\u00fane movimentos sociais, pastorais sociais, igrejas e institui\u00e7\u00f5es parceiras do pa\u00eds at\u00e9 pr\u00f3xima quinta-feira (05\/09), no Centro Cultura de Bras\u00edlia (CCB).<\/p>\n<p style=\"text-align: justify;\">Por: Chirliana Souza\/Ascom-PMBCN<\/p>\n<ul class=\"ssb_list_wrapper\"><li class=\"fb2\" style=\"width:135px\"><iframe src=\"\/\/www.facebook.com\/plugins\/like.php?href=https%3A%2F%2Fwww.caritasne2.org.br%2Fsite%2F5a-ssb-aponta-compromissos-para-enfrentar-os-desafios-estado-brasileiro%2F&amp;layout=button_count&amp;action=like&amp;show_faces=false&amp;share=true&amp;width=135&amp;height=21&amp;appId=307091639398582\" scrolling=\"no\" frameborder=\"0\" style=\"border:none; overflow:hidden;  width:150px; height:21px;\" allowTransparency=\"true\"><\/iframe><\/li><li class=\"twtr\" style=\"width:90px\"><a href=\"https:\/\/twitter.com\/share\" class=\"twitter-share-button\" data-url=\"https:\/\/www.caritasne2.org.br\/site\/5a-ssb-aponta-compromissos-para-enfrentar-os-desafios-estado-brasileiro\/\">&nbsp;<\/a><script>!function(d,s,id){var js,fjs=d.getElementsByTagName(s)[0],p=\/^http:\/.test(d.location)?'http':'https';if(!d.getElementById(id)){js=d.createElement(s);js.id=id;js.src=p+':\/\/platform.twitter.com\/widgets.js';fjs.parentNode.insertBefore(js,fjs);}}(document, 'script', 'twitter-wjs');<\/script><\/li><li class=\"gplus\" style=\"width:68px\"><div class=\"g-plusone\" data-size=\"medium\" data-href=\"https:\/\/www.caritasne2.org.br\/site\/5a-ssb-aponta-compromissos-para-enfrentar-os-desafios-estado-brasileiro\/\"><\/div><\/li><li class=\"ssb_linkedin\" style=\"width:64px\"><script src=\"\/\/platform.linkedin.com\/in.js\" type=\"text\/javascript\">lang: en_US<\/script><script type=\"IN\/Share\" data-url=\"https:\/\/www.caritasne2.org.br\/site\/5a-ssb-aponta-compromissos-para-enfrentar-os-desafios-estado-brasileiro\/\" data-counter=\"right\"><\/script><\/li><\/ul>","protected":false},"excerpt":{"rendered":"<p>Nesta quarta-feira (04\/09), terceiro dia da 5\u00aa Semana Social Brasileira (SBB), foram realizadas dez oficinas tem\u00e1ticas. O objetivo foi elaborar e propor os compromissos que ser\u00e3o votados e assumidos na SSB. Durante a manh\u00e3, os participantes, divididos em grupos, discutiram nas oficinas os temas: Estado e Trabalho; Estado e Direitos sociais; Estado, Viol\u00eancia e Direitos Humanos; Estado, territ\u00f3rios, povos e comunidades tradicionais; Estado e Meios [&hellip;]<\/p>\n<ul class=\"ssb_list_wrapper\"><li class=\"fb2\" style=\"width:135px\"><iframe src=\"\/\/www.facebook.com\/plugins\/like.php?href=https%3A%2F%2Fwww.caritasne2.org.br%2Fsite%2F5a-ssb-aponta-compromissos-para-enfrentar-os-desafios-estado-brasileiro%2F&amp;layout=button_count&amp;action=like&amp;show_faces=false&amp;share=true&amp;width=135&amp;height=21&amp;appId=307091639398582\" scrolling=\"no\" frameborder=\"0\" style=\"border:none; overflow:hidden;  width:150px; height:21px;\" allowTransparency=\"true\"><\/iframe><\/li><li class=\"twtr\" style=\"width:90px\"><a href=\"https:\/\/twitter.com\/share\" class=\"twitter-share-button\" data-url=\"https:\/\/www.caritasne2.org.br\/site\/5a-ssb-aponta-compromissos-para-enfrentar-os-desafios-estado-brasileiro\/\">&nbsp;<\/a><script>!function(d,s,id){var js,fjs=d.getElementsByTagName(s)[0],p=\/^http:\/.test(d.location)?'http':'https';if(!d.getElementById(id)){js=d.createElement(s);js.id=id;js.src=p+':\/\/platform.twitter.com\/widgets.js';fjs.parentNode.insertBefore(js,fjs);}}(document, 'script', 'twitter-wjs');<\/script><\/li><li class=\"gplus\" style=\"width:68px\"><div class=\"g-plusone\" data-size=\"medium\" data-href=\"https:\/\/www.caritasne2.org.br\/site\/5a-ssb-aponta-compromissos-para-enfrentar-os-desafios-estado-brasileiro\/\"><\/div><\/li><li class=\"ssb_linkedin\" style=\"width:64px\"><script src=\"\/\/platform.linkedin.com\/in.js\" type=\"text\/javascript\">lang: en_US<\/script><script type=\"IN\/Share\" data-url=\"https:\/\/www.caritasne2.org.br\/site\/5a-ssb-aponta-compromissos-para-enfrentar-os-desafios-estado-brasileiro\/\" data-counter=\"right\"><\/script><\/li><\/ul>","protected":false},"author":4,"featured_media":1317,"comment_status":"open","ping_status":"open","sticky":false,"template":"","format":"standard","meta":[],"categories":[295,20],"tags":[251,48,67,253,296],"_links":{"self":[{"href":"https:\/\/www.caritasne2.org.br\/site\/wp-json\/wp\/v2\/posts\/1315"}],"collection":[{"href":"https:\/\/www.caritasne2.org.br\/site\/wp-json\/wp\/v2\/posts"}],"about":[{"href":"https:\/\/www.caritasne2.org.br\/site\/wp-json\/wp\/v2\/types\/post"}],"author":[{"embeddable":true,"href":"https:\/\/www.caritasne2.org.br\/site\/wp-json\/wp\/v2\/users\/4"}],"replies":[{"embeddable":true,"href":"https:\/\/www.caritasne2.org.br\/site\/wp-json\/wp\/v2\/comments?post=1315"}],"version-history":[{"count":0,"href":"https:\/\/www.caritasne2.org.br\/site\/wp-json\/wp\/v2\/posts\/1315\/revisions"}],"wp:featuredmedia":[{"embeddable":true,"href":"https:\/\/www.caritasne2.org.br\/site\/wp-json\/wp\/v2\/media\/1317"}],"wp:attachment":[{"href":"https:\/\/www.caritasne2.org.br\/site\/wp-json\/wp\/v2\/media?parent=1315"}],"wp:term":[{"taxonomy":"category","embeddable":true,"href":"https:\/\/www.caritasne2.org.br\/site\/wp-json\/wp\/v2\/categories?post=1315"},{"taxonomy":"post_tag","embeddable":true,"href":"https:\/\/www.caritasne2.org.br\/site\/wp-json\/wp\/v2\/tags?post=1315"}],"curies":[{"name":"wp","href":"https:\/\/api.w.org\/{rel}","templated":true}]}}