{"id":1310,"date":"2013-09-05T00:53:17","date_gmt":"2013-09-05T03:53:17","guid":{"rendered":"http:\/\/ne2.caritas.org.br.s174889.gridserver.com\/?p=1310"},"modified":"2017-07-11T15:23:45","modified_gmt":"2017-07-11T18:23:45","slug":"articulacao-semiarido-pernambucano-participa-de-debate-sobre-desenvolvimento-rural-sustentavel-solidario","status":"publish","type":"post","link":"https:\/\/www.caritasne2.org.br\/site\/articulacao-semiarido-pernambucano-participa-de-debate-sobre-desenvolvimento-rural-sustentavel-solidario\/","title":{"rendered":"Articula\u00e7\u00e3o no Semi\u00e1rido Pernambucano participa de debate sobre desenvolvimento rural sustent\u00e1vel e solid\u00e1rio"},"content":{"rendered":"<p style=\"text-align: justify;\">O munic\u00edpio de Pesqueira, localizado a 215 quil\u00f4metros de Recife, sediou nos dias 3 e 4 de setembro, a 2\u00aa Confer\u00eancia Estadual de Desenvolvimento Rural Sustent\u00e1vel e Solid\u00e1rio, que aconteceu no Hotel Cruzeiro.<\/p>\n<p style=\"text-align: justify;\">A Articula\u00e7\u00e3o no Semi\u00e1rido Pernambucano (ASA\/PE) marcou presen\u00e7a no evento atrav\u00e9s de diversas organiza\u00e7\u00f5es que estiveram representadas, dentre essas o Servi\u00e7o de Tecnologia Alternativa (Serta), Diocese de Pesqueira, Centro Sabi\u00e1 e Diocese de Caruaru. No primeiro dia da confer\u00eancia Neilda Pereira, coordenadora executiva da Articula\u00e7\u00e3o no Semi\u00e1rido pelo estado de Pernambuco e coordenadora geral da C\u00e1ritas Diocesana de Pesqueira, apresentou o painel Pol\u00edticas P\u00fablicas de Inclus\u00e3o Social e Produtiva no Contexto do Semi\u00e1rido Pernambucano. \u201c\u00c9 imposs\u00edvel fazer este debate sem pensar na integra\u00e7\u00e3o das pol\u00edticas p\u00fablicas. Olhar hoje para o semi\u00e1rido \u00e9 olhar para as hist\u00f3rias de resist\u00eancia. N\u00f3s precisamos olhar as especificidades da nossa regi\u00e3o. Ou a gente muda o olhar de discutir as pol\u00edticas p\u00fablicas, ou na pr\u00f3xima seca n\u00f3s vamos ainda discutir sobre carro pipa\u201d, disse Neilda Pereira, que ainda pontuou a import\u00e2ncia de colocar em pr\u00e1tica o controle social e falou sobre os marcos de avan\u00e7o no estado de Pernambuco com a Pol\u00edtica Estadual de Conviv\u00eancia com o Semi\u00e1rido e Pol\u00edtica Estadual de Combate a Desertifica\u00e7\u00e3o.<\/p>\n<p style=\"text-align: justify;\">O painel teve ainda como participante F\u00e1tima Quadrado, do Conselho Nacional de Desenvolvimento Rural Sustent\u00e1vel (Condraf) e foi mediado pro Germano Barros, presidente do Serta, que dentre outros pontos defenderam a completude do semi\u00e1rido como forma de pensar em novas pol\u00edticas p\u00fablicas. \u201cN\u00f3s afirmamos e reafirmamos a abordagem territorial como instigante ao desenvolvimento\u201d, disse F\u00e1tima Quadrado. \u201cO semi\u00e1rido \u00e9 um lugar de cidadania, do direito, da cultura, do esporte\u201d,completou Germano de Barros.<\/p>\n<p style=\"text-align: justify;\">O ministro interino do Desenvolvimento Agr\u00e1rio (MDA), Laudemir M\u00fcller e a diretora de Pol\u00edticas para as Mulheres, Karla Hora participaram do evento, bem como Aldo Santos , secret\u00e1rio de Agricultura e Reforma Agr\u00e1ria de Pernambuco e Doriel Barros presidente da Federa\u00e7\u00e3o dos Trabalhadores na Agricultura do Estado de Pernambuco (FETAPE).<\/p>\n<p style=\"text-align: justify;\">As confer\u00eancias estaduais s\u00e3o estrat\u00e9gicas, defendeu o ministro interino. \u201cAs confer\u00eancias v\u00e3o nos dar as bases para a constru\u00e7\u00e3o do plano nacional. Com elas vamos decidir as principais propostas para o desenvolvimento rural sustent\u00e1vel e solid\u00e1rio que queremos para os pr\u00f3ximos anos\u201d, disse. Laudemir ainda apontou que os debates em todos os estados brasileiros v\u00e3o envolver cerca de 40 mil pessoas. \u201cEste \u00e9 o espa\u00e7o de discuss\u00e3o do qual a sociedade civil participa junto com o Governo na defini\u00e7\u00e3o das grandes prioridades e principais diretrizes para as pol\u00edticas p\u00fablicas direcionadas \u00e0 agricultura familiar e reforma agr\u00e1ria\u201d.<\/p>\n<p style=\"text-align: justify;\">Na avalia\u00e7\u00e3o do delegado federal do MDA em Pernambuco, Demetrius Fiorante, um aspecto importante do encontro \u00e9 a possibilidade de participa\u00e7\u00e3o direta<a href=\"http:\/\/ne2.caritas.org.br.s174889.gridserver.com\/2013\/09\/05\/articulacao-semiarido-pernambucano-participa-de-debate-sobre-desenvolvimento-rural-sustentavel-solidario\/conferencia-2\/\" rel=\"attachment wp-att-1312\"><img decoding=\"async\" loading=\"lazy\" class=\"alignright size-medium wp-image-1312\" title=\"conferencia 2\" src=\"http:\/\/ne2.caritas.org.br.s174889.gridserver.com\/wp-content\/uploads\/2013\/09\/conferencia-2-300x225.jpg\" alt=\"\" width=\"300\" height=\"225\" srcset=\"https:\/\/www.caritasne2.org.br\/site\/wp-content\/uploads\/2013\/09\/conferencia-2-300x225.jpg 300w, https:\/\/www.caritasne2.org.br\/site\/wp-content\/uploads\/2013\/09\/conferencia-2.jpg 640w\" sizes=\"(max-width: 300px) 100vw, 300px\" \/><\/a> dos agricultores familiares para opinar e decidir sobre as pol\u00edticas p\u00fablicas direcionadas ao setor. \u201cEssa democracia participativa \u00e9 muito importante porque d\u00e1 o respaldo a nossas pol\u00edticas e ao mesmo tempo faz com que a sociedade participe, fiscalize, ajude a implementar essas propostas\u201d, destacou.<\/p>\n<p style=\"text-align: justify;\">As Confer\u00eancias Estaduais precedem a 2\u00aa Confer\u00eancia Nacional de Desenvolvimento Rural Sustent\u00e1vel e Solid\u00e1rio, que ser\u00e1 em outubro, em Bras\u00edlia. Confer\u00eancias Territoriais e Municipais antecederam a Estadual com o prop\u00f3sito de elaborar propostas acerca de diversos temas. Em Pernambuco j\u00e1 foram feitas oito confer\u00eancias territoriais, 29 municipais, uma confer\u00eancia tem\u00e1tica da juventude e outra das mulheres rurais. No \u00faltimo dia da confer\u00eancia (04) ser\u00e3o eleitos os delegados da 2\u00aa Confer\u00eancia Nacional.<\/p>\n<p style=\"text-align: justify;\">Os temas debatidos nos encontros tratam de Desenvolvimento Socioecon\u00f4mico e ambiental do Brasil Rural e fortalecimento da agricultura familiar; reforma agr\u00e1ria e democratiza\u00e7\u00e3o do acesso a terra e aos recursos naturais; Abordagem territorial como estrat\u00e9gia de desenvolvimento rural e promo\u00e7\u00e3o da qualidade de vida, entre outros.<\/p>\n<p style=\"text-align: justify;\">\u00a0por Adriana Leal, comunicadora popular da C\u00e1ritas Diocesana de Pesqueira.<\/p>\n<p>&nbsp;<\/p>\n<ul class=\"ssb_list_wrapper\"><li class=\"fb2\" style=\"width:135px\"><iframe src=\"\/\/www.facebook.com\/plugins\/like.php?href=https%3A%2F%2Fwww.caritasne2.org.br%2Fsite%2Farticulacao-semiarido-pernambucano-participa-de-debate-sobre-desenvolvimento-rural-sustentavel-solidario%2F&amp;layout=button_count&amp;action=like&amp;show_faces=false&amp;share=true&amp;width=135&amp;height=21&amp;appId=307091639398582\" scrolling=\"no\" frameborder=\"0\" style=\"border:none; overflow:hidden;  width:150px; height:21px;\" allowTransparency=\"true\"><\/iframe><\/li><li class=\"twtr\" style=\"width:90px\"><a href=\"https:\/\/twitter.com\/share\" class=\"twitter-share-button\" data-url=\"https:\/\/www.caritasne2.org.br\/site\/articulacao-semiarido-pernambucano-participa-de-debate-sobre-desenvolvimento-rural-sustentavel-solidario\/\">&nbsp;<\/a><script>!function(d,s,id){var js,fjs=d.getElementsByTagName(s)[0],p=\/^http:\/.test(d.location)?'http':'https';if(!d.getElementById(id)){js=d.createElement(s);js.id=id;js.src=p+':\/\/platform.twitter.com\/widgets.js';fjs.parentNode.insertBefore(js,fjs);}}(document, 'script', 'twitter-wjs');<\/script><\/li><li class=\"gplus\" style=\"width:68px\"><div class=\"g-plusone\" data-size=\"medium\" data-href=\"https:\/\/www.caritasne2.org.br\/site\/articulacao-semiarido-pernambucano-participa-de-debate-sobre-desenvolvimento-rural-sustentavel-solidario\/\"><\/div><\/li><li class=\"ssb_linkedin\" style=\"width:64px\"><script src=\"\/\/platform.linkedin.com\/in.js\" type=\"text\/javascript\">lang: en_US<\/script><script type=\"IN\/Share\" data-url=\"https:\/\/www.caritasne2.org.br\/site\/articulacao-semiarido-pernambucano-participa-de-debate-sobre-desenvolvimento-rural-sustentavel-solidario\/\" data-counter=\"right\"><\/script><\/li><\/ul>","protected":false},"excerpt":{"rendered":"<p>O munic\u00edpio de Pesqueira, localizado a 215 quil\u00f4metros de Recife, sediou nos dias 3 e 4 de setembro, a 2\u00aa Confer\u00eancia Estadual de Desenvolvimento Rural Sustent\u00e1vel e Solid\u00e1rio, que aconteceu no Hotel Cruzeiro. A Articula\u00e7\u00e3o no Semi\u00e1rido Pernambucano (ASA\/PE) marcou presen\u00e7a no evento atrav\u00e9s de diversas organiza\u00e7\u00f5es que estiveram representadas, dentre essas o Servi\u00e7o de Tecnologia Alternativa (Serta), Diocese de Pesqueira, Centro Sabi\u00e1 e Diocese [&hellip;]<\/p>\n<ul class=\"ssb_list_wrapper\"><li class=\"fb2\" style=\"width:135px\"><iframe src=\"\/\/www.facebook.com\/plugins\/like.php?href=https%3A%2F%2Fwww.caritasne2.org.br%2Fsite%2Farticulacao-semiarido-pernambucano-participa-de-debate-sobre-desenvolvimento-rural-sustentavel-solidario%2F&amp;layout=button_count&amp;action=like&amp;show_faces=false&amp;share=true&amp;width=135&amp;height=21&amp;appId=307091639398582\" scrolling=\"no\" frameborder=\"0\" style=\"border:none; overflow:hidden;  width:150px; height:21px;\" allowTransparency=\"true\"><\/iframe><\/li><li class=\"twtr\" style=\"width:90px\"><a href=\"https:\/\/twitter.com\/share\" class=\"twitter-share-button\" data-url=\"https:\/\/www.caritasne2.org.br\/site\/articulacao-semiarido-pernambucano-participa-de-debate-sobre-desenvolvimento-rural-sustentavel-solidario\/\">&nbsp;<\/a><script>!function(d,s,id){var js,fjs=d.getElementsByTagName(s)[0],p=\/^http:\/.test(d.location)?'http':'https';if(!d.getElementById(id)){js=d.createElement(s);js.id=id;js.src=p+':\/\/platform.twitter.com\/widgets.js';fjs.parentNode.insertBefore(js,fjs);}}(document, 'script', 'twitter-wjs');<\/script><\/li><li class=\"gplus\" style=\"width:68px\"><div class=\"g-plusone\" data-size=\"medium\" data-href=\"https:\/\/www.caritasne2.org.br\/site\/articulacao-semiarido-pernambucano-participa-de-debate-sobre-desenvolvimento-rural-sustentavel-solidario\/\"><\/div><\/li><li class=\"ssb_linkedin\" style=\"width:64px\"><script src=\"\/\/platform.linkedin.com\/in.js\" type=\"text\/javascript\">lang: en_US<\/script><script type=\"IN\/Share\" data-url=\"https:\/\/www.caritasne2.org.br\/site\/articulacao-semiarido-pernambucano-participa-de-debate-sobre-desenvolvimento-rural-sustentavel-solidario\/\" data-counter=\"right\"><\/script><\/li><\/ul>","protected":false},"author":4,"featured_media":1311,"comment_status":"open","ping_status":"open","sticky":false,"template":"","format":"standard","meta":[],"categories":[72,20],"tags":[157,294,67,100],"_links":{"self":[{"href":"https:\/\/www.caritasne2.org.br\/site\/wp-json\/wp\/v2\/posts\/1310"}],"collection":[{"href":"https:\/\/www.caritasne2.org.br\/site\/wp-json\/wp\/v2\/posts"}],"about":[{"href":"https:\/\/www.caritasne2.org.br\/site\/wp-json\/wp\/v2\/types\/post"}],"author":[{"embeddable":true,"href":"https:\/\/www.caritasne2.org.br\/site\/wp-json\/wp\/v2\/users\/4"}],"replies":[{"embeddable":true,"href":"https:\/\/www.caritasne2.org.br\/site\/wp-json\/wp\/v2\/comments?post=1310"}],"version-history":[{"count":0,"href":"https:\/\/www.caritasne2.org.br\/site\/wp-json\/wp\/v2\/posts\/1310\/revisions"}],"wp:featuredmedia":[{"embeddable":true,"href":"https:\/\/www.caritasne2.org.br\/site\/wp-json\/wp\/v2\/media\/1311"}],"wp:attachment":[{"href":"https:\/\/www.caritasne2.org.br\/site\/wp-json\/wp\/v2\/media?parent=1310"}],"wp:term":[{"taxonomy":"category","embeddable":true,"href":"https:\/\/www.caritasne2.org.br\/site\/wp-json\/wp\/v2\/categories?post=1310"},{"taxonomy":"post_tag","embeddable":true,"href":"https:\/\/www.caritasne2.org.br\/site\/wp-json\/wp\/v2\/tags?post=1310"}],"curies":[{"name":"wp","href":"https:\/\/api.w.org\/{rel}","templated":true}]}}