{"id":13059,"date":"2025-01-10T16:00:22","date_gmt":"2025-01-10T19:00:22","guid":{"rendered":"https:\/\/www.caritasne2.org.br\/site\/?p=13059"},"modified":"2025-01-10T16:39:28","modified_gmt":"2025-01-10T19:39:28","slug":"cbne2-seleciona-assessora-regional-de-economia-popular-e-solidaria","status":"publish","type":"post","link":"https:\/\/www.caritasne2.org.br\/site\/cbne2-seleciona-assessora-regional-de-economia-popular-e-solidaria\/","title":{"rendered":"CBNE2 seleciona Assessor(a) Regional de Economia Popular e Solid\u00e1ria"},"content":{"rendered":"<p>A\u00a0<strong>C\u00e1ritas Brasileira Regional Nordeste 2 \u2013 CBNE2<\/strong>, organismo da Confer\u00eancia Nacional dos Bispos do Brasil \u2013 CNBB, no uso de suas atribui\u00e7\u00f5es legais, torna p\u00fablica a abertura de inscri\u00e7\u00f5es para Processo Seletivo Simplificado.\u00a0 O objetivo \u00e9 a contrata\u00e7\u00e3o de pessoal, no \u00e2mbito do Projeto Tecendo Redes para o Bem Viver 233-952- 1116_ZG\/Misereor. A sele\u00e7\u00e3o visa preencher a seguinte vaga:<\/p>\n<ul>\n<li>Assessor(a) Regional de Economia Popular Solid\u00e1ria<\/li>\n<\/ul>\n<p>Os (as) interessados(as) podem enviar curr\u00edculo de 10\/01\/2025 a 19\/01\/2025, at\u00e9 \u00e0s 23h59 (hor\u00e1rio de Bras\u00edlia), atrav\u00e9s do endere\u00e7o eletr\u00f4nico caritasne2@caritas.org.br, com o seguinte t\u00edtulo: C\u00e1ritas Brasileira Regional Nordeste 2 \u2013 Edital de Sele\u00e7\u00e3o N\u00ba 001\/2025.\u00a0A sele\u00e7\u00e3o ser\u00e1 feita em duas etapas: an\u00e1lise de curr\u00edculo e entrevistas.<\/p>\n<p><a href=\"https:\/\/www.caritasne2.org.br\/site\/wp-content\/uploads\/2025\/01\/2025.01.10-Edital-no-001.2025-Assessoria-Regional-de-EPS-PDF-Assinado-1.pdf\"><strong>CONFIRA O EDITAL<\/strong><\/a><\/p>\n<p>&nbsp;<\/p>\n<ul class=\"ssb_list_wrapper\"><li class=\"fb2\" style=\"width:135px\"><iframe src=\"\/\/www.facebook.com\/plugins\/like.php?href=https%3A%2F%2Fwww.caritasne2.org.br%2Fsite%2Fcbne2-seleciona-assessora-regional-de-economia-popular-e-solidaria%2F&amp;layout=button_count&amp;action=like&amp;show_faces=false&amp;share=true&amp;width=135&amp;height=21&amp;appId=307091639398582\" scrolling=\"no\" frameborder=\"0\" style=\"border:none; overflow:hidden;  width:150px; height:21px;\" allowTransparency=\"true\"><\/iframe><\/li><li class=\"twtr\" style=\"width:90px\"><a href=\"https:\/\/twitter.com\/share\" class=\"twitter-share-button\" data-url=\"https:\/\/www.caritasne2.org.br\/site\/cbne2-seleciona-assessora-regional-de-economia-popular-e-solidaria\/\">&nbsp;<\/a><script>!function(d,s,id){var js,fjs=d.getElementsByTagName(s)[0],p=\/^http:\/.test(d.location)?'http':'https';if(!d.getElementById(id)){js=d.createElement(s);js.id=id;js.src=p+':\/\/platform.twitter.com\/widgets.js';fjs.parentNode.insertBefore(js,fjs);}}(document, 'script', 'twitter-wjs');<\/script><\/li><li class=\"gplus\" style=\"width:68px\"><div class=\"g-plusone\" data-size=\"medium\" data-href=\"https:\/\/www.caritasne2.org.br\/site\/cbne2-seleciona-assessora-regional-de-economia-popular-e-solidaria\/\"><\/div><\/li><li class=\"ssb_linkedin\" style=\"width:64px\"><script src=\"\/\/platform.linkedin.com\/in.js\" type=\"text\/javascript\">lang: en_US<\/script><script type=\"IN\/Share\" data-url=\"https:\/\/www.caritasne2.org.br\/site\/cbne2-seleciona-assessora-regional-de-economia-popular-e-solidaria\/\" data-counter=\"right\"><\/script><\/li><\/ul>","protected":false},"excerpt":{"rendered":"<p>A\u00a0C\u00e1ritas Brasileira Regional Nordeste 2 \u2013 CBNE2, organismo da Confer\u00eancia Nacional dos Bispos do Brasil \u2013 CNBB, no uso de suas atribui\u00e7\u00f5es legais, torna p\u00fablica a abertura de inscri\u00e7\u00f5es para Processo Seletivo Simplificado.\u00a0 O objetivo \u00e9 a contrata\u00e7\u00e3o de pessoal, no \u00e2mbito do Projeto Tecendo Redes para o Bem Viver 233-952- 1116_ZG\/Misereor. A sele\u00e7\u00e3o visa preencher a seguinte vaga: Assessor(a) Regional de Economia Popular Solid\u00e1ria [&hellip;]<\/p>\n<ul class=\"ssb_list_wrapper\"><li class=\"fb2\" style=\"width:135px\"><iframe src=\"\/\/www.facebook.com\/plugins\/like.php?href=https%3A%2F%2Fwww.caritasne2.org.br%2Fsite%2Fcbne2-seleciona-assessora-regional-de-economia-popular-e-solidaria%2F&amp;layout=button_count&amp;action=like&amp;show_faces=false&amp;share=true&amp;width=135&amp;height=21&amp;appId=307091639398582\" scrolling=\"no\" frameborder=\"0\" style=\"border:none; overflow:hidden;  width:150px; height:21px;\" allowTransparency=\"true\"><\/iframe><\/li><li class=\"twtr\" style=\"width:90px\"><a href=\"https:\/\/twitter.com\/share\" class=\"twitter-share-button\" data-url=\"https:\/\/www.caritasne2.org.br\/site\/cbne2-seleciona-assessora-regional-de-economia-popular-e-solidaria\/\">&nbsp;<\/a><script>!function(d,s,id){var js,fjs=d.getElementsByTagName(s)[0],p=\/^http:\/.test(d.location)?'http':'https';if(!d.getElementById(id)){js=d.createElement(s);js.id=id;js.src=p+':\/\/platform.twitter.com\/widgets.js';fjs.parentNode.insertBefore(js,fjs);}}(document, 'script', 'twitter-wjs');<\/script><\/li><li class=\"gplus\" style=\"width:68px\"><div class=\"g-plusone\" data-size=\"medium\" data-href=\"https:\/\/www.caritasne2.org.br\/site\/cbne2-seleciona-assessora-regional-de-economia-popular-e-solidaria\/\"><\/div><\/li><li class=\"ssb_linkedin\" style=\"width:64px\"><script src=\"\/\/platform.linkedin.com\/in.js\" type=\"text\/javascript\">lang: en_US<\/script><script type=\"IN\/Share\" data-url=\"https:\/\/www.caritasne2.org.br\/site\/cbne2-seleciona-assessora-regional-de-economia-popular-e-solidaria\/\" data-counter=\"right\"><\/script><\/li><\/ul>","protected":false},"author":4,"featured_media":13070,"comment_status":"open","ping_status":"open","sticky":false,"template":"","format":"standard","meta":[],"categories":[21,20],"tags":[],"_links":{"self":[{"href":"https:\/\/www.caritasne2.org.br\/site\/wp-json\/wp\/v2\/posts\/13059"}],"collection":[{"href":"https:\/\/www.caritasne2.org.br\/site\/wp-json\/wp\/v2\/posts"}],"about":[{"href":"https:\/\/www.caritasne2.org.br\/site\/wp-json\/wp\/v2\/types\/post"}],"author":[{"embeddable":true,"href":"https:\/\/www.caritasne2.org.br\/site\/wp-json\/wp\/v2\/users\/4"}],"replies":[{"embeddable":true,"href":"https:\/\/www.caritasne2.org.br\/site\/wp-json\/wp\/v2\/comments?post=13059"}],"version-history":[{"count":7,"href":"https:\/\/www.caritasne2.org.br\/site\/wp-json\/wp\/v2\/posts\/13059\/revisions"}],"predecessor-version":[{"id":13069,"href":"https:\/\/www.caritasne2.org.br\/site\/wp-json\/wp\/v2\/posts\/13059\/revisions\/13069"}],"wp:featuredmedia":[{"embeddable":true,"href":"https:\/\/www.caritasne2.org.br\/site\/wp-json\/wp\/v2\/media\/13070"}],"wp:attachment":[{"href":"https:\/\/www.caritasne2.org.br\/site\/wp-json\/wp\/v2\/media?parent=13059"}],"wp:term":[{"taxonomy":"category","embeddable":true,"href":"https:\/\/www.caritasne2.org.br\/site\/wp-json\/wp\/v2\/categories?post=13059"},{"taxonomy":"post_tag","embeddable":true,"href":"https:\/\/www.caritasne2.org.br\/site\/wp-json\/wp\/v2\/tags?post=13059"}],"curies":[{"name":"wp","href":"https:\/\/api.w.org\/{rel}","templated":true}]}}