{"id":13037,"date":"2024-12-11T13:32:37","date_gmt":"2024-12-11T16:32:37","guid":{"rendered":"https:\/\/www.caritasne2.org.br\/site\/?p=13037"},"modified":"2025-01-20T10:47:01","modified_gmt":"2025-01-20T13:47:01","slug":"caritas-brasileira-regional-nordeste-2-reforca-acao-com-migrantes-com-apoio-de-emenda-parlamentar","status":"publish","type":"post","link":"https:\/\/www.caritasne2.org.br\/site\/caritas-brasileira-regional-nordeste-2-reforca-acao-com-migrantes-com-apoio-de-emenda-parlamentar\/","title":{"rendered":"C\u00e1ritas Brasileira Regional Nordeste 2 refor\u00e7a a\u00e7\u00e3o com migrantes com apoio de emenda parlamentar"},"content":{"rendered":"<p><strong>Proposta n\u00ba 963995\/2024<\/strong><\/p>\n<p>Senador Fernando Monteiro de Albuquerque (PP-PE)<\/p>\n<p>Projeto de Promo\u00e7\u00e3o Humana para Migrantes e Refugiados<\/p>\n<p>Valor: R$ 800 mil<\/p>\n<p>&nbsp;<\/p>\n<p>A C\u00e1ritas Brasileira Regional Nordeste 2, organiza\u00e7\u00e3o da sociedade civil com atua\u00e7\u00e3o nos estados de Alagoas, Pernambuco, Para\u00edba e Rio Grande do Norte, torna p\u00fablico o an\u00fancio da execu\u00e7\u00e3o do \u201cProjeto de Promo\u00e7\u00e3o Humana para Migrantes e Refugiados<em>\u201d<\/em>, fomentado pelo Or\u00e7amento Geral da Uni\u00e3o (OGU), atrav\u00e9s da Emenda Individual do Deputado Federal Fernando Monteiro de Albuquerque (PP-PE)<\/p>\n<p>O conv\u00eanio 963995\/2024 est\u00e1 registrado na plataforma Transferegov, que \u00e9 a ferramenta destinada \u00e0 informatiza\u00e7\u00e3o e \u00e0 operacionaliza\u00e7\u00e3o das transfer\u00eancias de recursos oriundos do Or\u00e7amento Fiscal e da Seguridade Social da Uni\u00e3o a \u00f3rg\u00e3o ou entidade da administra\u00e7\u00e3o p\u00fablica estadual, distrital, municipal, direta ou indireta, cons\u00f3rcios p\u00fablicos e entidades privadas sem fins lucrativos.<\/p>\n<p>Este projeto busca ampliar a\u00e7\u00f5es humanit\u00e1rias na perspectiva da promo\u00e7\u00e3o da dignidade humana e garantia de direitos para migrantes, refugiados e ap\u00e1tridas em Pernambuco.<\/p>\n<p>A C\u00e1ritas Brasileira Regional Nordeste 2 atende aproximadamente 100 fam\u00edlias migrantes com impacto indireto em 500 pessoas. Por meio da Casa de Direitos, centro de refer\u00eancia de atendimento em Pernambuco, a institui\u00e7\u00e3o atua no acolhimento, prote\u00e7\u00e3o, promo\u00e7\u00e3o e integra\u00e7\u00e3o de migrantes.<\/p>\n<p>O projeto visa expandir os servi\u00e7os de assessoria jur\u00eddica e psicossocial; qualificar os espa\u00e7os para forma\u00e7\u00e3o e incid\u00eancia pol\u00edtica dos migrantes e refugiados no campo dos direitos humanos; promover forma\u00e7\u00e3o com cursos profissionalizantes; e implementar a\u00e7\u00f5es de assist\u00eancia social.<\/p>\n<p>Entre as atividades previstas est\u00e3o a mobiliza\u00e7\u00e3o e mapeamento das fam\u00edlias atendidas; realiza\u00e7\u00e3o de oficinas e cursos; visitas t\u00e9cnicas \u00e0s fam\u00edlias e \u00f3rg\u00e3os p\u00fablicos para forma\u00e7\u00e3o e incid\u00eancia pol\u00edtica; adequa\u00e7\u00e3o de acessibilidade dos espa\u00e7os f\u00edsicos para atendimento; e contrata\u00e7\u00e3o de equipe t\u00e9cnica.<\/p>\n<ul class=\"ssb_list_wrapper\"><li class=\"fb2\" style=\"width:135px\"><iframe src=\"\/\/www.facebook.com\/plugins\/like.php?href=https%3A%2F%2Fwww.caritasne2.org.br%2Fsite%2Fcaritas-brasileira-regional-nordeste-2-reforca-acao-com-migrantes-com-apoio-de-emenda-parlamentar%2F&amp;layout=button_count&amp;action=like&amp;show_faces=false&amp;share=true&amp;width=135&amp;height=21&amp;appId=307091639398582\" scrolling=\"no\" frameborder=\"0\" style=\"border:none; overflow:hidden;  width:150px; height:21px;\" allowTransparency=\"true\"><\/iframe><\/li><li class=\"twtr\" style=\"width:90px\"><a href=\"https:\/\/twitter.com\/share\" class=\"twitter-share-button\" data-url=\"https:\/\/www.caritasne2.org.br\/site\/caritas-brasileira-regional-nordeste-2-reforca-acao-com-migrantes-com-apoio-de-emenda-parlamentar\/\">&nbsp;<\/a><script>!function(d,s,id){var js,fjs=d.getElementsByTagName(s)[0],p=\/^http:\/.test(d.location)?'http':'https';if(!d.getElementById(id)){js=d.createElement(s);js.id=id;js.src=p+':\/\/platform.twitter.com\/widgets.js';fjs.parentNode.insertBefore(js,fjs);}}(document, 'script', 'twitter-wjs');<\/script><\/li><li class=\"gplus\" style=\"width:68px\"><div class=\"g-plusone\" data-size=\"medium\" data-href=\"https:\/\/www.caritasne2.org.br\/site\/caritas-brasileira-regional-nordeste-2-reforca-acao-com-migrantes-com-apoio-de-emenda-parlamentar\/\"><\/div><\/li><li class=\"ssb_linkedin\" style=\"width:64px\"><script src=\"\/\/platform.linkedin.com\/in.js\" type=\"text\/javascript\">lang: en_US<\/script><script type=\"IN\/Share\" data-url=\"https:\/\/www.caritasne2.org.br\/site\/caritas-brasileira-regional-nordeste-2-reforca-acao-com-migrantes-com-apoio-de-emenda-parlamentar\/\" data-counter=\"right\"><\/script><\/li><\/ul>","protected":false},"excerpt":{"rendered":"<p>Proposta n\u00ba 963995\/2024 Senador Fernando Monteiro de Albuquerque (PP-PE) Projeto de Promo\u00e7\u00e3o Humana para Migrantes e Refugiados Valor: R$ 800 mil &nbsp; A C\u00e1ritas Brasileira Regional Nordeste 2, organiza\u00e7\u00e3o da sociedade civil com atua\u00e7\u00e3o nos estados de Alagoas, Pernambuco, Para\u00edba e Rio Grande do Norte, torna p\u00fablico o an\u00fancio da execu\u00e7\u00e3o do \u201cProjeto de Promo\u00e7\u00e3o Humana para Migrantes e Refugiados\u201d, fomentado pelo Or\u00e7amento Geral da [&hellip;]<\/p>\n<ul class=\"ssb_list_wrapper\"><li class=\"fb2\" style=\"width:135px\"><iframe src=\"\/\/www.facebook.com\/plugins\/like.php?href=https%3A%2F%2Fwww.caritasne2.org.br%2Fsite%2Fcaritas-brasileira-regional-nordeste-2-reforca-acao-com-migrantes-com-apoio-de-emenda-parlamentar%2F&amp;layout=button_count&amp;action=like&amp;show_faces=false&amp;share=true&amp;width=135&amp;height=21&amp;appId=307091639398582\" scrolling=\"no\" frameborder=\"0\" style=\"border:none; overflow:hidden;  width:150px; height:21px;\" allowTransparency=\"true\"><\/iframe><\/li><li class=\"twtr\" style=\"width:90px\"><a href=\"https:\/\/twitter.com\/share\" class=\"twitter-share-button\" data-url=\"https:\/\/www.caritasne2.org.br\/site\/caritas-brasileira-regional-nordeste-2-reforca-acao-com-migrantes-com-apoio-de-emenda-parlamentar\/\">&nbsp;<\/a><script>!function(d,s,id){var js,fjs=d.getElementsByTagName(s)[0],p=\/^http:\/.test(d.location)?'http':'https';if(!d.getElementById(id)){js=d.createElement(s);js.id=id;js.src=p+':\/\/platform.twitter.com\/widgets.js';fjs.parentNode.insertBefore(js,fjs);}}(document, 'script', 'twitter-wjs');<\/script><\/li><li class=\"gplus\" style=\"width:68px\"><div class=\"g-plusone\" data-size=\"medium\" data-href=\"https:\/\/www.caritasne2.org.br\/site\/caritas-brasileira-regional-nordeste-2-reforca-acao-com-migrantes-com-apoio-de-emenda-parlamentar\/\"><\/div><\/li><li class=\"ssb_linkedin\" style=\"width:64px\"><script src=\"\/\/platform.linkedin.com\/in.js\" type=\"text\/javascript\">lang: en_US<\/script><script type=\"IN\/Share\" data-url=\"https:\/\/www.caritasne2.org.br\/site\/caritas-brasileira-regional-nordeste-2-reforca-acao-com-migrantes-com-apoio-de-emenda-parlamentar\/\" data-counter=\"right\"><\/script><\/li><\/ul>","protected":false},"author":4,"featured_media":0,"comment_status":"open","ping_status":"open","sticky":false,"template":"","format":"standard","meta":[],"categories":[1304],"tags":[],"_links":{"self":[{"href":"https:\/\/www.caritasne2.org.br\/site\/wp-json\/wp\/v2\/posts\/13037"}],"collection":[{"href":"https:\/\/www.caritasne2.org.br\/site\/wp-json\/wp\/v2\/posts"}],"about":[{"href":"https:\/\/www.caritasne2.org.br\/site\/wp-json\/wp\/v2\/types\/post"}],"author":[{"embeddable":true,"href":"https:\/\/www.caritasne2.org.br\/site\/wp-json\/wp\/v2\/users\/4"}],"replies":[{"embeddable":true,"href":"https:\/\/www.caritasne2.org.br\/site\/wp-json\/wp\/v2\/comments?post=13037"}],"version-history":[{"count":3,"href":"https:\/\/www.caritasne2.org.br\/site\/wp-json\/wp\/v2\/posts\/13037\/revisions"}],"predecessor-version":[{"id":13075,"href":"https:\/\/www.caritasne2.org.br\/site\/wp-json\/wp\/v2\/posts\/13037\/revisions\/13075"}],"wp:attachment":[{"href":"https:\/\/www.caritasne2.org.br\/site\/wp-json\/wp\/v2\/media?parent=13037"}],"wp:term":[{"taxonomy":"category","embeddable":true,"href":"https:\/\/www.caritasne2.org.br\/site\/wp-json\/wp\/v2\/categories?post=13037"},{"taxonomy":"post_tag","embeddable":true,"href":"https:\/\/www.caritasne2.org.br\/site\/wp-json\/wp\/v2\/tags?post=13037"}],"curies":[{"name":"wp","href":"https:\/\/api.w.org\/{rel}","templated":true}]}}