{"id":1295,"date":"2013-09-03T09:01:42","date_gmt":"2013-09-03T12:01:42","guid":{"rendered":"http:\/\/ne2.caritas.org.br.s174889.gridserver.com\/?p=1295"},"modified":"2017-07-11T15:23:45","modified_gmt":"2017-07-11T18:23:45","slug":"agentes-caritas-participam-de-encontro-estadual-da-asape","status":"publish","type":"post","link":"https:\/\/www.caritasne2.org.br\/site\/agentes-caritas-participam-de-encontro-estadual-da-asape\/","title":{"rendered":"Agentes C\u00e1ritas participam de Encontro Estadual da ASA\/PE"},"content":{"rendered":"<p style=\"text-align: justify;\">Integrantes da C\u00e1ritas Brasileira Regional Nordeste 2, da C\u00e1ritas Diocesana de Pesqueira e agricultores benefici\u00e1rios do Programa Uma Terra e Duas \u00c1guas (P1+2) participaram, entre os dias 28 e 30 de agosto, do Encontro Estadual da Articula\u00e7\u00e3o do Semi\u00e1rido Pernambuco (ASA\/PE). O evento foi realizado no Hotel Grande Rio, em Petrolina.<\/p>\n<p style=\"text-align: justify;\">Com o tema \u201cASA\/PE discutindo pol\u00edticas p\u00fablicas rumo \u00e0 constru\u00e7\u00e3o de um Semi\u00e1rido digno e sustent\u00e1vel\u201d, o encontro refletiu, a partir das experi\u00eancias agroecol\u00f3gicas de agricultores\/as, a conjuntura atual do Semi\u00e1rido brasileiro com foco na constru\u00e7\u00e3o de pol\u00edticas p\u00fablicas de conviv\u00eancia.<\/p>\n<p style=\"text-align: justify;\">Al\u00e9m da participa\u00e7\u00e3o dos agricultores\/as das regi\u00f5es Agreste e Sert\u00e3o e das oganiza\u00e7\u00f5es que integram a ASA\/PE, o encontro tamb\u00e9m contou com a presen\u00e7a das comiss\u00f5es municipais, de representantes do Governo do Estado e autoridades locais.<\/p>\n<p style=\"text-align: justify;\">Pain\u00e9is, debates sobre o Plano de Conviv\u00eancia com o Semi\u00e1rido da ASA e o carrossel de experi\u00eancias formaram a programa\u00e7\u00e3o do evento. Na ocasi\u00e3o, os<a href=\"http:\/\/ne2.caritas.org.br.s174889.gridserver.com\/2013\/09\/03\/agentes-caritas-participam-de-encontro-estadual-da-asape\/encontro-asa-2\/\" rel=\"attachment wp-att-1297\"><img decoding=\"async\" loading=\"lazy\" class=\"alignright size-medium wp-image-1297\" title=\"Encontro ASA 2\" src=\"http:\/\/ne2.caritas.org.br.s174889.gridserver.com\/wp-content\/uploads\/2013\/09\/Encontro-ASA-2-300x195.jpg\" alt=\"\" width=\"300\" height=\"195\" srcset=\"https:\/\/www.caritasne2.org.br\/site\/wp-content\/uploads\/2013\/09\/Encontro-ASA-2-300x195.jpg 300w, https:\/\/www.caritasne2.org.br\/site\/wp-content\/uploads\/2013\/09\/Encontro-ASA-2.jpg 640w\" sizes=\"(max-width: 300px) 100vw, 300px\" \/><\/a> participantes puderam conhecer experi\u00eancias de soberania e seguran\u00e7a alimentar; auto-organiza\u00e7\u00e3o de mulheres; acesso a mercados e ecnomia popular solid\u00e1ria; Pol\u00edtica de Assist\u00eancia T\u00e9cnica e Extens\u00e3o Rural (ATER); Educa\u00e7\u00e3o contextualizada e combate \u00e0 desertifica\u00e7\u00e3o e mudan\u00e7as clim\u00e1ticas.<\/p>\n<p style=\"text-align: justify;\">Para a articuladora de campo \u00c1vila Pontes, o evento alcan\u00e7ou o resultado esperado. \u201cO encontro foi muito produtivo, porque tiveram linhas tem\u00e1ticas onde todos\/as agricultores\/as participaram e tiveram a oportunidade de trocar experi\u00eancias. Eles\/as t\u00eam propriedade para falar e reivindicar propostas, t\u00eam conhecimento do que estava acontecendo, s\u00e3o muito conscientes dos pap\u00e9is e direitos de cada um. E tudo isso tamb\u00e9m \u00e9 uma preocupa\u00e7\u00e3o da ASA\u201d, afirmou.<\/p>\n<p style=\"text-align: justify;\">por Lidiane Santos, comunicadora popular do P1+2 e C\u00e1ritas Regional NE2<\/p>\n<ul class=\"ssb_list_wrapper\"><li class=\"fb2\" style=\"width:135px\"><iframe src=\"\/\/www.facebook.com\/plugins\/like.php?href=https%3A%2F%2Fwww.caritasne2.org.br%2Fsite%2Fagentes-caritas-participam-de-encontro-estadual-da-asape%2F&amp;layout=button_count&amp;action=like&amp;show_faces=false&amp;share=true&amp;width=135&amp;height=21&amp;appId=307091639398582\" scrolling=\"no\" frameborder=\"0\" style=\"border:none; overflow:hidden;  width:150px; height:21px;\" allowTransparency=\"true\"><\/iframe><\/li><li class=\"twtr\" style=\"width:90px\"><a href=\"https:\/\/twitter.com\/share\" class=\"twitter-share-button\" data-url=\"https:\/\/www.caritasne2.org.br\/site\/agentes-caritas-participam-de-encontro-estadual-da-asape\/\">&nbsp;<\/a><script>!function(d,s,id){var js,fjs=d.getElementsByTagName(s)[0],p=\/^http:\/.test(d.location)?'http':'https';if(!d.getElementById(id)){js=d.createElement(s);js.id=id;js.src=p+':\/\/platform.twitter.com\/widgets.js';fjs.parentNode.insertBefore(js,fjs);}}(document, 'script', 'twitter-wjs');<\/script><\/li><li class=\"gplus\" style=\"width:68px\"><div class=\"g-plusone\" data-size=\"medium\" data-href=\"https:\/\/www.caritasne2.org.br\/site\/agentes-caritas-participam-de-encontro-estadual-da-asape\/\"><\/div><\/li><li class=\"ssb_linkedin\" style=\"width:64px\"><script src=\"\/\/platform.linkedin.com\/in.js\" type=\"text\/javascript\">lang: en_US<\/script><script type=\"IN\/Share\" data-url=\"https:\/\/www.caritasne2.org.br\/site\/agentes-caritas-participam-de-encontro-estadual-da-asape\/\" data-counter=\"right\"><\/script><\/li><\/ul>","protected":false},"excerpt":{"rendered":"<p>Integrantes da C\u00e1ritas Brasileira Regional Nordeste 2, da C\u00e1ritas Diocesana de Pesqueira e agricultores benefici\u00e1rios do Programa Uma Terra e Duas \u00c1guas (P1+2) participaram, entre os dias 28 e 30 de agosto, do Encontro Estadual da Articula\u00e7\u00e3o do Semi\u00e1rido Pernambuco (ASA\/PE). O evento foi realizado no Hotel Grande Rio, em Petrolina. Com o tema \u201cASA\/PE discutindo pol\u00edticas p\u00fablicas rumo \u00e0 constru\u00e7\u00e3o de um Semi\u00e1rido digno [&hellip;]<\/p>\n<ul class=\"ssb_list_wrapper\"><li class=\"fb2\" style=\"width:135px\"><iframe src=\"\/\/www.facebook.com\/plugins\/like.php?href=https%3A%2F%2Fwww.caritasne2.org.br%2Fsite%2Fagentes-caritas-participam-de-encontro-estadual-da-asape%2F&amp;layout=button_count&amp;action=like&amp;show_faces=false&amp;share=true&amp;width=135&amp;height=21&amp;appId=307091639398582\" scrolling=\"no\" frameborder=\"0\" style=\"border:none; overflow:hidden;  width:150px; height:21px;\" allowTransparency=\"true\"><\/iframe><\/li><li class=\"twtr\" style=\"width:90px\"><a href=\"https:\/\/twitter.com\/share\" class=\"twitter-share-button\" data-url=\"https:\/\/www.caritasne2.org.br\/site\/agentes-caritas-participam-de-encontro-estadual-da-asape\/\">&nbsp;<\/a><script>!function(d,s,id){var js,fjs=d.getElementsByTagName(s)[0],p=\/^http:\/.test(d.location)?'http':'https';if(!d.getElementById(id)){js=d.createElement(s);js.id=id;js.src=p+':\/\/platform.twitter.com\/widgets.js';fjs.parentNode.insertBefore(js,fjs);}}(document, 'script', 'twitter-wjs');<\/script><\/li><li class=\"gplus\" style=\"width:68px\"><div class=\"g-plusone\" data-size=\"medium\" data-href=\"https:\/\/www.caritasne2.org.br\/site\/agentes-caritas-participam-de-encontro-estadual-da-asape\/\"><\/div><\/li><li class=\"ssb_linkedin\" style=\"width:64px\"><script src=\"\/\/platform.linkedin.com\/in.js\" type=\"text\/javascript\">lang: en_US<\/script><script type=\"IN\/Share\" data-url=\"https:\/\/www.caritasne2.org.br\/site\/agentes-caritas-participam-de-encontro-estadual-da-asape\/\" data-counter=\"right\"><\/script><\/li><\/ul>","protected":false},"author":4,"featured_media":1296,"comment_status":"open","ping_status":"open","sticky":false,"template":"","format":"standard","meta":[],"categories":[20,224],"tags":[157,67,160,151,100],"_links":{"self":[{"href":"https:\/\/www.caritasne2.org.br\/site\/wp-json\/wp\/v2\/posts\/1295"}],"collection":[{"href":"https:\/\/www.caritasne2.org.br\/site\/wp-json\/wp\/v2\/posts"}],"about":[{"href":"https:\/\/www.caritasne2.org.br\/site\/wp-json\/wp\/v2\/types\/post"}],"author":[{"embeddable":true,"href":"https:\/\/www.caritasne2.org.br\/site\/wp-json\/wp\/v2\/users\/4"}],"replies":[{"embeddable":true,"href":"https:\/\/www.caritasne2.org.br\/site\/wp-json\/wp\/v2\/comments?post=1295"}],"version-history":[{"count":0,"href":"https:\/\/www.caritasne2.org.br\/site\/wp-json\/wp\/v2\/posts\/1295\/revisions"}],"wp:featuredmedia":[{"embeddable":true,"href":"https:\/\/www.caritasne2.org.br\/site\/wp-json\/wp\/v2\/media\/1296"}],"wp:attachment":[{"href":"https:\/\/www.caritasne2.org.br\/site\/wp-json\/wp\/v2\/media?parent=1295"}],"wp:term":[{"taxonomy":"category","embeddable":true,"href":"https:\/\/www.caritasne2.org.br\/site\/wp-json\/wp\/v2\/categories?post=1295"},{"taxonomy":"post_tag","embeddable":true,"href":"https:\/\/www.caritasne2.org.br\/site\/wp-json\/wp\/v2\/tags?post=1295"}],"curies":[{"name":"wp","href":"https:\/\/api.w.org\/{rel}","templated":true}]}}