{"id":1291,"date":"2013-09-02T22:50:24","date_gmt":"2013-09-03T01:50:24","guid":{"rendered":"http:\/\/ne2.caritas.org.br.s174889.gridserver.com\/?p=1291"},"modified":"2017-07-11T15:23:45","modified_gmt":"2017-07-11T18:23:45","slug":"sobrepeso-atinge-51-da-populacao-adulta-das-capitais","status":"publish","type":"post","link":"https:\/\/www.caritasne2.org.br\/site\/sobrepeso-atinge-51-da-populacao-adulta-das-capitais\/","title":{"rendered":"Sobrepeso atinge 51% da popula\u00e7\u00e3o adulta das capitais"},"content":{"rendered":"<p>Entre a popula\u00e7\u00e3o acima de 18 anos que reside nas 27 capitais brasileiras, 51% est\u00e1 acima do peso. Em rela\u00e7\u00e3o \u00e0 obesidade, o \u00edndice \u00e9 de 17%. Estes s\u00e3o dados da pesquisa divulgada na \u00faltima ter\u00e7a-feira pelo Minist\u00e9rio da Sa\u00fade e noticiada pelos principais ve\u00edculos de comunica\u00e7\u00e3o.<\/p>\n<p>A pesquisa \u00e9 feita desde 2006 e pela primeira vez o percentual de maiores de 18 anos com excesso de peso supera 50%. Em 2006, 43% dessas pessoas estavam com sobrepeso.<\/p>\n<p>Essa tend\u00eancia de crescimento ou mostra que todos n\u00f3s assumimos o tema do excesso de peso como grave para a sa\u00fade publica, ou chegaremos muito rapidamente aos patamares de pa\u00edses como o Chile e os Estado Unidos, disse \u00e0 Ag\u00eancia Brasil o ministro da Sa\u00fade, Alexandre Padilha, na ter\u00e7a-feira.<\/p>\n<p>Entre especialistas, o crescimento do sobrepeso \u00e9 resultado de um conjunto de fatores, em especial as mudan\u00e7as nos padr\u00f5es alimentares no Brasil nos \u00faltimos tempos, com o consumo de feij\u00e3o e arroz diminuindo e o de alimentos ultraprocessados aumentando.<\/p>\n<p>Os dados da pesquisa mostram tend\u00eancia maior de sobrepeso entre as pessoas de menor escolaridade. No grupo de at\u00e9 8 anos de estudo, o \u00edndice \u00e9 57,3%. Entre 9 e 11 anos de estudo, o percentual cai para 46,7%. Essa \u00e9 uma tend\u00eancia mundial e que tem sido alvo de preocupa\u00e7\u00e3o, disse o secret\u00e1rio de Vigil\u00e2ncia em Sa\u00fade do Minist\u00e9rio da Sa\u00fade, Jarbas Barbosa.<\/p>\n<p>A pesquisa fornece informa\u00e7\u00f5es sobre os h\u00e1bitos da popula\u00e7\u00e3o em rela\u00e7\u00e3o \u00e0 alimenta\u00e7\u00e3o, pr\u00e1ticas de atividade f\u00edsica, tabagismo, consumo de \u00e1lcool e exist\u00eancia de doen\u00e7as como diabetes e hipertens\u00e3o. As informa\u00e7\u00f5es s\u00e3o usadas para elaborar programas de preven\u00e7\u00e3o de doen\u00e7as e a\u00e7\u00f5es para melhorar a qualidade de vida da popula\u00e7\u00e3o.<\/p>\n<p>Em suas proposi\u00e7\u00f5es, o Conselho Nacional de Seguran\u00e7a Alimentar e Nutricional (Consea) atribui o excesso de peso a um conjunto de m\u00faltiplos fatores. Alguns desses fatores s\u00e3o a deteriora\u00e7\u00e3o dos h\u00e1bitos alimentares, as dificuldades de acesso &#8211; tanto f\u00edsico como econ\u00f4mico &#8211; a alimentos saud\u00e1veis, o sedentarismo, a baixa escolaridade e a influ\u00eancia da m\u00eddia sobre os h\u00e1bitos alimentares de crian\u00e7as, entre outros aspectos.<\/p>\n<p>Em suas inst\u00e2ncias, como as confer\u00eancias nacionais, o Consea tem sugerido iniciativas voltadas para a alimenta\u00e7\u00e3o saud\u00e1vel (produ\u00e7\u00e3o, acesso e consumo); educa\u00e7\u00e3o alimentar e nutricional em ambientes como escola, fam\u00edlia e trabalho; e regula\u00e7\u00e3o da publicidade alimentos para crian\u00e7as, entre outras a\u00e7\u00f5es.<\/p>\n<p>Para os conselheiros, um documento que atende a boa parte dessas proposi\u00e7\u00f5es e que precisa ser colocado em pr\u00e1tica \u00e9 o Plano Intersetorial de Preven\u00e7\u00e3o e Controle da Obesidade, elaborado pela C\u00e2mara Interministerial de Seguran\u00e7a Alimentar e Nutricional (Caisan), com a participa\u00e7\u00e3o do Conselho.<\/p>\n<p>A pesquisa divulgada na ter\u00e7a-feira passada pelo Minist\u00e9rio da Sa\u00fade \u00e9 intitulada Vigil\u00e2ncia de Fatores de Risco e Prote\u00e7\u00e3o para Doen\u00e7as Cr\u00f4nicas por Inqu\u00e9rito Telef\u00f4nico &#8211; Vigitel 2012. A enquete foi feita por telefone e ouviu 45 mil pessoas, maiores de 18 anos, moradores de 27 capitais brasileiras.<\/p>\n<p><a title=\"Pesquisa\" href=\"http:\/\/portalsaude.saude.gov.br\/portalsaude\/noticia\/12926\/162\/mais-da-metade-da-populacao-brasileira-tem-excesso-de-peso.html\" target=\"_blank\">Clique aqui <\/a>para obter dados da pesquisa.<\/p>\n<p>Fonte: Ascom\/Consea<\/p>\n<p>&nbsp;<\/p>\n<ul class=\"ssb_list_wrapper\"><li class=\"fb2\" style=\"width:135px\"><iframe src=\"\/\/www.facebook.com\/plugins\/like.php?href=https%3A%2F%2Fwww.caritasne2.org.br%2Fsite%2Fsobrepeso-atinge-51-da-populacao-adulta-das-capitais%2F&amp;layout=button_count&amp;action=like&amp;show_faces=false&amp;share=true&amp;width=135&amp;height=21&amp;appId=307091639398582\" scrolling=\"no\" frameborder=\"0\" style=\"border:none; overflow:hidden;  width:150px; height:21px;\" allowTransparency=\"true\"><\/iframe><\/li><li class=\"twtr\" style=\"width:90px\"><a href=\"https:\/\/twitter.com\/share\" class=\"twitter-share-button\" data-url=\"https:\/\/www.caritasne2.org.br\/site\/sobrepeso-atinge-51-da-populacao-adulta-das-capitais\/\">&nbsp;<\/a><script>!function(d,s,id){var js,fjs=d.getElementsByTagName(s)[0],p=\/^http:\/.test(d.location)?'http':'https';if(!d.getElementById(id)){js=d.createElement(s);js.id=id;js.src=p+':\/\/platform.twitter.com\/widgets.js';fjs.parentNode.insertBefore(js,fjs);}}(document, 'script', 'twitter-wjs');<\/script><\/li><li class=\"gplus\" style=\"width:68px\"><div class=\"g-plusone\" data-size=\"medium\" data-href=\"https:\/\/www.caritasne2.org.br\/site\/sobrepeso-atinge-51-da-populacao-adulta-das-capitais\/\"><\/div><\/li><li class=\"ssb_linkedin\" style=\"width:64px\"><script src=\"\/\/platform.linkedin.com\/in.js\" type=\"text\/javascript\">lang: en_US<\/script><script type=\"IN\/Share\" data-url=\"https:\/\/www.caritasne2.org.br\/site\/sobrepeso-atinge-51-da-populacao-adulta-das-capitais\/\" data-counter=\"right\"><\/script><\/li><\/ul>","protected":false},"excerpt":{"rendered":"<p>Entre a popula\u00e7\u00e3o acima de 18 anos que reside nas 27 capitais brasileiras, 51% est\u00e1 acima do peso. Em rela\u00e7\u00e3o \u00e0 obesidade, o \u00edndice \u00e9 de 17%. Estes s\u00e3o dados da pesquisa divulgada na \u00faltima ter\u00e7a-feira pelo Minist\u00e9rio da Sa\u00fade e noticiada pelos principais ve\u00edculos de comunica\u00e7\u00e3o. A pesquisa \u00e9 feita desde 2006 e pela primeira vez o percentual de maiores de 18 anos com [&hellip;]<\/p>\n<ul class=\"ssb_list_wrapper\"><li class=\"fb2\" style=\"width:135px\"><iframe src=\"\/\/www.facebook.com\/plugins\/like.php?href=https%3A%2F%2Fwww.caritasne2.org.br%2Fsite%2Fsobrepeso-atinge-51-da-populacao-adulta-das-capitais%2F&amp;layout=button_count&amp;action=like&amp;show_faces=false&amp;share=true&amp;width=135&amp;height=21&amp;appId=307091639398582\" scrolling=\"no\" frameborder=\"0\" style=\"border:none; overflow:hidden;  width:150px; height:21px;\" allowTransparency=\"true\"><\/iframe><\/li><li class=\"twtr\" style=\"width:90px\"><a href=\"https:\/\/twitter.com\/share\" class=\"twitter-share-button\" data-url=\"https:\/\/www.caritasne2.org.br\/site\/sobrepeso-atinge-51-da-populacao-adulta-das-capitais\/\">&nbsp;<\/a><script>!function(d,s,id){var js,fjs=d.getElementsByTagName(s)[0],p=\/^http:\/.test(d.location)?'http':'https';if(!d.getElementById(id)){js=d.createElement(s);js.id=id;js.src=p+':\/\/platform.twitter.com\/widgets.js';fjs.parentNode.insertBefore(js,fjs);}}(document, 'script', 'twitter-wjs');<\/script><\/li><li class=\"gplus\" style=\"width:68px\"><div class=\"g-plusone\" data-size=\"medium\" data-href=\"https:\/\/www.caritasne2.org.br\/site\/sobrepeso-atinge-51-da-populacao-adulta-das-capitais\/\"><\/div><\/li><li class=\"ssb_linkedin\" style=\"width:64px\"><script src=\"\/\/platform.linkedin.com\/in.js\" type=\"text\/javascript\">lang: en_US<\/script><script type=\"IN\/Share\" data-url=\"https:\/\/www.caritasne2.org.br\/site\/sobrepeso-atinge-51-da-populacao-adulta-das-capitais\/\" data-counter=\"right\"><\/script><\/li><\/ul>","protected":false},"author":4,"featured_media":0,"comment_status":"open","ping_status":"open","sticky":false,"template":"","format":"standard","meta":[],"categories":[20],"tags":[290,78],"_links":{"self":[{"href":"https:\/\/www.caritasne2.org.br\/site\/wp-json\/wp\/v2\/posts\/1291"}],"collection":[{"href":"https:\/\/www.caritasne2.org.br\/site\/wp-json\/wp\/v2\/posts"}],"about":[{"href":"https:\/\/www.caritasne2.org.br\/site\/wp-json\/wp\/v2\/types\/post"}],"author":[{"embeddable":true,"href":"https:\/\/www.caritasne2.org.br\/site\/wp-json\/wp\/v2\/users\/4"}],"replies":[{"embeddable":true,"href":"https:\/\/www.caritasne2.org.br\/site\/wp-json\/wp\/v2\/comments?post=1291"}],"version-history":[{"count":0,"href":"https:\/\/www.caritasne2.org.br\/site\/wp-json\/wp\/v2\/posts\/1291\/revisions"}],"wp:attachment":[{"href":"https:\/\/www.caritasne2.org.br\/site\/wp-json\/wp\/v2\/media?parent=1291"}],"wp:term":[{"taxonomy":"category","embeddable":true,"href":"https:\/\/www.caritasne2.org.br\/site\/wp-json\/wp\/v2\/categories?post=1291"},{"taxonomy":"post_tag","embeddable":true,"href":"https:\/\/www.caritasne2.org.br\/site\/wp-json\/wp\/v2\/tags?post=1291"}],"curies":[{"name":"wp","href":"https:\/\/api.w.org\/{rel}","templated":true}]}}