{"id":1282,"date":"2013-08-26T10:28:08","date_gmt":"2013-08-26T13:28:08","guid":{"rendered":"http:\/\/ne2.caritas.org.br.s174889.gridserver.com\/?p=1282"},"modified":"2017-07-11T15:23:45","modified_gmt":"2017-07-11T18:23:45","slug":"juventude-ousa-lutar-constroi-projeto-popular-e-lema-19o-grito-dos-excluidos","status":"publish","type":"post","link":"https:\/\/www.caritasne2.org.br\/site\/juventude-ousa-lutar-constroi-projeto-popular-e-lema-19o-grito-dos-excluidos\/","title":{"rendered":"\u201cJuventude que ousa lutar, constr\u00f3i o projeto popular\u201d \u00e9 o lema do 19\u00ba Grito dos Exclu\u00eddos"},"content":{"rendered":"<p style=\"text-align: justify;\">O tema do Grito dos exclu\u00eddos de 2013 foi definido na \u00faltima semana, e esse ano a Juventude est\u00e1 no centro dessa manifesta\u00e7\u00e3o que ser\u00e1 realizado em todo o pa\u00eds no feriado de 7 de setembro. \u201cJuventude que ousa lutar, constr\u00f3i o projeto popular\u201d \u00e9 o lema do 19\u00ba Grito dos Exclu\u00eddos, escolhido ap\u00f3s avalia\u00e7\u00e3o das sugest\u00f5es enviadas a coordena\u00e7\u00e3o por v\u00e1rios grupos, comunidades, dioceses, movimentos, sindicatos.<\/p>\n<p style=\"text-align: justify;\">O Grito dos Exclu\u00eddos \u00e9 uma manifesta\u00e7\u00e3o popular carregada de simbolismo, sendo um espa\u00e7o de anima\u00e7\u00e3o e profecia aberto e plural de pessoas, grupos, entidades, igrejas e movimentos sociais comprometidos com as causas dos exclu\u00eddos. \u00c9 realizado num conjunto de manifesta\u00e7\u00f5es no Dia da P\u00e1tria, 7 de setembro, tentando chamar \u00e0 aten\u00e7\u00e3o da sociedade para as condi\u00e7\u00f5es de crescente exclus\u00e3o social na sociedade brasileira.<\/p>\n<p style=\"text-align: justify;\">O Grito \u00e9 parte das atividades da 5\u00aa Semana Social Brasileira que tem o apoio da Comiss\u00e3o Episcopal Pastoral para o Servi\u00e7o da Caridade, da Justi\u00e7a e da Paz da CNBB e constitui-se em uma mobiliza\u00e7\u00e3o sustentada em tr\u00eas objetivos:<\/p>\n<p style=\"text-align: justify;\">&#8211; Denunciar o modelo pol\u00edtico e econ\u00f4mico que, ao mesmo tempo, concentra riqueza e renda e condena milh\u00f5es de pessoas \u00e0 exclus\u00e3o social;<\/p>\n<p style=\"text-align: justify;\">&#8211; Tornar p\u00fablico, nas ruas e pra\u00e7as, o rosto desfigurado dos grupos exclu\u00eddos, v\u00edtimas do desemprego, da mis\u00e9ria e da fome;<\/p>\n<p style=\"text-align: justify;\">&#8211; Propor caminhos alternativos ao modelo econ\u00f4mico neoliberal, de forma a desenvolver uma pol\u00edtica de inclus\u00e3o social, com a participa\u00e7\u00e3o ampla de todos os cidad\u00e3os.<\/p>\n<p style=\"text-align: justify;\">Clique no link abaixo e ou\u00e7a o spot do Grito dos Exclu\u00eddos:<\/p>\n<p style=\"text-align: justify;\"><a href=\"http:\/\/ne2.caritas.org.br.s174889.gridserver.com\/2013\/08\/26\/juventude-ousa-lutar-constroi-projeto-popular-e-lema-19o-grito-dos-excluidos\/spot-02-grito-dos-excluidos-2013_1-2\/\" rel=\"attachment wp-att-1288\">Spot 02 Grito dos Excluidos 2013_1<\/a>\u00a0<\/p>\n<p style=\"text-align: justify;\">por: CNBB com Jovens Conectados<\/p>\n<ul class=\"ssb_list_wrapper\"><li class=\"fb2\" style=\"width:135px\"><iframe src=\"\/\/www.facebook.com\/plugins\/like.php?href=https%3A%2F%2Fwww.caritasne2.org.br%2Fsite%2Fjuventude-ousa-lutar-constroi-projeto-popular-e-lema-19o-grito-dos-excluidos%2F&amp;layout=button_count&amp;action=like&amp;show_faces=false&amp;share=true&amp;width=135&amp;height=21&amp;appId=307091639398582\" scrolling=\"no\" frameborder=\"0\" style=\"border:none; overflow:hidden;  width:150px; height:21px;\" allowTransparency=\"true\"><\/iframe><\/li><li class=\"twtr\" style=\"width:90px\"><a href=\"https:\/\/twitter.com\/share\" class=\"twitter-share-button\" data-url=\"https:\/\/www.caritasne2.org.br\/site\/juventude-ousa-lutar-constroi-projeto-popular-e-lema-19o-grito-dos-excluidos\/\">&nbsp;<\/a><script>!function(d,s,id){var js,fjs=d.getElementsByTagName(s)[0],p=\/^http:\/.test(d.location)?'http':'https';if(!d.getElementById(id)){js=d.createElement(s);js.id=id;js.src=p+':\/\/platform.twitter.com\/widgets.js';fjs.parentNode.insertBefore(js,fjs);}}(document, 'script', 'twitter-wjs');<\/script><\/li><li class=\"gplus\" style=\"width:68px\"><div class=\"g-plusone\" data-size=\"medium\" data-href=\"https:\/\/www.caritasne2.org.br\/site\/juventude-ousa-lutar-constroi-projeto-popular-e-lema-19o-grito-dos-excluidos\/\"><\/div><\/li><li class=\"ssb_linkedin\" style=\"width:64px\"><script src=\"\/\/platform.linkedin.com\/in.js\" type=\"text\/javascript\">lang: en_US<\/script><script type=\"IN\/Share\" data-url=\"https:\/\/www.caritasne2.org.br\/site\/juventude-ousa-lutar-constroi-projeto-popular-e-lema-19o-grito-dos-excluidos\/\" data-counter=\"right\"><\/script><\/li><\/ul>","protected":false},"excerpt":{"rendered":"<p>O tema do Grito dos exclu\u00eddos de 2013 foi definido na \u00faltima semana, e esse ano a Juventude est\u00e1 no centro dessa manifesta\u00e7\u00e3o que ser\u00e1 realizado em todo o pa\u00eds no feriado de 7 de setembro. \u201cJuventude que ousa lutar, constr\u00f3i o projeto popular\u201d \u00e9 o lema do 19\u00ba Grito dos Exclu\u00eddos, escolhido ap\u00f3s avalia\u00e7\u00e3o das sugest\u00f5es enviadas a coordena\u00e7\u00e3o por v\u00e1rios grupos, comunidades, dioceses, [&hellip;]<\/p>\n<ul class=\"ssb_list_wrapper\"><li class=\"fb2\" style=\"width:135px\"><iframe src=\"\/\/www.facebook.com\/plugins\/like.php?href=https%3A%2F%2Fwww.caritasne2.org.br%2Fsite%2Fjuventude-ousa-lutar-constroi-projeto-popular-e-lema-19o-grito-dos-excluidos%2F&amp;layout=button_count&amp;action=like&amp;show_faces=false&amp;share=true&amp;width=135&amp;height=21&amp;appId=307091639398582\" scrolling=\"no\" frameborder=\"0\" style=\"border:none; overflow:hidden;  width:150px; height:21px;\" allowTransparency=\"true\"><\/iframe><\/li><li class=\"twtr\" style=\"width:90px\"><a href=\"https:\/\/twitter.com\/share\" class=\"twitter-share-button\" data-url=\"https:\/\/www.caritasne2.org.br\/site\/juventude-ousa-lutar-constroi-projeto-popular-e-lema-19o-grito-dos-excluidos\/\">&nbsp;<\/a><script>!function(d,s,id){var js,fjs=d.getElementsByTagName(s)[0],p=\/^http:\/.test(d.location)?'http':'https';if(!d.getElementById(id)){js=d.createElement(s);js.id=id;js.src=p+':\/\/platform.twitter.com\/widgets.js';fjs.parentNode.insertBefore(js,fjs);}}(document, 'script', 'twitter-wjs');<\/script><\/li><li class=\"gplus\" style=\"width:68px\"><div class=\"g-plusone\" data-size=\"medium\" data-href=\"https:\/\/www.caritasne2.org.br\/site\/juventude-ousa-lutar-constroi-projeto-popular-e-lema-19o-grito-dos-excluidos\/\"><\/div><\/li><li class=\"ssb_linkedin\" style=\"width:64px\"><script src=\"\/\/platform.linkedin.com\/in.js\" type=\"text\/javascript\">lang: en_US<\/script><script type=\"IN\/Share\" data-url=\"https:\/\/www.caritasne2.org.br\/site\/juventude-ousa-lutar-constroi-projeto-popular-e-lema-19o-grito-dos-excluidos\/\" data-counter=\"right\"><\/script><\/li><\/ul>","protected":false},"author":4,"featured_media":1283,"comment_status":"open","ping_status":"open","sticky":false,"template":"","format":"standard","meta":[],"categories":[20],"tags":[67,288,85,289],"_links":{"self":[{"href":"https:\/\/www.caritasne2.org.br\/site\/wp-json\/wp\/v2\/posts\/1282"}],"collection":[{"href":"https:\/\/www.caritasne2.org.br\/site\/wp-json\/wp\/v2\/posts"}],"about":[{"href":"https:\/\/www.caritasne2.org.br\/site\/wp-json\/wp\/v2\/types\/post"}],"author":[{"embeddable":true,"href":"https:\/\/www.caritasne2.org.br\/site\/wp-json\/wp\/v2\/users\/4"}],"replies":[{"embeddable":true,"href":"https:\/\/www.caritasne2.org.br\/site\/wp-json\/wp\/v2\/comments?post=1282"}],"version-history":[{"count":0,"href":"https:\/\/www.caritasne2.org.br\/site\/wp-json\/wp\/v2\/posts\/1282\/revisions"}],"wp:featuredmedia":[{"embeddable":true,"href":"https:\/\/www.caritasne2.org.br\/site\/wp-json\/wp\/v2\/media\/1283"}],"wp:attachment":[{"href":"https:\/\/www.caritasne2.org.br\/site\/wp-json\/wp\/v2\/media?parent=1282"}],"wp:term":[{"taxonomy":"category","embeddable":true,"href":"https:\/\/www.caritasne2.org.br\/site\/wp-json\/wp\/v2\/categories?post=1282"},{"taxonomy":"post_tag","embeddable":true,"href":"https:\/\/www.caritasne2.org.br\/site\/wp-json\/wp\/v2\/tags?post=1282"}],"curies":[{"name":"wp","href":"https:\/\/api.w.org\/{rel}","templated":true}]}}