{"id":1277,"date":"2013-08-26T10:18:59","date_gmt":"2013-08-26T13:18:59","guid":{"rendered":"http:\/\/ne2.caritas.org.br.s174889.gridserver.com\/?p=1277"},"modified":"2017-07-11T15:23:45","modified_gmt":"2017-07-11T18:23:45","slug":"cabedelo-pb-vai-criar-conselho-de-seguranca-alimentar","status":"publish","type":"post","link":"https:\/\/www.caritasne2.org.br\/site\/cabedelo-pb-vai-criar-conselho-de-seguranca-alimentar\/","title":{"rendered":"Cabedelo (PB) vai criar Conselho de Seguran\u00e7a Alimentar"},"content":{"rendered":"<p style=\"text-align: justify;\">Para discutir a cria\u00e7\u00e3o do Conselho Municipal de Seguran\u00e7a Alimentar e Nutricional, o prefeito de Cabedelo, Jos\u00e9 Maria de Lucena Filho reuniu-se na segunda-feira (19) em seu gabinete, com representantes do Conselho Estadual de Seguran\u00e7a Alimentar e Nutricional (Consea-PB), do Rotary Clube, da Secretaria de Trabalho, A\u00e7\u00e3o Social e Mulher e o vereador Junior Datele.<\/p>\n<p style=\"text-align: justify;\">A cria\u00e7\u00e3o do Conselho Municipal de Seguran\u00e7a Alimentar e Nutricional \u00e9 um instrumento de articula\u00e7\u00e3o entre poder p\u00fablico e sociedade civil cujo objetivo \u00e9 o cumprimento ao direito do cidad\u00e3o em ter acesso regular e permanente \u00e0 alimenta\u00e7\u00e3o em quantidade e qualidade sem o comprometimento do acesso a outras necessidades essenciais, promovendo sempre a sa\u00fade, atrav\u00e9s da pr\u00e1tica da alimenta\u00e7\u00e3o saud\u00e1vel, com respeito ao meio ambiente, a cultura e a economia socialmente sustent\u00e1vel.<\/p>\n<p style=\"text-align: justify;\">A conselheira estadual do Consea-PB, Alden\u00f4ra Pereira, declarou que, \u201cap\u00f3s a articula\u00e7\u00e3o para a cria\u00e7\u00e3o do conselho municipal, ser\u00e1 enviado para a C\u00e2mara um projeto de lei e, em caso de aprova\u00e7\u00e3o, ser\u00e3o capacitados 12 conselheiros para atuarem na constru\u00e7\u00e3o da Pol\u00edtica Municipal de Seguran\u00e7a Alimentar e Nutricional\u201d.<\/p>\n<p style=\"text-align: justify;\">Fonte: Prefeitura de cabedelo (PB)<\/p>\n<ul class=\"ssb_list_wrapper\"><li class=\"fb2\" style=\"width:135px\"><iframe src=\"\/\/www.facebook.com\/plugins\/like.php?href=https%3A%2F%2Fwww.caritasne2.org.br%2Fsite%2Fcabedelo-pb-vai-criar-conselho-de-seguranca-alimentar%2F&amp;layout=button_count&amp;action=like&amp;show_faces=false&amp;share=true&amp;width=135&amp;height=21&amp;appId=307091639398582\" scrolling=\"no\" frameborder=\"0\" style=\"border:none; overflow:hidden;  width:150px; height:21px;\" allowTransparency=\"true\"><\/iframe><\/li><li class=\"twtr\" style=\"width:90px\"><a href=\"https:\/\/twitter.com\/share\" class=\"twitter-share-button\" data-url=\"https:\/\/www.caritasne2.org.br\/site\/cabedelo-pb-vai-criar-conselho-de-seguranca-alimentar\/\">&nbsp;<\/a><script>!function(d,s,id){var js,fjs=d.getElementsByTagName(s)[0],p=\/^http:\/.test(d.location)?'http':'https';if(!d.getElementById(id)){js=d.createElement(s);js.id=id;js.src=p+':\/\/platform.twitter.com\/widgets.js';fjs.parentNode.insertBefore(js,fjs);}}(document, 'script', 'twitter-wjs');<\/script><\/li><li class=\"gplus\" style=\"width:68px\"><div class=\"g-plusone\" data-size=\"medium\" data-href=\"https:\/\/www.caritasne2.org.br\/site\/cabedelo-pb-vai-criar-conselho-de-seguranca-alimentar\/\"><\/div><\/li><li class=\"ssb_linkedin\" style=\"width:64px\"><script src=\"\/\/platform.linkedin.com\/in.js\" type=\"text\/javascript\">lang: en_US<\/script><script type=\"IN\/Share\" data-url=\"https:\/\/www.caritasne2.org.br\/site\/cabedelo-pb-vai-criar-conselho-de-seguranca-alimentar\/\" data-counter=\"right\"><\/script><\/li><\/ul>","protected":false},"excerpt":{"rendered":"<p>Para discutir a cria\u00e7\u00e3o do Conselho Municipal de Seguran\u00e7a Alimentar e Nutricional, o prefeito de Cabedelo, Jos\u00e9 Maria de Lucena Filho reuniu-se na segunda-feira (19) em seu gabinete, com representantes do Conselho Estadual de Seguran\u00e7a Alimentar e Nutricional (Consea-PB), do Rotary Clube, da Secretaria de Trabalho, A\u00e7\u00e3o Social e Mulher e o vereador Junior Datele. A cria\u00e7\u00e3o do Conselho Municipal de Seguran\u00e7a Alimentar e Nutricional [&hellip;]<\/p>\n<ul class=\"ssb_list_wrapper\"><li class=\"fb2\" style=\"width:135px\"><iframe src=\"\/\/www.facebook.com\/plugins\/like.php?href=https%3A%2F%2Fwww.caritasne2.org.br%2Fsite%2Fcabedelo-pb-vai-criar-conselho-de-seguranca-alimentar%2F&amp;layout=button_count&amp;action=like&amp;show_faces=false&amp;share=true&amp;width=135&amp;height=21&amp;appId=307091639398582\" scrolling=\"no\" frameborder=\"0\" style=\"border:none; overflow:hidden;  width:150px; height:21px;\" allowTransparency=\"true\"><\/iframe><\/li><li class=\"twtr\" style=\"width:90px\"><a href=\"https:\/\/twitter.com\/share\" class=\"twitter-share-button\" data-url=\"https:\/\/www.caritasne2.org.br\/site\/cabedelo-pb-vai-criar-conselho-de-seguranca-alimentar\/\">&nbsp;<\/a><script>!function(d,s,id){var js,fjs=d.getElementsByTagName(s)[0],p=\/^http:\/.test(d.location)?'http':'https';if(!d.getElementById(id)){js=d.createElement(s);js.id=id;js.src=p+':\/\/platform.twitter.com\/widgets.js';fjs.parentNode.insertBefore(js,fjs);}}(document, 'script', 'twitter-wjs');<\/script><\/li><li class=\"gplus\" style=\"width:68px\"><div class=\"g-plusone\" data-size=\"medium\" data-href=\"https:\/\/www.caritasne2.org.br\/site\/cabedelo-pb-vai-criar-conselho-de-seguranca-alimentar\/\"><\/div><\/li><li class=\"ssb_linkedin\" style=\"width:64px\"><script src=\"\/\/platform.linkedin.com\/in.js\" type=\"text\/javascript\">lang: en_US<\/script><script type=\"IN\/Share\" data-url=\"https:\/\/www.caritasne2.org.br\/site\/cabedelo-pb-vai-criar-conselho-de-seguranca-alimentar\/\" data-counter=\"right\"><\/script><\/li><\/ul>","protected":false},"author":4,"featured_media":1278,"comment_status":"open","ping_status":"open","sticky":false,"template":"","format":"standard","meta":[],"categories":[20],"tags":[286,67,287,275],"_links":{"self":[{"href":"https:\/\/www.caritasne2.org.br\/site\/wp-json\/wp\/v2\/posts\/1277"}],"collection":[{"href":"https:\/\/www.caritasne2.org.br\/site\/wp-json\/wp\/v2\/posts"}],"about":[{"href":"https:\/\/www.caritasne2.org.br\/site\/wp-json\/wp\/v2\/types\/post"}],"author":[{"embeddable":true,"href":"https:\/\/www.caritasne2.org.br\/site\/wp-json\/wp\/v2\/users\/4"}],"replies":[{"embeddable":true,"href":"https:\/\/www.caritasne2.org.br\/site\/wp-json\/wp\/v2\/comments?post=1277"}],"version-history":[{"count":0,"href":"https:\/\/www.caritasne2.org.br\/site\/wp-json\/wp\/v2\/posts\/1277\/revisions"}],"wp:featuredmedia":[{"embeddable":true,"href":"https:\/\/www.caritasne2.org.br\/site\/wp-json\/wp\/v2\/media\/1278"}],"wp:attachment":[{"href":"https:\/\/www.caritasne2.org.br\/site\/wp-json\/wp\/v2\/media?parent=1277"}],"wp:term":[{"taxonomy":"category","embeddable":true,"href":"https:\/\/www.caritasne2.org.br\/site\/wp-json\/wp\/v2\/categories?post=1277"},{"taxonomy":"post_tag","embeddable":true,"href":"https:\/\/www.caritasne2.org.br\/site\/wp-json\/wp\/v2\/tags?post=1277"}],"curies":[{"name":"wp","href":"https:\/\/api.w.org\/{rel}","templated":true}]}}