{"id":12748,"date":"2024-10-21T15:38:12","date_gmt":"2024-10-21T18:38:12","guid":{"rendered":"https:\/\/www.caritasne2.org.br\/site\/?p=12748"},"modified":"2024-10-23T15:47:14","modified_gmt":"2024-10-23T18:47:14","slug":"agricultoras-da-paraiba-participam-de-oficina-sobre-soberania-alimentar-e-geracao-de-renda","status":"publish","type":"post","link":"https:\/\/www.caritasne2.org.br\/site\/agricultoras-da-paraiba-participam-de-oficina-sobre-soberania-alimentar-e-geracao-de-renda\/","title":{"rendered":"Agricultoras da para\u00edba participam de oficina sobre soberania alimentar e gera\u00e7\u00e3o de renda"},"content":{"rendered":"<p><img decoding=\"async\" loading=\"lazy\" class=\"alignright size-medium wp-image-12751\" src=\"https:\/\/www.caritasne2.org.br\/site\/wp-content\/uploads\/2024\/10\/2-300x225.jpeg\" alt=\"\" width=\"300\" height=\"225\" srcset=\"https:\/\/www.caritasne2.org.br\/site\/wp-content\/uploads\/2024\/10\/2-300x225.jpeg 300w, https:\/\/www.caritasne2.org.br\/site\/wp-content\/uploads\/2024\/10\/2-1024x768.jpeg 1024w, https:\/\/www.caritasne2.org.br\/site\/wp-content\/uploads\/2024\/10\/2-768x576.jpeg 768w, https:\/\/www.caritasne2.org.br\/site\/wp-content\/uploads\/2024\/10\/2-1536x1152.jpeg 1536w, https:\/\/www.caritasne2.org.br\/site\/wp-content\/uploads\/2024\/10\/2.jpeg 1600w\" sizes=\"(max-width: 300px) 100vw, 300px\" \/>Agricultoras e agricultores dos munic\u00edpios de Tacima, Dona In\u00eas, Bananeiras, Sol\u00e2nea e Cacimba de Dentro, na Para\u00edba, participaram, neste fim de semana, de uma Oficina sobre soberania e seguran\u00e7a alimentar, nutricional e gera\u00e7\u00e3o de renda. Realizada pela C\u00e1ritas Diocesana de Guarabira e C\u00e1ritas Nordeste 2, o encontro tratou de temas como agroecologia, seguran\u00e7a alimentar, reaproveitamento de alimentos, precifica\u00e7\u00e3o e comercializa\u00e7\u00e3o.<\/p>\n<p>Os participantes colocaram a m\u00e3o na massa e aprenderam a fazer receitas utilizando res\u00edduos que seriam descartados, al\u00e9m de ingredientes produzidos nos locais. Bolo de casca de banana, bolo de <img decoding=\"async\" loading=\"lazy\" class=\"alignright size-medium wp-image-12752\" src=\"https:\/\/www.caritasne2.org.br\/site\/wp-content\/uploads\/2024\/10\/WhatsApp-Image-2024-10-22-at-10.18.25-300x225.jpeg\" alt=\"\" width=\"300\" height=\"225\" srcset=\"https:\/\/www.caritasne2.org.br\/site\/wp-content\/uploads\/2024\/10\/WhatsApp-Image-2024-10-22-at-10.18.25-300x225.jpeg 300w, https:\/\/www.caritasne2.org.br\/site\/wp-content\/uploads\/2024\/10\/WhatsApp-Image-2024-10-22-at-10.18.25-1024x768.jpeg 1024w, https:\/\/www.caritasne2.org.br\/site\/wp-content\/uploads\/2024\/10\/WhatsApp-Image-2024-10-22-at-10.18.25-768x576.jpeg 768w, https:\/\/www.caritasne2.org.br\/site\/wp-content\/uploads\/2024\/10\/WhatsApp-Image-2024-10-22-at-10.18.25-1536x1152.jpeg 1536w, https:\/\/www.caritasne2.org.br\/site\/wp-content\/uploads\/2024\/10\/WhatsApp-Image-2024-10-22-at-10.18.25.jpeg 1600w\" sizes=\"(max-width: 300px) 100vw, 300px\" \/>macaxeira, bolo p\u00e9 de moleque, p\u00e3o de milho, p\u00e3o de macaxeira, p\u00e3o de batata doce, doce de banana e chips de banana verde&#8230; essas foram algumas das iguarias confeccionadas pelo grupo.<\/p>\n<p>Os alimentos foram produzidos no fog\u00e3o Ecol\u00f3gico e os participantes aproveitaram para conversar sobre essa tecnologia: seu manejo, materiais a serem utilizado para queima e a fabrica\u00e7\u00e3o dos alimentos, e sua import\u00e2ncia para a regi\u00e3o semi\u00e1rida. \u201cRefor\u00e7amos que o objetivo do fog\u00e3o \u00e9 garantir as refei\u00e7\u00f5es di\u00e1rias das fam\u00edlias. Se a agricultura vai gerar algum bolo para vender na vizinhan\u00e7a, isso \u00e9 uma consequ\u00eancia da efici\u00eancia da tecnologia, e n\u00e3o o seu foco\u201d, salienta Ana Paula Gomes, assessora t\u00e9cnica da C\u00e1ritas NE2.<\/p>\n<p><img decoding=\"async\" loading=\"lazy\" class=\"alignright size-medium wp-image-12753\" src=\"https:\/\/www.caritasne2.org.br\/site\/wp-content\/uploads\/2024\/10\/WhatsApp-Image-2024-10-22-at-10.18.30-2-300x225.jpeg\" alt=\"\" width=\"300\" height=\"225\" srcset=\"https:\/\/www.caritasne2.org.br\/site\/wp-content\/uploads\/2024\/10\/WhatsApp-Image-2024-10-22-at-10.18.30-2-300x225.jpeg 300w, https:\/\/www.caritasne2.org.br\/site\/wp-content\/uploads\/2024\/10\/WhatsApp-Image-2024-10-22-at-10.18.30-2-1024x768.jpeg 1024w, https:\/\/www.caritasne2.org.br\/site\/wp-content\/uploads\/2024\/10\/WhatsApp-Image-2024-10-22-at-10.18.30-2-768x576.jpeg 768w, https:\/\/www.caritasne2.org.br\/site\/wp-content\/uploads\/2024\/10\/WhatsApp-Image-2024-10-22-at-10.18.30-2-1536x1152.jpeg 1536w, https:\/\/www.caritasne2.org.br\/site\/wp-content\/uploads\/2024\/10\/WhatsApp-Image-2024-10-22-at-10.18.30-2.jpeg 1600w\" sizes=\"(max-width: 300px) 100vw, 300px\" \/>O segundo dia do encontro foi dedicado a exposi\u00e7\u00e3o e venda dos produtos, e avalia\u00e7\u00e3o dos resultados da oficina. \u201cOs participantes perceberam que \u00e9 poss\u00edvel produzir receitas com os alimentos e materiais de que se disp\u00f5e. Se n\u00e3o tem uma forma para bolo, por que n\u00e3o usar uma panela velha, sem cabo? Se n\u00e3o tem forma para pizza, d\u00e1 pra utilizar a tampa do caldeir\u00e3o&#8230;\u201d, exemplifica Ana Paula.<\/p>\n<p>Todos os participantes receberam uma apostila com exemplos de receitas simples, baseadas em produtos facilmente dispon\u00edveis nos locais.<\/p>\n<ul class=\"ssb_list_wrapper\"><li class=\"fb2\" style=\"width:135px\"><iframe src=\"\/\/www.facebook.com\/plugins\/like.php?href=https%3A%2F%2Fwww.caritasne2.org.br%2Fsite%2Fagricultoras-da-paraiba-participam-de-oficina-sobre-soberania-alimentar-e-geracao-de-renda%2F&amp;layout=button_count&amp;action=like&amp;show_faces=false&amp;share=true&amp;width=135&amp;height=21&amp;appId=307091639398582\" scrolling=\"no\" frameborder=\"0\" style=\"border:none; overflow:hidden;  width:150px; height:21px;\" allowTransparency=\"true\"><\/iframe><\/li><li class=\"twtr\" style=\"width:90px\"><a href=\"https:\/\/twitter.com\/share\" class=\"twitter-share-button\" data-url=\"https:\/\/www.caritasne2.org.br\/site\/agricultoras-da-paraiba-participam-de-oficina-sobre-soberania-alimentar-e-geracao-de-renda\/\">&nbsp;<\/a><script>!function(d,s,id){var js,fjs=d.getElementsByTagName(s)[0],p=\/^http:\/.test(d.location)?'http':'https';if(!d.getElementById(id)){js=d.createElement(s);js.id=id;js.src=p+':\/\/platform.twitter.com\/widgets.js';fjs.parentNode.insertBefore(js,fjs);}}(document, 'script', 'twitter-wjs');<\/script><\/li><li class=\"gplus\" style=\"width:68px\"><div class=\"g-plusone\" data-size=\"medium\" data-href=\"https:\/\/www.caritasne2.org.br\/site\/agricultoras-da-paraiba-participam-de-oficina-sobre-soberania-alimentar-e-geracao-de-renda\/\"><\/div><\/li><li class=\"ssb_linkedin\" style=\"width:64px\"><script src=\"\/\/platform.linkedin.com\/in.js\" type=\"text\/javascript\">lang: en_US<\/script><script type=\"IN\/Share\" data-url=\"https:\/\/www.caritasne2.org.br\/site\/agricultoras-da-paraiba-participam-de-oficina-sobre-soberania-alimentar-e-geracao-de-renda\/\" data-counter=\"right\"><\/script><\/li><\/ul>","protected":false},"excerpt":{"rendered":"<p>Agricultoras e agricultores dos munic\u00edpios de Tacima, Dona In\u00eas, Bananeiras, Sol\u00e2nea e Cacimba de Dentro, na Para\u00edba, participaram, neste fim de semana, de uma Oficina sobre soberania e seguran\u00e7a alimentar, nutricional e gera\u00e7\u00e3o de renda. Realizada pela C\u00e1ritas Diocesana de Guarabira e C\u00e1ritas Nordeste 2, o encontro tratou de temas como agroecologia, seguran\u00e7a alimentar, reaproveitamento de alimentos, precifica\u00e7\u00e3o e comercializa\u00e7\u00e3o. Os participantes colocaram a m\u00e3o [&hellip;]<\/p>\n<ul class=\"ssb_list_wrapper\"><li class=\"fb2\" style=\"width:135px\"><iframe src=\"\/\/www.facebook.com\/plugins\/like.php?href=https%3A%2F%2Fwww.caritasne2.org.br%2Fsite%2Fagricultoras-da-paraiba-participam-de-oficina-sobre-soberania-alimentar-e-geracao-de-renda%2F&amp;layout=button_count&amp;action=like&amp;show_faces=false&amp;share=true&amp;width=135&amp;height=21&amp;appId=307091639398582\" scrolling=\"no\" frameborder=\"0\" style=\"border:none; overflow:hidden;  width:150px; height:21px;\" allowTransparency=\"true\"><\/iframe><\/li><li class=\"twtr\" style=\"width:90px\"><a href=\"https:\/\/twitter.com\/share\" class=\"twitter-share-button\" data-url=\"https:\/\/www.caritasne2.org.br\/site\/agricultoras-da-paraiba-participam-de-oficina-sobre-soberania-alimentar-e-geracao-de-renda\/\">&nbsp;<\/a><script>!function(d,s,id){var js,fjs=d.getElementsByTagName(s)[0],p=\/^http:\/.test(d.location)?'http':'https';if(!d.getElementById(id)){js=d.createElement(s);js.id=id;js.src=p+':\/\/platform.twitter.com\/widgets.js';fjs.parentNode.insertBefore(js,fjs);}}(document, 'script', 'twitter-wjs');<\/script><\/li><li class=\"gplus\" style=\"width:68px\"><div class=\"g-plusone\" data-size=\"medium\" data-href=\"https:\/\/www.caritasne2.org.br\/site\/agricultoras-da-paraiba-participam-de-oficina-sobre-soberania-alimentar-e-geracao-de-renda\/\"><\/div><\/li><li class=\"ssb_linkedin\" style=\"width:64px\"><script src=\"\/\/platform.linkedin.com\/in.js\" type=\"text\/javascript\">lang: en_US<\/script><script type=\"IN\/Share\" data-url=\"https:\/\/www.caritasne2.org.br\/site\/agricultoras-da-paraiba-participam-de-oficina-sobre-soberania-alimentar-e-geracao-de-renda\/\" data-counter=\"right\"><\/script><\/li><\/ul>","protected":false},"author":4,"featured_media":12750,"comment_status":"open","ping_status":"open","sticky":false,"template":"","format":"standard","meta":[],"categories":[21,20],"tags":[84,1292,1291,1248,493,1290],"_links":{"self":[{"href":"https:\/\/www.caritasne2.org.br\/site\/wp-json\/wp\/v2\/posts\/12748"}],"collection":[{"href":"https:\/\/www.caritasne2.org.br\/site\/wp-json\/wp\/v2\/posts"}],"about":[{"href":"https:\/\/www.caritasne2.org.br\/site\/wp-json\/wp\/v2\/types\/post"}],"author":[{"embeddable":true,"href":"https:\/\/www.caritasne2.org.br\/site\/wp-json\/wp\/v2\/users\/4"}],"replies":[{"embeddable":true,"href":"https:\/\/www.caritasne2.org.br\/site\/wp-json\/wp\/v2\/comments?post=12748"}],"version-history":[{"count":1,"href":"https:\/\/www.caritasne2.org.br\/site\/wp-json\/wp\/v2\/posts\/12748\/revisions"}],"predecessor-version":[{"id":12768,"href":"https:\/\/www.caritasne2.org.br\/site\/wp-json\/wp\/v2\/posts\/12748\/revisions\/12768"}],"wp:featuredmedia":[{"embeddable":true,"href":"https:\/\/www.caritasne2.org.br\/site\/wp-json\/wp\/v2\/media\/12750"}],"wp:attachment":[{"href":"https:\/\/www.caritasne2.org.br\/site\/wp-json\/wp\/v2\/media?parent=12748"}],"wp:term":[{"taxonomy":"category","embeddable":true,"href":"https:\/\/www.caritasne2.org.br\/site\/wp-json\/wp\/v2\/categories?post=12748"},{"taxonomy":"post_tag","embeddable":true,"href":"https:\/\/www.caritasne2.org.br\/site\/wp-json\/wp\/v2\/tags?post=12748"}],"curies":[{"name":"wp","href":"https:\/\/api.w.org\/{rel}","templated":true}]}}