{"id":12694,"date":"2024-09-30T17:46:39","date_gmt":"2024-09-30T20:46:39","guid":{"rendered":"https:\/\/www.caritasne2.org.br\/site\/?p=12694"},"modified":"2024-09-30T17:46:53","modified_gmt":"2024-09-30T20:46:53","slug":"caritas-ne2-promove-formacao-sobre-comunicacao-popular-e-constitui-rede-de-comunicadores-populares","status":"publish","type":"post","link":"https:\/\/www.caritasne2.org.br\/site\/caritas-ne2-promove-formacao-sobre-comunicacao-popular-e-constitui-rede-de-comunicadores-populares\/","title":{"rendered":"C\u00e1ritas NE2 promove forma\u00e7\u00e3o sobre comunica\u00e7\u00e3o popular e constitui Rede de Comunicadores Populares"},"content":{"rendered":"<p><img decoding=\"async\" loading=\"lazy\" class=\"alignright wp-image-12702\" src=\"https:\/\/www.caritasne2.org.br\/site\/wp-content\/uploads\/2024\/09\/WhatsApp-Image-2024-09-30-at-06.56.10-6-e1727725165747-300x152.jpeg\" alt=\"\" width=\"345\" height=\"175\" srcset=\"https:\/\/www.caritasne2.org.br\/site\/wp-content\/uploads\/2024\/09\/WhatsApp-Image-2024-09-30-at-06.56.10-6-e1727725165747-300x152.jpeg 300w, https:\/\/www.caritasne2.org.br\/site\/wp-content\/uploads\/2024\/09\/WhatsApp-Image-2024-09-30-at-06.56.10-6-e1727725165747-1024x520.jpeg 1024w, https:\/\/www.caritasne2.org.br\/site\/wp-content\/uploads\/2024\/09\/WhatsApp-Image-2024-09-30-at-06.56.10-6-e1727725165747-768x390.jpeg 768w, https:\/\/www.caritasne2.org.br\/site\/wp-content\/uploads\/2024\/09\/WhatsApp-Image-2024-09-30-at-06.56.10-6-e1727725165747.jpeg 1126w\" sizes=\"(max-width: 345px) 100vw, 345px\" \/><\/p>\n<p style=\"text-align: justify;\">Est\u00e1 criada a Rede de Comunicadores da C\u00e1ritas Regional Nordeste 2. Com representantes das v\u00e1rias entidades dos estados de Alagoas, Para\u00edba, Pernambuco e Rio Grande do Norte, a rede se prop\u00f5e a atuar, de forma integrada e articulada, na constru\u00e7\u00e3o de uma comunica\u00e7\u00e3o popular, que d\u00ea voz \u00e0s hist\u00f3rias diversas que comp\u00f5em a miss\u00e3o da C\u00e1ritas. A cria\u00e7\u00e3o da rede foi fruto da Oficina de Comunica\u00e7\u00e3o Popular e Incid\u00eancia, promovida de sexta a domingo (27 a 29), no Centro Mari\u00e1polis, em Igarassu-Pernambuco.<\/p>\n<p style=\"text-align: justify;\">\u00a0Durante tr\u00eas dias, os participantes, dos quatro estados, discutiram a comunica\u00e7\u00e3o popular enquanto instrumento para se contrapor \u00e0 imposi\u00e7\u00e3o de uma hist\u00f3ria \u00fanica. Estimulados pela facilitadora Monyse Ravenna, jornalista e pesquisadora em Hist\u00f3ria Social, o grupo conversou tamb\u00e9m sobre a Pol\u00edtica de Comunica\u00e7\u00e3o da C\u00e1ritas, e sobre os desafios, avan\u00e7os \u00a0e possibilidades de cada entidade membro.<\/p>\n<p style=\"text-align: justify;\">No primeiro dia da oficina, os participantes trocaram ideias sobre os canais de Comunica\u00e7\u00e3o que gostavam de utilizar em seu dia-a-dia e compartilharam hist\u00f3rias que marcaram suas trajet\u00f3rias na C\u00e1ritas NE2. Algumas observa\u00e7\u00f5es importantes foram ressaltadas como \u00a0a import\u00e2ncia de nomear os sujeitos de cada hist\u00f3ria; e a certeza de que h\u00e1 muitas possibilidades para disputar hegemonia com a m\u00eddia comercial.<img decoding=\"async\" loading=\"lazy\" class=\"alignright size-medium wp-image-12700\" src=\"https:\/\/www.caritasne2.org.br\/site\/wp-content\/uploads\/2024\/09\/WhatsApp-Image-2024-09-30-at-07.27.21-1-300x225.jpeg\" alt=\"\" width=\"300\" height=\"225\" srcset=\"https:\/\/www.caritasne2.org.br\/site\/wp-content\/uploads\/2024\/09\/WhatsApp-Image-2024-09-30-at-07.27.21-1-300x225.jpeg 300w, https:\/\/www.caritasne2.org.br\/site\/wp-content\/uploads\/2024\/09\/WhatsApp-Image-2024-09-30-at-07.27.21-1-1024x768.jpeg 1024w, https:\/\/www.caritasne2.org.br\/site\/wp-content\/uploads\/2024\/09\/WhatsApp-Image-2024-09-30-at-07.27.21-1-768x576.jpeg 768w, https:\/\/www.caritasne2.org.br\/site\/wp-content\/uploads\/2024\/09\/WhatsApp-Image-2024-09-30-at-07.27.21-1.jpeg 1280w\" sizes=\"(max-width: 300px) 100vw, 300px\" \/><\/p>\n<p style=\"text-align: justify;\">No segundo dia do encontro, o depoimento da escritora nigeriana Chimamanda Adichie foi ponto de partida para reflex\u00f5es bastante relevantes quanto ao papel da Comunica\u00e7\u00e3o em fazer ecoar m\u00faltiplas vozes, impedindo a imposi\u00e7\u00e3o de uma hist\u00f3ria \u00fanica. E, como acentua a escritora, \u201cHist\u00f3rias importam. Muitas hist\u00f3rias importam. Hist\u00f3rias podem destruir a dignidade de um povo, mas hist\u00f3rias tamb\u00e9m podem reparar essa dignidade perdida\u201d.<\/p>\n<p style=\"text-align: justify;\">Inspirados pela fala do Papa Francisco, durante o 55\u00aa Dia Mundial das Comunica\u00e7\u00f5es Sociais, os integrantes da Rede de Comunica\u00e7\u00e3o da C\u00e1ritas NE2 foram convidados a \u201csair da presun\u00e7\u00e3o c\u00f4moda do \u2018j\u00e1 sabido\u2019 e mover-se, ir ver, estar com as pessoas, ouvi-las, recolher as sugest\u00f5es da realidade, (&#8230; ) de tal modo que os outros possam, ao ler-te, tocar com as m\u00e3os o milagre palpitante da vida\u201d.<img decoding=\"async\" loading=\"lazy\" class=\"alignright size-medium wp-image-12698\" src=\"https:\/\/www.caritasne2.org.br\/site\/wp-content\/uploads\/2024\/09\/WhatsApp-Image-2024-09-30-at-07.22.16-300x225.jpeg\" alt=\"\" width=\"300\" height=\"225\" srcset=\"https:\/\/www.caritasne2.org.br\/site\/wp-content\/uploads\/2024\/09\/WhatsApp-Image-2024-09-30-at-07.22.16-300x225.jpeg 300w, https:\/\/www.caritasne2.org.br\/site\/wp-content\/uploads\/2024\/09\/WhatsApp-Image-2024-09-30-at-07.22.16-1024x768.jpeg 1024w, https:\/\/www.caritasne2.org.br\/site\/wp-content\/uploads\/2024\/09\/WhatsApp-Image-2024-09-30-at-07.22.16-768x576.jpeg 768w, https:\/\/www.caritasne2.org.br\/site\/wp-content\/uploads\/2024\/09\/WhatsApp-Image-2024-09-30-at-07.22.16.jpeg 1280w\" sizes=\"(max-width: 300px) 100vw, 300px\" \/><\/p>\n<p style=\"text-align: justify;\">O desafio agora \u00e9 partir para a a\u00e7\u00e3o. A rede de Comunicadores permitir\u00e1 uma estrat\u00e9gia integrada, bem como o fortalecimento coletivo e colaborativo das estrat\u00e9gias das entidades membros \u2013 com todas as suas m\u00faltiplas vozes a ecoar.<\/p>\n<p style=\"text-align: justify;\">Participaram do encontro \u00a0volunt\u00e1rios (as) e colaboradores de comunica\u00e7\u00e3o das seguintes entidades membros; C\u00e1ritas Arquidiocesana de Macei\u00f3 (AL),C\u00e1ritas Diocesana de Palmeira dos \u00cdndios (AL),A\u00e7\u00e3o Social Arquidiocesana de Jo\u00e3o Pessoa (PB),A\u00e7\u00e3o Social Diocesana de Patos (PB),C\u00e1ritas Diocesana de Guarabira (PB), C\u00e1ritas Diocesana de Afogados da Ingazeira (PE),C\u00e1ritas Arquidiocesana de Olinda e Recife (PE),C\u00e1ritas Diocesana de Pesqueira (PE),C\u00e1ritas Diocesana de Palmares (PE),Funda\u00e7\u00e3o Monsenhor Petronilo Pedrosa (PE), C\u00e1ritas Arquidiocesana de Natal (RN),e C\u00e1ritas Diocesana de Mossor\u00f3 (RN).<\/p>\n<p><img decoding=\"async\" loading=\"lazy\" class=\" wp-image-12697 aligncenter\" src=\"https:\/\/www.caritasne2.org.br\/site\/wp-content\/uploads\/2024\/09\/WhatsApp-Image-2024-09-30-at-07.15.08-7-300x225.jpeg\" alt=\"\" width=\"402\" height=\"302\" srcset=\"https:\/\/www.caritasne2.org.br\/site\/wp-content\/uploads\/2024\/09\/WhatsApp-Image-2024-09-30-at-07.15.08-7-300x225.jpeg 300w, https:\/\/www.caritasne2.org.br\/site\/wp-content\/uploads\/2024\/09\/WhatsApp-Image-2024-09-30-at-07.15.08-7-1024x768.jpeg 1024w, https:\/\/www.caritasne2.org.br\/site\/wp-content\/uploads\/2024\/09\/WhatsApp-Image-2024-09-30-at-07.15.08-7-768x576.jpeg 768w, https:\/\/www.caritasne2.org.br\/site\/wp-content\/uploads\/2024\/09\/WhatsApp-Image-2024-09-30-at-07.15.08-7.jpeg 1280w\" sizes=\"(max-width: 402px) 100vw, 402px\" \/><\/p>\n<p><img decoding=\"async\" loading=\"lazy\" class=\" wp-image-12696 aligncenter\" src=\"https:\/\/www.caritasne2.org.br\/site\/wp-content\/uploads\/2024\/09\/WhatsApp-Image-2024-09-30-at-07.15.07-1-225x300.jpeg\" alt=\"\" width=\"299\" height=\"399\" srcset=\"https:\/\/www.caritasne2.org.br\/site\/wp-content\/uploads\/2024\/09\/WhatsApp-Image-2024-09-30-at-07.15.07-1-225x300.jpeg 225w, https:\/\/www.caritasne2.org.br\/site\/wp-content\/uploads\/2024\/09\/WhatsApp-Image-2024-09-30-at-07.15.07-1-768x1024.jpeg 768w, https:\/\/www.caritasne2.org.br\/site\/wp-content\/uploads\/2024\/09\/WhatsApp-Image-2024-09-30-at-07.15.07-1.jpeg 960w\" sizes=\"(max-width: 299px) 100vw, 299px\" \/><\/p>\n<p><img decoding=\"async\" loading=\"lazy\" class=\" wp-image-12707 aligncenter\" src=\"https:\/\/www.caritasne2.org.br\/site\/wp-content\/uploads\/2024\/09\/WhatsApp-Image-2024-09-30-at-06.56.10-5-300x225.jpeg\" alt=\"\" width=\"403\" height=\"302\" srcset=\"https:\/\/www.caritasne2.org.br\/site\/wp-content\/uploads\/2024\/09\/WhatsApp-Image-2024-09-30-at-06.56.10-5-300x225.jpeg 300w, https:\/\/www.caritasne2.org.br\/site\/wp-content\/uploads\/2024\/09\/WhatsApp-Image-2024-09-30-at-06.56.10-5-1024x768.jpeg 1024w, https:\/\/www.caritasne2.org.br\/site\/wp-content\/uploads\/2024\/09\/WhatsApp-Image-2024-09-30-at-06.56.10-5-768x576.jpeg 768w, https:\/\/www.caritasne2.org.br\/site\/wp-content\/uploads\/2024\/09\/WhatsApp-Image-2024-09-30-at-06.56.10-5.jpeg 1280w\" sizes=\"(max-width: 403px) 100vw, 403px\" \/><\/p>\n<p><img decoding=\"async\" loading=\"lazy\" class=\" wp-image-12708 aligncenter\" src=\"https:\/\/www.caritasne2.org.br\/site\/wp-content\/uploads\/2024\/09\/WhatsApp-Image-2024-09-30-at-06.56.10-2-300x225.jpeg\" alt=\"\" width=\"412\" height=\"309\" srcset=\"https:\/\/www.caritasne2.org.br\/site\/wp-content\/uploads\/2024\/09\/WhatsApp-Image-2024-09-30-at-06.56.10-2-300x225.jpeg 300w, https:\/\/www.caritasne2.org.br\/site\/wp-content\/uploads\/2024\/09\/WhatsApp-Image-2024-09-30-at-06.56.10-2-1024x768.jpeg 1024w, https:\/\/www.caritasne2.org.br\/site\/wp-content\/uploads\/2024\/09\/WhatsApp-Image-2024-09-30-at-06.56.10-2-768x576.jpeg 768w, https:\/\/www.caritasne2.org.br\/site\/wp-content\/uploads\/2024\/09\/WhatsApp-Image-2024-09-30-at-06.56.10-2.jpeg 1280w\" sizes=\"(max-width: 412px) 100vw, 412px\" \/><\/p>\n<ul class=\"ssb_list_wrapper\"><li class=\"fb2\" style=\"width:135px\"><iframe src=\"\/\/www.facebook.com\/plugins\/like.php?href=https%3A%2F%2Fwww.caritasne2.org.br%2Fsite%2Fcaritas-ne2-promove-formacao-sobre-comunicacao-popular-e-constitui-rede-de-comunicadores-populares%2F&amp;layout=button_count&amp;action=like&amp;show_faces=false&amp;share=true&amp;width=135&amp;height=21&amp;appId=307091639398582\" scrolling=\"no\" frameborder=\"0\" style=\"border:none; overflow:hidden;  width:150px; height:21px;\" allowTransparency=\"true\"><\/iframe><\/li><li class=\"twtr\" style=\"width:90px\"><a href=\"https:\/\/twitter.com\/share\" class=\"twitter-share-button\" data-url=\"https:\/\/www.caritasne2.org.br\/site\/caritas-ne2-promove-formacao-sobre-comunicacao-popular-e-constitui-rede-de-comunicadores-populares\/\">&nbsp;<\/a><script>!function(d,s,id){var js,fjs=d.getElementsByTagName(s)[0],p=\/^http:\/.test(d.location)?'http':'https';if(!d.getElementById(id)){js=d.createElement(s);js.id=id;js.src=p+':\/\/platform.twitter.com\/widgets.js';fjs.parentNode.insertBefore(js,fjs);}}(document, 'script', 'twitter-wjs');<\/script><\/li><li class=\"gplus\" style=\"width:68px\"><div class=\"g-plusone\" data-size=\"medium\" data-href=\"https:\/\/www.caritasne2.org.br\/site\/caritas-ne2-promove-formacao-sobre-comunicacao-popular-e-constitui-rede-de-comunicadores-populares\/\"><\/div><\/li><li class=\"ssb_linkedin\" style=\"width:64px\"><script src=\"\/\/platform.linkedin.com\/in.js\" type=\"text\/javascript\">lang: en_US<\/script><script type=\"IN\/Share\" data-url=\"https:\/\/www.caritasne2.org.br\/site\/caritas-ne2-promove-formacao-sobre-comunicacao-popular-e-constitui-rede-de-comunicadores-populares\/\" data-counter=\"right\"><\/script><\/li><\/ul>","protected":false},"excerpt":{"rendered":"<p>Est\u00e1 criada a Rede de Comunicadores da C\u00e1ritas Regional Nordeste 2. Com representantes das v\u00e1rias entidades dos estados de Alagoas, Para\u00edba, Pernambuco e Rio Grande do Norte, a rede se prop\u00f5e a atuar, de forma integrada e articulada, na constru\u00e7\u00e3o de uma comunica\u00e7\u00e3o popular, que d\u00ea voz \u00e0s hist\u00f3rias diversas que comp\u00f5em a miss\u00e3o da C\u00e1ritas. A cria\u00e7\u00e3o da rede foi fruto da Oficina de [&hellip;]<\/p>\n<ul class=\"ssb_list_wrapper\"><li class=\"fb2\" style=\"width:135px\"><iframe src=\"\/\/www.facebook.com\/plugins\/like.php?href=https%3A%2F%2Fwww.caritasne2.org.br%2Fsite%2Fcaritas-ne2-promove-formacao-sobre-comunicacao-popular-e-constitui-rede-de-comunicadores-populares%2F&amp;layout=button_count&amp;action=like&amp;show_faces=false&amp;share=true&amp;width=135&amp;height=21&amp;appId=307091639398582\" scrolling=\"no\" frameborder=\"0\" style=\"border:none; overflow:hidden;  width:150px; height:21px;\" allowTransparency=\"true\"><\/iframe><\/li><li class=\"twtr\" style=\"width:90px\"><a href=\"https:\/\/twitter.com\/share\" class=\"twitter-share-button\" data-url=\"https:\/\/www.caritasne2.org.br\/site\/caritas-ne2-promove-formacao-sobre-comunicacao-popular-e-constitui-rede-de-comunicadores-populares\/\">&nbsp;<\/a><script>!function(d,s,id){var js,fjs=d.getElementsByTagName(s)[0],p=\/^http:\/.test(d.location)?'http':'https';if(!d.getElementById(id)){js=d.createElement(s);js.id=id;js.src=p+':\/\/platform.twitter.com\/widgets.js';fjs.parentNode.insertBefore(js,fjs);}}(document, 'script', 'twitter-wjs');<\/script><\/li><li class=\"gplus\" style=\"width:68px\"><div class=\"g-plusone\" data-size=\"medium\" data-href=\"https:\/\/www.caritasne2.org.br\/site\/caritas-ne2-promove-formacao-sobre-comunicacao-popular-e-constitui-rede-de-comunicadores-populares\/\"><\/div><\/li><li class=\"ssb_linkedin\" style=\"width:64px\"><script src=\"\/\/platform.linkedin.com\/in.js\" type=\"text\/javascript\">lang: en_US<\/script><script type=\"IN\/Share\" data-url=\"https:\/\/www.caritasne2.org.br\/site\/caritas-ne2-promove-formacao-sobre-comunicacao-popular-e-constitui-rede-de-comunicadores-populares\/\" data-counter=\"right\"><\/script><\/li><\/ul>","protected":false},"author":4,"featured_media":12710,"comment_status":"open","ping_status":"open","sticky":false,"template":"","format":"standard","meta":[],"categories":[21,20],"tags":[84,300,1287,1248,581],"_links":{"self":[{"href":"https:\/\/www.caritasne2.org.br\/site\/wp-json\/wp\/v2\/posts\/12694"}],"collection":[{"href":"https:\/\/www.caritasne2.org.br\/site\/wp-json\/wp\/v2\/posts"}],"about":[{"href":"https:\/\/www.caritasne2.org.br\/site\/wp-json\/wp\/v2\/types\/post"}],"author":[{"embeddable":true,"href":"https:\/\/www.caritasne2.org.br\/site\/wp-json\/wp\/v2\/users\/4"}],"replies":[{"embeddable":true,"href":"https:\/\/www.caritasne2.org.br\/site\/wp-json\/wp\/v2\/comments?post=12694"}],"version-history":[{"count":4,"href":"https:\/\/www.caritasne2.org.br\/site\/wp-json\/wp\/v2\/posts\/12694\/revisions"}],"predecessor-version":[{"id":12712,"href":"https:\/\/www.caritasne2.org.br\/site\/wp-json\/wp\/v2\/posts\/12694\/revisions\/12712"}],"wp:featuredmedia":[{"embeddable":true,"href":"https:\/\/www.caritasne2.org.br\/site\/wp-json\/wp\/v2\/media\/12710"}],"wp:attachment":[{"href":"https:\/\/www.caritasne2.org.br\/site\/wp-json\/wp\/v2\/media?parent=12694"}],"wp:term":[{"taxonomy":"category","embeddable":true,"href":"https:\/\/www.caritasne2.org.br\/site\/wp-json\/wp\/v2\/categories?post=12694"},{"taxonomy":"post_tag","embeddable":true,"href":"https:\/\/www.caritasne2.org.br\/site\/wp-json\/wp\/v2\/tags?post=12694"}],"curies":[{"name":"wp","href":"https:\/\/api.w.org\/{rel}","templated":true}]}}