{"id":1246,"date":"2013-08-02T10:59:18","date_gmt":"2013-08-02T13:59:18","guid":{"rendered":"http:\/\/ne2.caritas.org.br.s174889.gridserver.com\/?p=1246"},"modified":"2017-07-11T15:24:00","modified_gmt":"2017-07-11T18:24:00","slug":"campanha-pelo-territorio-pesqueiro-mobiliza-meio-academico-em-evento-nacional-recife","status":"publish","type":"post","link":"https:\/\/www.caritasne2.org.br\/site\/campanha-pelo-territorio-pesqueiro-mobiliza-meio-academico-em-evento-nacional-recife\/","title":{"rendered":"Campanha pelo Territ\u00f3rio Pesqueiro mobiliza meio acad\u00eamico em evento nacional no Recife"},"content":{"rendered":"<p style=\"text-align: justify;\">Durante os dias 24, 25 e 26 de julho, o Movimento de Pescadores e Pescadoras Artesanais de Pernambuco (MPP\/PE), o Conselho Pastoral dos Pescadores (CPP) e a Funda\u00e7\u00e3o Joaquim Nabuco (Fundaj) levaram a Campanha Nacional pela Regulariza\u00e7\u00e3o do Territ\u00f3rio das Comunidades Tradicionais Pesqueiras para a 65\u00ba Reuni\u00e3o Anual da Sociedade Brasileira para o Progresso da Ci\u00eancia (SBPC), evento nacional que reuniu acad\u00eamicos de todo Brasil na Universidade Federal de Pernambuco (UFPE), no per\u00edodo de 21 a 26 desse m\u00eas. O momento foi estrat\u00e9gico para a divulga\u00e7\u00e3o da Campanha e para intensificar a coleta de assinaturas do abaixo-assinado que pretende colher o visto de 1% do eleitorado brasileiro.<\/p>\n<p style=\"text-align: justify;\">Atrav\u00e9s de uma tenda montada no campus da UFPE, os participantes do SBPC puderam assinar o formul\u00e1rio e conhecer melhor a causa de pescadores e pescadoras<\/p>\n<p style=\"text-align: justify;\">O espa\u00e7o contava com a exibi\u00e7\u00e3o de document\u00e1rios sobre tem\u00e1ticas relacionadas aos conflitos enfrentados pelas comunidades tradicionais, suas lutas e resist\u00eancia. Tamb\u00e9m ocorreram rodas de di\u00e1logos para que os debates fossem aprofundados com a participa\u00e7\u00e3o de membros do pr\u00f3prio evento, como o professor da Universidade Federal do Amazonas (UFAM), Alfredo Wagner.<\/p>\n<p style=\"text-align: justify;\">A a\u00e7\u00e3o n\u00e3o se restringiu apenas \u00e0 tenda; representantes do MPP, do CPP e da Fundaj circularam por todo evento levando a proposta e colhendo assinaturas durante os tr\u00eas dias de participa\u00e7\u00e3o no congresso. Mais de mil contribui\u00e7\u00f5es foram contabilizadas nos abaixo-assinados, al\u00e9m da amplia\u00e7\u00e3o da rede de contatos que poder\u00e1 fortalecer a campanha, como a articula\u00e7\u00e3o com ve\u00edculos de comunica\u00e7\u00e3o, diret\u00f3rios acad\u00eamicos, institui\u00e7\u00f5es de ensino, estudantes e professores.<\/p>\n<p style=\"text-align: justify;\">\u201cEsses dias no SBPC foram muito produtivos, pois pudemos falar sobre a nossa luta para as pessoas. Precisamos garantir nosso territ\u00f3rio, amea\u00e7ado por grandes empreendimentos, e, para isso, \u00e9 necess\u00e1rio que a popula\u00e7\u00e3o se sensibilize\u201d, comenta o pescador artesanal de Barra de Sirinha\u00e9m, litoral sul de Pernambuco, Ronaldo Santana, em entrevista \u00e0 TV Universit\u00e1ria, ve\u00edculo que vem apoiando a divulga\u00e7\u00e3o da campanha e tamb\u00e9m esteve presente no SBPC.<\/p>\n<p style=\"text-align: justify;\">Fonte: Campanha Nacional pela Regulariza\u00e7\u00e3o dos Territ\u00f3rios das Comunidades Tradicionais Pesqueiras<\/p>\n<ul class=\"ssb_list_wrapper\"><li class=\"fb2\" style=\"width:135px\"><iframe src=\"\/\/www.facebook.com\/plugins\/like.php?href=https%3A%2F%2Fwww.caritasne2.org.br%2Fsite%2Fcampanha-pelo-territorio-pesqueiro-mobiliza-meio-academico-em-evento-nacional-recife%2F&amp;layout=button_count&amp;action=like&amp;show_faces=false&amp;share=true&amp;width=135&amp;height=21&amp;appId=307091639398582\" scrolling=\"no\" frameborder=\"0\" style=\"border:none; overflow:hidden;  width:150px; height:21px;\" allowTransparency=\"true\"><\/iframe><\/li><li class=\"twtr\" style=\"width:90px\"><a href=\"https:\/\/twitter.com\/share\" class=\"twitter-share-button\" data-url=\"https:\/\/www.caritasne2.org.br\/site\/campanha-pelo-territorio-pesqueiro-mobiliza-meio-academico-em-evento-nacional-recife\/\">&nbsp;<\/a><script>!function(d,s,id){var js,fjs=d.getElementsByTagName(s)[0],p=\/^http:\/.test(d.location)?'http':'https';if(!d.getElementById(id)){js=d.createElement(s);js.id=id;js.src=p+':\/\/platform.twitter.com\/widgets.js';fjs.parentNode.insertBefore(js,fjs);}}(document, 'script', 'twitter-wjs');<\/script><\/li><li class=\"gplus\" style=\"width:68px\"><div class=\"g-plusone\" data-size=\"medium\" data-href=\"https:\/\/www.caritasne2.org.br\/site\/campanha-pelo-territorio-pesqueiro-mobiliza-meio-academico-em-evento-nacional-recife\/\"><\/div><\/li><li class=\"ssb_linkedin\" style=\"width:64px\"><script src=\"\/\/platform.linkedin.com\/in.js\" type=\"text\/javascript\">lang: en_US<\/script><script type=\"IN\/Share\" data-url=\"https:\/\/www.caritasne2.org.br\/site\/campanha-pelo-territorio-pesqueiro-mobiliza-meio-academico-em-evento-nacional-recife\/\" data-counter=\"right\"><\/script><\/li><\/ul>","protected":false},"excerpt":{"rendered":"<p>Durante os dias 24, 25 e 26 de julho, o Movimento de Pescadores e Pescadoras Artesanais de Pernambuco (MPP\/PE), o Conselho Pastoral dos Pescadores (CPP) e a Funda\u00e7\u00e3o Joaquim Nabuco (Fundaj) levaram a Campanha Nacional pela Regulariza\u00e7\u00e3o do Territ\u00f3rio das Comunidades Tradicionais Pesqueiras para a 65\u00ba Reuni\u00e3o Anual da Sociedade Brasileira para o Progresso da Ci\u00eancia (SBPC), evento nacional que reuniu acad\u00eamicos de todo Brasil [&hellip;]<\/p>\n<ul class=\"ssb_list_wrapper\"><li class=\"fb2\" style=\"width:135px\"><iframe src=\"\/\/www.facebook.com\/plugins\/like.php?href=https%3A%2F%2Fwww.caritasne2.org.br%2Fsite%2Fcampanha-pelo-territorio-pesqueiro-mobiliza-meio-academico-em-evento-nacional-recife%2F&amp;layout=button_count&amp;action=like&amp;show_faces=false&amp;share=true&amp;width=135&amp;height=21&amp;appId=307091639398582\" scrolling=\"no\" frameborder=\"0\" style=\"border:none; overflow:hidden;  width:150px; height:21px;\" allowTransparency=\"true\"><\/iframe><\/li><li class=\"twtr\" style=\"width:90px\"><a href=\"https:\/\/twitter.com\/share\" class=\"twitter-share-button\" data-url=\"https:\/\/www.caritasne2.org.br\/site\/campanha-pelo-territorio-pesqueiro-mobiliza-meio-academico-em-evento-nacional-recife\/\">&nbsp;<\/a><script>!function(d,s,id){var js,fjs=d.getElementsByTagName(s)[0],p=\/^http:\/.test(d.location)?'http':'https';if(!d.getElementById(id)){js=d.createElement(s);js.id=id;js.src=p+':\/\/platform.twitter.com\/widgets.js';fjs.parentNode.insertBefore(js,fjs);}}(document, 'script', 'twitter-wjs');<\/script><\/li><li class=\"gplus\" style=\"width:68px\"><div class=\"g-plusone\" data-size=\"medium\" data-href=\"https:\/\/www.caritasne2.org.br\/site\/campanha-pelo-territorio-pesqueiro-mobiliza-meio-academico-em-evento-nacional-recife\/\"><\/div><\/li><li class=\"ssb_linkedin\" style=\"width:64px\"><script src=\"\/\/platform.linkedin.com\/in.js\" type=\"text\/javascript\">lang: en_US<\/script><script type=\"IN\/Share\" data-url=\"https:\/\/www.caritasne2.org.br\/site\/campanha-pelo-territorio-pesqueiro-mobiliza-meio-academico-em-evento-nacional-recife\/\" data-counter=\"right\"><\/script><\/li><\/ul>","protected":false},"author":4,"featured_media":1247,"comment_status":"open","ping_status":"open","sticky":false,"template":"","format":"standard","meta":[],"categories":[20],"tags":[67,277],"_links":{"self":[{"href":"https:\/\/www.caritasne2.org.br\/site\/wp-json\/wp\/v2\/posts\/1246"}],"collection":[{"href":"https:\/\/www.caritasne2.org.br\/site\/wp-json\/wp\/v2\/posts"}],"about":[{"href":"https:\/\/www.caritasne2.org.br\/site\/wp-json\/wp\/v2\/types\/post"}],"author":[{"embeddable":true,"href":"https:\/\/www.caritasne2.org.br\/site\/wp-json\/wp\/v2\/users\/4"}],"replies":[{"embeddable":true,"href":"https:\/\/www.caritasne2.org.br\/site\/wp-json\/wp\/v2\/comments?post=1246"}],"version-history":[{"count":0,"href":"https:\/\/www.caritasne2.org.br\/site\/wp-json\/wp\/v2\/posts\/1246\/revisions"}],"wp:featuredmedia":[{"embeddable":true,"href":"https:\/\/www.caritasne2.org.br\/site\/wp-json\/wp\/v2\/media\/1247"}],"wp:attachment":[{"href":"https:\/\/www.caritasne2.org.br\/site\/wp-json\/wp\/v2\/media?parent=1246"}],"wp:term":[{"taxonomy":"category","embeddable":true,"href":"https:\/\/www.caritasne2.org.br\/site\/wp-json\/wp\/v2\/categories?post=1246"},{"taxonomy":"post_tag","embeddable":true,"href":"https:\/\/www.caritasne2.org.br\/site\/wp-json\/wp\/v2\/tags?post=1246"}],"curies":[{"name":"wp","href":"https:\/\/api.w.org\/{rel}","templated":true}]}}