{"id":12428,"date":"2024-07-29T16:44:55","date_gmt":"2024-07-29T19:44:55","guid":{"rendered":"https:\/\/www.caritasne2.org.br\/site\/?p=12428"},"modified":"2024-07-29T17:34:34","modified_gmt":"2024-07-29T20:34:34","slug":"diocese-de-salgueiro-recebe-formacao-para-constituicao-da-caritas-diocesana","status":"publish","type":"post","link":"https:\/\/www.caritasne2.org.br\/site\/diocese-de-salgueiro-recebe-formacao-para-constituicao-da-caritas-diocesana\/","title":{"rendered":"Diocese de Salgueiro recebe forma\u00e7\u00e3o para constitui\u00e7\u00e3o da C\u00e1ritas Diocesana"},"content":{"rendered":"<p><img decoding=\"async\" loading=\"lazy\" class=\"wp-image-12430 alignright\" src=\"https:\/\/www.caritasne2.org.br\/site\/wp-content\/uploads\/2024\/07\/IMG_1338-300x200.jpg\" alt=\"\" width=\"300\" height=\"200\" srcset=\"https:\/\/www.caritasne2.org.br\/site\/wp-content\/uploads\/2024\/07\/IMG_1338-300x200.jpg 300w, https:\/\/www.caritasne2.org.br\/site\/wp-content\/uploads\/2024\/07\/IMG_1338-1024x683.jpg 1024w, https:\/\/www.caritasne2.org.br\/site\/wp-content\/uploads\/2024\/07\/IMG_1338-768x512.jpg 768w, https:\/\/www.caritasne2.org.br\/site\/wp-content\/uploads\/2024\/07\/IMG_1338-1536x1024.jpg 1536w, https:\/\/www.caritasne2.org.br\/site\/wp-content\/uploads\/2024\/07\/IMG_1338-2048x1365.jpg 2048w\" sizes=\"(max-width: 300px) 100vw, 300px\" \/><\/p>\n<p style=\"text-align: justify;\">A anima\u00e7\u00e3o e motiva\u00e7\u00e3o para a a\u00e7\u00e3o solid\u00e1ria e transformadora\u00a0 marcou o quinto encontro de forma\u00e7\u00e3o para constitui\u00e7\u00e3o\u00a0 da C\u00e1ritas Diocesana de Salgueiro (PE). Com a presen\u00e7a do bispo da Diocese de Salgueiro, Dom Jos\u00e9 Vicente, agentes da C\u00e1ritas NE2 e volunt\u00e1rios (as), os participantes avan\u00e7aram para a reta final no processo de constitui\u00e7\u00e3o da C\u00e1ritas na diocese. Os pr\u00f3ximos passos s\u00e3o a elabora\u00e7\u00e3o do Estatuto e realiza\u00e7\u00e3o da Assembleia para formaliza\u00e7\u00e3o da entidade membro.<\/p>\n<p style=\"text-align: justify;\">Com a institui\u00e7\u00e3o da C\u00e1ritas Diocesana de Salgueiro, a rede C\u00e1ritas\u00a0 ser\u00e1 ampliada para 20 entidades membro, organiza\u00e7\u00f5es que integram a Rede nas inst\u00e2ncias Paroquiais, Diocesanas e Arquidiocesanas, nas 21 dioceses nos estados de atua\u00e7\u00e3o da C\u00e1ritas Regional NE2, que s\u00e3o: Alagoas, Para\u00edba, Pernambuco e Rio Grande do Norte.<\/p>\n<p style=\"text-align: justify;\"><img decoding=\"async\" loading=\"lazy\" class=\"alignright size-medium wp-image-12431\" src=\"https:\/\/www.caritasne2.org.br\/site\/wp-content\/uploads\/2024\/07\/IMG_1352-300x200.jpg\" alt=\"\" width=\"300\" height=\"200\" srcset=\"https:\/\/www.caritasne2.org.br\/site\/wp-content\/uploads\/2024\/07\/IMG_1352-300x200.jpg 300w, https:\/\/www.caritasne2.org.br\/site\/wp-content\/uploads\/2024\/07\/IMG_1352-1024x683.jpg 1024w, https:\/\/www.caritasne2.org.br\/site\/wp-content\/uploads\/2024\/07\/IMG_1352-768x512.jpg 768w, https:\/\/www.caritasne2.org.br\/site\/wp-content\/uploads\/2024\/07\/IMG_1352-1536x1024.jpg 1536w, https:\/\/www.caritasne2.org.br\/site\/wp-content\/uploads\/2024\/07\/IMG_1352-2048x1365.jpg 2048w\" sizes=\"(max-width: 300px) 100vw, 300px\" \/>Para Ione Janu\u00e1rio, volunt\u00e1ria na Diocese de Salgueiro, a reuni\u00e3o apontou novas perspectivas. &#8220;A gente sai daqui com uma maior clareza quanto \u00e0 miss\u00e3o da C\u00e1ritas de constru\u00e7\u00e3o solid\u00e1ria da sociedade do Bem Viver e quanto ao papel de cada um de n\u00f3s neste processo&#8221;, afirmou.<\/p>\n<p style=\"text-align: justify;\">Desde o m\u00eas de abril, foram realizados cinco encontros, de forma presencial ou remota. Nesta quinta reuni\u00e3o, os participantes\u00a0 sugeriram indica\u00e7\u00f5es\u00a0 para composi\u00e7\u00e3o da diretoria\u00a0 e\u00a0 comiss\u00e3o organizadora da Assembleia. Volunt\u00e1ria na Diocese de Salgueiro, Ta\u00edsa Gomes est\u00e1 empolgada com a\u00a0 futura cria\u00e7\u00e3o da C\u00e1ritas: &#8220;\u00c9 uma forma de cumprir nosso objetivo de ser uma Igreja em sa\u00edda, como afirma o Papa Francisco&#8221;.<\/p>\n<p style=\"text-align: justify;\"><img decoding=\"async\" loading=\"lazy\" class=\"size-medium wp-image-12432 alignright\" src=\"https:\/\/www.caritasne2.org.br\/site\/wp-content\/uploads\/2024\/07\/IMG_1335-300x200.jpg\" alt=\"\" width=\"300\" height=\"200\" srcset=\"https:\/\/www.caritasne2.org.br\/site\/wp-content\/uploads\/2024\/07\/IMG_1335-300x200.jpg 300w, https:\/\/www.caritasne2.org.br\/site\/wp-content\/uploads\/2024\/07\/IMG_1335-1024x683.jpg 1024w, https:\/\/www.caritasne2.org.br\/site\/wp-content\/uploads\/2024\/07\/IMG_1335-768x512.jpg 768w, https:\/\/www.caritasne2.org.br\/site\/wp-content\/uploads\/2024\/07\/IMG_1335-1536x1024.jpg 1536w, https:\/\/www.caritasne2.org.br\/site\/wp-content\/uploads\/2024\/07\/IMG_1335-2048x1365.jpg 2048w\" sizes=\"(max-width: 300px) 100vw, 300px\" \/>Com papel essencial em todo processo, o bispo Dom Jos\u00e9 Vicente refor\u00e7ou a import\u00e2ncia da participa\u00e7\u00e3o de todos para uma constru\u00e7\u00e3o fundada no di\u00e1logo e na coopera\u00e7\u00e3o. E ressaltou: &#8220;A import\u00e2ncia da C\u00e1ritas, para n\u00f3s, est\u00e1 exatamente nesta busca incessante da promo\u00e7\u00e3o do ser humano e da vida, em todas as suas dimens\u00f5es, para que reine entre n\u00f3s o poder de Deus, que deve ser vivenciado como consequ\u00eancia das a\u00e7\u00f5es do Reino de Deus no meio da humanidade, tamb\u00e9m aqui, no solo da Diocese de Salgueiro&#8221;.<\/p>\n<p>&nbsp;<\/p>\n<p><img decoding=\"async\" loading=\"lazy\" class=\" wp-image-12429 aligncenter\" src=\"https:\/\/www.caritasne2.org.br\/site\/wp-content\/uploads\/2024\/07\/IMG_1351-scaled-e1722280938852-300x130.jpg\" alt=\"\" width=\"522\" height=\"226\" srcset=\"https:\/\/www.caritasne2.org.br\/site\/wp-content\/uploads\/2024\/07\/IMG_1351-scaled-e1722280938852-300x130.jpg 300w, https:\/\/www.caritasne2.org.br\/site\/wp-content\/uploads\/2024\/07\/IMG_1351-scaled-e1722280938852-1024x444.jpg 1024w, https:\/\/www.caritasne2.org.br\/site\/wp-content\/uploads\/2024\/07\/IMG_1351-scaled-e1722280938852-768x333.jpg 768w, https:\/\/www.caritasne2.org.br\/site\/wp-content\/uploads\/2024\/07\/IMG_1351-scaled-e1722280938852-1536x667.jpg 1536w, https:\/\/www.caritasne2.org.br\/site\/wp-content\/uploads\/2024\/07\/IMG_1351-scaled-e1722280938852-2048x889.jpg 2048w\" sizes=\"(max-width: 522px) 100vw, 522px\" \/><\/p>\n<ul class=\"ssb_list_wrapper\"><li class=\"fb2\" style=\"width:135px\"><iframe src=\"\/\/www.facebook.com\/plugins\/like.php?href=https%3A%2F%2Fwww.caritasne2.org.br%2Fsite%2Fdiocese-de-salgueiro-recebe-formacao-para-constituicao-da-caritas-diocesana%2F&amp;layout=button_count&amp;action=like&amp;show_faces=false&amp;share=true&amp;width=135&amp;height=21&amp;appId=307091639398582\" scrolling=\"no\" frameborder=\"0\" style=\"border:none; overflow:hidden;  width:150px; height:21px;\" allowTransparency=\"true\"><\/iframe><\/li><li class=\"twtr\" style=\"width:90px\"><a href=\"https:\/\/twitter.com\/share\" class=\"twitter-share-button\" data-url=\"https:\/\/www.caritasne2.org.br\/site\/diocese-de-salgueiro-recebe-formacao-para-constituicao-da-caritas-diocesana\/\">&nbsp;<\/a><script>!function(d,s,id){var js,fjs=d.getElementsByTagName(s)[0],p=\/^http:\/.test(d.location)?'http':'https';if(!d.getElementById(id)){js=d.createElement(s);js.id=id;js.src=p+':\/\/platform.twitter.com\/widgets.js';fjs.parentNode.insertBefore(js,fjs);}}(document, 'script', 'twitter-wjs');<\/script><\/li><li class=\"gplus\" style=\"width:68px\"><div class=\"g-plusone\" data-size=\"medium\" data-href=\"https:\/\/www.caritasne2.org.br\/site\/diocese-de-salgueiro-recebe-formacao-para-constituicao-da-caritas-diocesana\/\"><\/div><\/li><li class=\"ssb_linkedin\" style=\"width:64px\"><script src=\"\/\/platform.linkedin.com\/in.js\" type=\"text\/javascript\">lang: en_US<\/script><script type=\"IN\/Share\" data-url=\"https:\/\/www.caritasne2.org.br\/site\/diocese-de-salgueiro-recebe-formacao-para-constituicao-da-caritas-diocesana\/\" data-counter=\"right\"><\/script><\/li><\/ul>","protected":false},"excerpt":{"rendered":"<p>A anima\u00e7\u00e3o e motiva\u00e7\u00e3o para a a\u00e7\u00e3o solid\u00e1ria e transformadora\u00a0 marcou o quinto encontro de forma\u00e7\u00e3o para constitui\u00e7\u00e3o\u00a0 da C\u00e1ritas Diocesana de Salgueiro (PE). Com a presen\u00e7a do bispo da Diocese de Salgueiro, Dom Jos\u00e9 Vicente, agentes da C\u00e1ritas NE2 e volunt\u00e1rios (as), os participantes avan\u00e7aram para a reta final no processo de constitui\u00e7\u00e3o da C\u00e1ritas na diocese. Os pr\u00f3ximos passos s\u00e3o a elabora\u00e7\u00e3o do [&hellip;]<\/p>\n<ul class=\"ssb_list_wrapper\"><li class=\"fb2\" style=\"width:135px\"><iframe src=\"\/\/www.facebook.com\/plugins\/like.php?href=https%3A%2F%2Fwww.caritasne2.org.br%2Fsite%2Fdiocese-de-salgueiro-recebe-formacao-para-constituicao-da-caritas-diocesana%2F&amp;layout=button_count&amp;action=like&amp;show_faces=false&amp;share=true&amp;width=135&amp;height=21&amp;appId=307091639398582\" scrolling=\"no\" frameborder=\"0\" style=\"border:none; overflow:hidden;  width:150px; height:21px;\" allowTransparency=\"true\"><\/iframe><\/li><li class=\"twtr\" style=\"width:90px\"><a href=\"https:\/\/twitter.com\/share\" class=\"twitter-share-button\" data-url=\"https:\/\/www.caritasne2.org.br\/site\/diocese-de-salgueiro-recebe-formacao-para-constituicao-da-caritas-diocesana\/\">&nbsp;<\/a><script>!function(d,s,id){var js,fjs=d.getElementsByTagName(s)[0],p=\/^http:\/.test(d.location)?'http':'https';if(!d.getElementById(id)){js=d.createElement(s);js.id=id;js.src=p+':\/\/platform.twitter.com\/widgets.js';fjs.parentNode.insertBefore(js,fjs);}}(document, 'script', 'twitter-wjs');<\/script><\/li><li class=\"gplus\" style=\"width:68px\"><div class=\"g-plusone\" data-size=\"medium\" data-href=\"https:\/\/www.caritasne2.org.br\/site\/diocese-de-salgueiro-recebe-formacao-para-constituicao-da-caritas-diocesana\/\"><\/div><\/li><li class=\"ssb_linkedin\" style=\"width:64px\"><script src=\"\/\/platform.linkedin.com\/in.js\" type=\"text\/javascript\">lang: en_US<\/script><script type=\"IN\/Share\" data-url=\"https:\/\/www.caritasne2.org.br\/site\/diocese-de-salgueiro-recebe-formacao-para-constituicao-da-caritas-diocesana\/\" data-counter=\"right\"><\/script><\/li><\/ul>","protected":false},"author":4,"featured_media":12429,"comment_status":"open","ping_status":"open","sticky":false,"template":"","format":"standard","meta":[],"categories":[21,20],"tags":[1266,1267,1268,1265,59],"_links":{"self":[{"href":"https:\/\/www.caritasne2.org.br\/site\/wp-json\/wp\/v2\/posts\/12428"}],"collection":[{"href":"https:\/\/www.caritasne2.org.br\/site\/wp-json\/wp\/v2\/posts"}],"about":[{"href":"https:\/\/www.caritasne2.org.br\/site\/wp-json\/wp\/v2\/types\/post"}],"author":[{"embeddable":true,"href":"https:\/\/www.caritasne2.org.br\/site\/wp-json\/wp\/v2\/users\/4"}],"replies":[{"embeddable":true,"href":"https:\/\/www.caritasne2.org.br\/site\/wp-json\/wp\/v2\/comments?post=12428"}],"version-history":[{"count":14,"href":"https:\/\/www.caritasne2.org.br\/site\/wp-json\/wp\/v2\/posts\/12428\/revisions"}],"predecessor-version":[{"id":12446,"href":"https:\/\/www.caritasne2.org.br\/site\/wp-json\/wp\/v2\/posts\/12428\/revisions\/12446"}],"wp:featuredmedia":[{"embeddable":true,"href":"https:\/\/www.caritasne2.org.br\/site\/wp-json\/wp\/v2\/media\/12429"}],"wp:attachment":[{"href":"https:\/\/www.caritasne2.org.br\/site\/wp-json\/wp\/v2\/media?parent=12428"}],"wp:term":[{"taxonomy":"category","embeddable":true,"href":"https:\/\/www.caritasne2.org.br\/site\/wp-json\/wp\/v2\/categories?post=12428"},{"taxonomy":"post_tag","embeddable":true,"href":"https:\/\/www.caritasne2.org.br\/site\/wp-json\/wp\/v2\/tags?post=12428"}],"curies":[{"name":"wp","href":"https:\/\/api.w.org\/{rel}","templated":true}]}}