{"id":12413,"date":"2024-07-25T15:58:35","date_gmt":"2024-07-25T18:58:35","guid":{"rendered":"https:\/\/www.caritasne2.org.br\/site\/?p=12413"},"modified":"2024-07-26T10:46:39","modified_gmt":"2024-07-26T13:46:39","slug":"caritas-de-afogados-da-ingazeira-participa-da-reuniao-do-clero","status":"publish","type":"post","link":"https:\/\/www.caritasne2.org.br\/site\/caritas-de-afogados-da-ingazeira-participa-da-reuniao-do-clero\/","title":{"rendered":"C\u00e1ritas Diocesana de Afogados da Ingazeira apresenta a\u00e7\u00f5es durante reuni\u00e3o do clero"},"content":{"rendered":"<p style=\"text-align: justify;\">A C\u00e1ritas Diocesana de Afogados da Ingazeira, Pernambuco, participou, no \u00faltimo dia 22, da reuni\u00e3o do clero diocesano. A convite do bispo Dom Limac\u00eado Ant\u00f4nio, a C\u00e1ritas foi representada pelo seu presidente, Adilson Viana, e pela educadora social Silmara Marques. Al\u00e9m de apresentarem-se formalmente como representantes da organiza\u00e7\u00e3o diocesana, eles destacaram algumas das atividades realizadas, assim como sua miss\u00e3o.<\/p>\n<p style=\"text-align: justify;\">O objetivo principal da participa\u00e7\u00e3o foi incentivar os presentes a refletirem sobre o papel das par\u00f3quias e a maneira como a C\u00e1ritas pode contribuir. Al\u00e9m disso, foi solicitado que respondessem a um diagn\u00f3stico para ajudar a identificar as necessidades espec\u00edficas das par\u00f3quias, proporcionando assim um panorama mais claro da realidade local. Este levantamento \u00e9 crucial, pois permitir\u00e1 que a C\u00e1ritas concorra a editais espec\u00edficos e planeje suas a\u00e7\u00f5es de forma mais eficaz.<\/p>\n<p style=\"text-align: justify;\">Durante a reuni\u00e3o, a educadora social destacou tamb\u00e9m o trabalho volunt\u00e1rio do Di\u00e1cono Mathias e do seminarista Andr\u00e9, bem como as parcerias com o projeto &#8220;M\u00e3os Solid\u00e1rias&#8221; e o CEPAN \u2013 Centro de Pesquisas Ambientais do Nordeste. Este \u00faltimo tem sido ativo na regi\u00e3o do Paje\u00fa, especificamente nas cidades de Carna\u00edba, Triunfo e S\u00e3o Jos\u00e9 do Belmonte, focando na preserva\u00e7\u00e3o das unidades da caatinga. Tamb\u00e9m foi mencionado o papel significativo da R\u00e1dio Paje\u00fa de Educa\u00e7\u00e3o Popular, que h\u00e1 mais de seis d\u00e9cadas contribui para a transforma\u00e7\u00e3o da regi\u00e3o.<\/p>\n<p><img decoding=\"async\" loading=\"lazy\" class=\" wp-image-12415 aligncenter\" src=\"https:\/\/www.caritasne2.org.br\/site\/wp-content\/uploads\/2024\/07\/WhatsApp-Image-2024-07-24-at-14.21.32-1-e1721933872370-300x158.jpeg\" alt=\"\" width=\"442\" height=\"233\" srcset=\"https:\/\/www.caritasne2.org.br\/site\/wp-content\/uploads\/2024\/07\/WhatsApp-Image-2024-07-24-at-14.21.32-1-e1721933872370-300x158.jpeg 300w, https:\/\/www.caritasne2.org.br\/site\/wp-content\/uploads\/2024\/07\/WhatsApp-Image-2024-07-24-at-14.21.32-1-e1721933872370-1024x540.jpeg 1024w, https:\/\/www.caritasne2.org.br\/site\/wp-content\/uploads\/2024\/07\/WhatsApp-Image-2024-07-24-at-14.21.32-1-e1721933872370-768x405.jpeg 768w, https:\/\/www.caritasne2.org.br\/site\/wp-content\/uploads\/2024\/07\/WhatsApp-Image-2024-07-24-at-14.21.32-1-e1721933872370.jpeg 1438w\" sizes=\"(max-width: 442px) 100vw, 442px\" \/><\/p>\n<p><img decoding=\"async\" loading=\"lazy\" class=\" wp-image-12425 aligncenter\" src=\"https:\/\/www.caritasne2.org.br\/site\/wp-content\/uploads\/2024\/07\/01-300x300.jpg\" alt=\"\" width=\"378\" height=\"378\" srcset=\"https:\/\/www.caritasne2.org.br\/site\/wp-content\/uploads\/2024\/07\/01-300x300.jpg 300w, https:\/\/www.caritasne2.org.br\/site\/wp-content\/uploads\/2024\/07\/01-1024x1024.jpg 1024w, https:\/\/www.caritasne2.org.br\/site\/wp-content\/uploads\/2024\/07\/01-150x150.jpg 150w, https:\/\/www.caritasne2.org.br\/site\/wp-content\/uploads\/2024\/07\/01-768x768.jpg 768w, https:\/\/www.caritasne2.org.br\/site\/wp-content\/uploads\/2024\/07\/01.jpg 1200w\" sizes=\"(max-width: 378px) 100vw, 378px\" \/><\/p>\n<ul class=\"ssb_list_wrapper\"><li class=\"fb2\" style=\"width:135px\"><iframe src=\"\/\/www.facebook.com\/plugins\/like.php?href=https%3A%2F%2Fwww.caritasne2.org.br%2Fsite%2Fcaritas-de-afogados-da-ingazeira-participa-da-reuniao-do-clero%2F&amp;layout=button_count&amp;action=like&amp;show_faces=false&amp;share=true&amp;width=135&amp;height=21&amp;appId=307091639398582\" scrolling=\"no\" frameborder=\"0\" style=\"border:none; overflow:hidden;  width:150px; height:21px;\" allowTransparency=\"true\"><\/iframe><\/li><li class=\"twtr\" style=\"width:90px\"><a href=\"https:\/\/twitter.com\/share\" class=\"twitter-share-button\" data-url=\"https:\/\/www.caritasne2.org.br\/site\/caritas-de-afogados-da-ingazeira-participa-da-reuniao-do-clero\/\">&nbsp;<\/a><script>!function(d,s,id){var js,fjs=d.getElementsByTagName(s)[0],p=\/^http:\/.test(d.location)?'http':'https';if(!d.getElementById(id)){js=d.createElement(s);js.id=id;js.src=p+':\/\/platform.twitter.com\/widgets.js';fjs.parentNode.insertBefore(js,fjs);}}(document, 'script', 'twitter-wjs');<\/script><\/li><li class=\"gplus\" style=\"width:68px\"><div class=\"g-plusone\" data-size=\"medium\" data-href=\"https:\/\/www.caritasne2.org.br\/site\/caritas-de-afogados-da-ingazeira-participa-da-reuniao-do-clero\/\"><\/div><\/li><li class=\"ssb_linkedin\" style=\"width:64px\"><script src=\"\/\/platform.linkedin.com\/in.js\" type=\"text\/javascript\">lang: en_US<\/script><script type=\"IN\/Share\" data-url=\"https:\/\/www.caritasne2.org.br\/site\/caritas-de-afogados-da-ingazeira-participa-da-reuniao-do-clero\/\" data-counter=\"right\"><\/script><\/li><\/ul>","protected":false},"excerpt":{"rendered":"<p>A C\u00e1ritas Diocesana de Afogados da Ingazeira, Pernambuco, participou, no \u00faltimo dia 22, da reuni\u00e3o do clero diocesano. A convite do bispo Dom Limac\u00eado Ant\u00f4nio, a C\u00e1ritas foi representada pelo seu presidente, Adilson Viana, e pela educadora social Silmara Marques. Al\u00e9m de apresentarem-se formalmente como representantes da organiza\u00e7\u00e3o diocesana, eles destacaram algumas das atividades realizadas, assim como sua miss\u00e3o. O objetivo principal da participa\u00e7\u00e3o foi [&hellip;]<\/p>\n<ul class=\"ssb_list_wrapper\"><li class=\"fb2\" style=\"width:135px\"><iframe src=\"\/\/www.facebook.com\/plugins\/like.php?href=https%3A%2F%2Fwww.caritasne2.org.br%2Fsite%2Fcaritas-de-afogados-da-ingazeira-participa-da-reuniao-do-clero%2F&amp;layout=button_count&amp;action=like&amp;show_faces=false&amp;share=true&amp;width=135&amp;height=21&amp;appId=307091639398582\" scrolling=\"no\" frameborder=\"0\" style=\"border:none; overflow:hidden;  width:150px; height:21px;\" allowTransparency=\"true\"><\/iframe><\/li><li class=\"twtr\" style=\"width:90px\"><a href=\"https:\/\/twitter.com\/share\" class=\"twitter-share-button\" data-url=\"https:\/\/www.caritasne2.org.br\/site\/caritas-de-afogados-da-ingazeira-participa-da-reuniao-do-clero\/\">&nbsp;<\/a><script>!function(d,s,id){var js,fjs=d.getElementsByTagName(s)[0],p=\/^http:\/.test(d.location)?'http':'https';if(!d.getElementById(id)){js=d.createElement(s);js.id=id;js.src=p+':\/\/platform.twitter.com\/widgets.js';fjs.parentNode.insertBefore(js,fjs);}}(document, 'script', 'twitter-wjs');<\/script><\/li><li class=\"gplus\" style=\"width:68px\"><div class=\"g-plusone\" data-size=\"medium\" data-href=\"https:\/\/www.caritasne2.org.br\/site\/caritas-de-afogados-da-ingazeira-participa-da-reuniao-do-clero\/\"><\/div><\/li><li class=\"ssb_linkedin\" style=\"width:64px\"><script src=\"\/\/platform.linkedin.com\/in.js\" type=\"text\/javascript\">lang: en_US<\/script><script type=\"IN\/Share\" data-url=\"https:\/\/www.caritasne2.org.br\/site\/caritas-de-afogados-da-ingazeira-participa-da-reuniao-do-clero\/\" data-counter=\"right\"><\/script><\/li><\/ul>","protected":false},"author":4,"featured_media":12421,"comment_status":"open","ping_status":"open","sticky":false,"template":"","format":"standard","meta":[],"categories":[21,20],"tags":[1264,84],"_links":{"self":[{"href":"https:\/\/www.caritasne2.org.br\/site\/wp-json\/wp\/v2\/posts\/12413"}],"collection":[{"href":"https:\/\/www.caritasne2.org.br\/site\/wp-json\/wp\/v2\/posts"}],"about":[{"href":"https:\/\/www.caritasne2.org.br\/site\/wp-json\/wp\/v2\/types\/post"}],"author":[{"embeddable":true,"href":"https:\/\/www.caritasne2.org.br\/site\/wp-json\/wp\/v2\/users\/4"}],"replies":[{"embeddable":true,"href":"https:\/\/www.caritasne2.org.br\/site\/wp-json\/wp\/v2\/comments?post=12413"}],"version-history":[{"count":6,"href":"https:\/\/www.caritasne2.org.br\/site\/wp-json\/wp\/v2\/posts\/12413\/revisions"}],"predecessor-version":[{"id":12426,"href":"https:\/\/www.caritasne2.org.br\/site\/wp-json\/wp\/v2\/posts\/12413\/revisions\/12426"}],"wp:featuredmedia":[{"embeddable":true,"href":"https:\/\/www.caritasne2.org.br\/site\/wp-json\/wp\/v2\/media\/12421"}],"wp:attachment":[{"href":"https:\/\/www.caritasne2.org.br\/site\/wp-json\/wp\/v2\/media?parent=12413"}],"wp:term":[{"taxonomy":"category","embeddable":true,"href":"https:\/\/www.caritasne2.org.br\/site\/wp-json\/wp\/v2\/categories?post=12413"},{"taxonomy":"post_tag","embeddable":true,"href":"https:\/\/www.caritasne2.org.br\/site\/wp-json\/wp\/v2\/tags?post=12413"}],"curies":[{"name":"wp","href":"https:\/\/api.w.org\/{rel}","templated":true}]}}