{"id":12406,"date":"2024-07-25T15:44:59","date_gmt":"2024-07-25T18:44:59","guid":{"rendered":"https:\/\/www.caritasne2.org.br\/site\/?p=12406"},"modified":"2024-07-26T08:35:39","modified_gmt":"2024-07-26T11:35:39","slug":"encontro-de-formacao-para-agentes-caritas-em-maceio-fortalece-missao-e-pastoralidade","status":"publish","type":"post","link":"https:\/\/www.caritasne2.org.br\/site\/encontro-de-formacao-para-agentes-caritas-em-maceio-fortalece-missao-e-pastoralidade\/","title":{"rendered":"Encontro de forma\u00e7\u00e3o para agentes C\u00e1ritas em Macei\u00f3  fortalece miss\u00e3o e pastoralidade"},"content":{"rendered":"<p style=\"font-weight: 400; text-align: justify;\"><img decoding=\"async\" loading=\"lazy\" class=\"alignright wp-image-12409 \" src=\"https:\/\/www.caritasne2.org.br\/site\/wp-content\/uploads\/2024\/07\/WhatsApp-Image-2024-07-25-at-15.11.36-1-e1721931461279-300x174.jpeg\" alt=\"\" width=\"322\" height=\"187\" srcset=\"https:\/\/www.caritasne2.org.br\/site\/wp-content\/uploads\/2024\/07\/WhatsApp-Image-2024-07-25-at-15.11.36-1-e1721931461279-300x174.jpeg 300w, https:\/\/www.caritasne2.org.br\/site\/wp-content\/uploads\/2024\/07\/WhatsApp-Image-2024-07-25-at-15.11.36-1-e1721931461279-1024x594.jpeg 1024w, https:\/\/www.caritasne2.org.br\/site\/wp-content\/uploads\/2024\/07\/WhatsApp-Image-2024-07-25-at-15.11.36-1-e1721931461279-768x445.jpeg 768w, https:\/\/www.caritasne2.org.br\/site\/wp-content\/uploads\/2024\/07\/WhatsApp-Image-2024-07-25-at-15.11.36-1-e1721931461279-1536x891.jpeg 1536w, https:\/\/www.caritasne2.org.br\/site\/wp-content\/uploads\/2024\/07\/WhatsApp-Image-2024-07-25-at-15.11.36-1-e1721931461279.jpeg 1600w\" sizes=\"(max-width: 322px) 100vw, 322px\" \/>A C\u00e1ritas Arquidiocesana de Macei\u00f3 realizou, no dia 20, o Encontro de Forma\u00e7\u00e3o para Agentes C\u00e1ritas. Com objetivo de apresentar a miss\u00e3o, sinodalidade e pastoralidade da C\u00e1ritas, o encontro refor\u00e7ou os la\u00e7os de fraternidade e compromisso entre os participantes, reafirmando a import\u00e2ncia de uma Igreja em sa\u00edda, comprometida com a transforma\u00e7\u00e3o social e a solidariedade.<\/p>\n<p style=\"font-weight: 400; text-align: justify;\">Ap\u00f3s um momento de acolhida, ora\u00e7\u00e3o e apresenta\u00e7\u00e3o dos participantes. o Padre Gilvan, assessor eclesi\u00e1stico da C\u00e1ritas<img decoding=\"async\" loading=\"lazy\" class=\"alignright wp-image-12411\" src=\"https:\/\/www.caritasne2.org.br\/site\/wp-content\/uploads\/2024\/07\/WhatsApp-Image-2024-07-25-at-15.11.35-e1721931566405-300x142.jpeg\" alt=\"\" width=\"321\" height=\"152\" srcset=\"https:\/\/www.caritasne2.org.br\/site\/wp-content\/uploads\/2024\/07\/WhatsApp-Image-2024-07-25-at-15.11.35-e1721931566405-300x142.jpeg 300w, https:\/\/www.caritasne2.org.br\/site\/wp-content\/uploads\/2024\/07\/WhatsApp-Image-2024-07-25-at-15.11.35-e1721931566405-1024x484.jpeg 1024w, https:\/\/www.caritasne2.org.br\/site\/wp-content\/uploads\/2024\/07\/WhatsApp-Image-2024-07-25-at-15.11.35-e1721931566405-768x363.jpeg 768w, https:\/\/www.caritasne2.org.br\/site\/wp-content\/uploads\/2024\/07\/WhatsApp-Image-2024-07-25-at-15.11.35-e1721931566405-1536x726.jpeg 1536w, https:\/\/www.caritasne2.org.br\/site\/wp-content\/uploads\/2024\/07\/WhatsApp-Image-2024-07-25-at-15.11.35-e1721931566405.jpeg 1600w\" sizes=\"(max-width: 321px) 100vw, 321px\" \/> Arquidiocesana de Macei\u00f3, convidou a uma reflex\u00e3o: \u201cSer\u00e1 que estamos sendo sal e luz da terra na pr\u00e1tica? Conhecemos a import\u00e2ncia disso e de sermos uma Igreja em sa\u00edda?&#8221;.<\/p>\n<p style=\"font-weight: 400; text-align: justify;\">Secret\u00e1ria executiva da C\u00e1ritas Brasileira Regional NE2 (CBNE2), Neilda Pereira apresentou a miss\u00e3o, princ\u00edpios e \u00e1reas de atua\u00e7\u00e3o da C\u00e1ritas, a partir do tema &#8220;Solidariedade que Transforma&#8221;. Em seguida, foi realizada uma din\u00e2mica com o grupo, a partir de <img decoding=\"async\" loading=\"lazy\" class=\"alignright wp-image-12410\" src=\"https:\/\/www.caritasne2.org.br\/site\/wp-content\/uploads\/2024\/07\/WhatsApp-Image-2024-07-25-at-15.11.36-e1721931638630-300x136.jpeg\" alt=\"\" width=\"320\" height=\"145\" srcset=\"https:\/\/www.caritasne2.org.br\/site\/wp-content\/uploads\/2024\/07\/WhatsApp-Image-2024-07-25-at-15.11.36-e1721931638630-300x136.jpeg 300w, https:\/\/www.caritasne2.org.br\/site\/wp-content\/uploads\/2024\/07\/WhatsApp-Image-2024-07-25-at-15.11.36-e1721931638630-1024x463.jpeg 1024w, https:\/\/www.caritasne2.org.br\/site\/wp-content\/uploads\/2024\/07\/WhatsApp-Image-2024-07-25-at-15.11.36-e1721931638630-768x347.jpeg 768w, https:\/\/www.caritasne2.org.br\/site\/wp-content\/uploads\/2024\/07\/WhatsApp-Image-2024-07-25-at-15.11.36-e1721931638630.jpeg 1452w\" sizes=\"(max-width: 320px) 100vw, 320px\" \/>elementos como textos de Dom Helder C\u00e2mara, imagens das a\u00e7\u00f5es realizadas pela rede CBNE2, letras de m\u00fasicas e livros expostos no local.<\/p>\n<p style=\"font-weight: 400; text-align: justify;\">Uma avalia\u00e7\u00e3o coletiva quanto aos\u00a0pontos que mais chamaram aten\u00e7\u00e3o e os que podem melhorar na Arquidiocese\u00a0ajudou a refor\u00e7ar o compromisso de cada um enquanto agente de transforma\u00e7\u00e3o nas comunidades. \u201cA participa\u00e7\u00e3o de cada grupo \u00e9 muito importante. Como bem disse o Papa Francisco, a\u00a0C\u00e1ritas \u00e9 a caridade da Igreja. A C\u00e1ritas \u00e9 o amor da Igreja\u201d, ressaltou Neilda.<\/p>\n<ul class=\"ssb_list_wrapper\"><li class=\"fb2\" style=\"width:135px\"><iframe src=\"\/\/www.facebook.com\/plugins\/like.php?href=https%3A%2F%2Fwww.caritasne2.org.br%2Fsite%2Fencontro-de-formacao-para-agentes-caritas-em-maceio-fortalece-missao-e-pastoralidade%2F&amp;layout=button_count&amp;action=like&amp;show_faces=false&amp;share=true&amp;width=135&amp;height=21&amp;appId=307091639398582\" scrolling=\"no\" frameborder=\"0\" style=\"border:none; overflow:hidden;  width:150px; height:21px;\" allowTransparency=\"true\"><\/iframe><\/li><li class=\"twtr\" style=\"width:90px\"><a href=\"https:\/\/twitter.com\/share\" class=\"twitter-share-button\" data-url=\"https:\/\/www.caritasne2.org.br\/site\/encontro-de-formacao-para-agentes-caritas-em-maceio-fortalece-missao-e-pastoralidade\/\">&nbsp;<\/a><script>!function(d,s,id){var js,fjs=d.getElementsByTagName(s)[0],p=\/^http:\/.test(d.location)?'http':'https';if(!d.getElementById(id)){js=d.createElement(s);js.id=id;js.src=p+':\/\/platform.twitter.com\/widgets.js';fjs.parentNode.insertBefore(js,fjs);}}(document, 'script', 'twitter-wjs');<\/script><\/li><li class=\"gplus\" style=\"width:68px\"><div class=\"g-plusone\" data-size=\"medium\" data-href=\"https:\/\/www.caritasne2.org.br\/site\/encontro-de-formacao-para-agentes-caritas-em-maceio-fortalece-missao-e-pastoralidade\/\"><\/div><\/li><li class=\"ssb_linkedin\" style=\"width:64px\"><script src=\"\/\/platform.linkedin.com\/in.js\" type=\"text\/javascript\">lang: en_US<\/script><script type=\"IN\/Share\" data-url=\"https:\/\/www.caritasne2.org.br\/site\/encontro-de-formacao-para-agentes-caritas-em-maceio-fortalece-missao-e-pastoralidade\/\" data-counter=\"right\"><\/script><\/li><\/ul>","protected":false},"excerpt":{"rendered":"<p>A C\u00e1ritas Arquidiocesana de Macei\u00f3 realizou, no dia 20, o Encontro de Forma\u00e7\u00e3o para Agentes C\u00e1ritas. Com objetivo de apresentar a miss\u00e3o, sinodalidade e pastoralidade da C\u00e1ritas, o encontro refor\u00e7ou os la\u00e7os de fraternidade e compromisso entre os participantes, reafirmando a import\u00e2ncia de uma Igreja em sa\u00edda, comprometida com a transforma\u00e7\u00e3o social e a solidariedade. Ap\u00f3s um momento de acolhida, ora\u00e7\u00e3o e apresenta\u00e7\u00e3o dos participantes. [&hellip;]<\/p>\n<ul class=\"ssb_list_wrapper\"><li class=\"fb2\" style=\"width:135px\"><iframe src=\"\/\/www.facebook.com\/plugins\/like.php?href=https%3A%2F%2Fwww.caritasne2.org.br%2Fsite%2Fencontro-de-formacao-para-agentes-caritas-em-maceio-fortalece-missao-e-pastoralidade%2F&amp;layout=button_count&amp;action=like&amp;show_faces=false&amp;share=true&amp;width=135&amp;height=21&amp;appId=307091639398582\" scrolling=\"no\" frameborder=\"0\" style=\"border:none; overflow:hidden;  width:150px; height:21px;\" allowTransparency=\"true\"><\/iframe><\/li><li class=\"twtr\" style=\"width:90px\"><a href=\"https:\/\/twitter.com\/share\" class=\"twitter-share-button\" data-url=\"https:\/\/www.caritasne2.org.br\/site\/encontro-de-formacao-para-agentes-caritas-em-maceio-fortalece-missao-e-pastoralidade\/\">&nbsp;<\/a><script>!function(d,s,id){var js,fjs=d.getElementsByTagName(s)[0],p=\/^http:\/.test(d.location)?'http':'https';if(!d.getElementById(id)){js=d.createElement(s);js.id=id;js.src=p+':\/\/platform.twitter.com\/widgets.js';fjs.parentNode.insertBefore(js,fjs);}}(document, 'script', 'twitter-wjs');<\/script><\/li><li class=\"gplus\" style=\"width:68px\"><div class=\"g-plusone\" data-size=\"medium\" data-href=\"https:\/\/www.caritasne2.org.br\/site\/encontro-de-formacao-para-agentes-caritas-em-maceio-fortalece-missao-e-pastoralidade\/\"><\/div><\/li><li class=\"ssb_linkedin\" style=\"width:64px\"><script src=\"\/\/platform.linkedin.com\/in.js\" type=\"text\/javascript\">lang: en_US<\/script><script type=\"IN\/Share\" data-url=\"https:\/\/www.caritasne2.org.br\/site\/encontro-de-formacao-para-agentes-caritas-em-maceio-fortalece-missao-e-pastoralidade\/\" data-counter=\"right\"><\/script><\/li><\/ul>","protected":false},"author":4,"featured_media":12408,"comment_status":"open","ping_status":"open","sticky":false,"template":"","format":"standard","meta":[],"categories":[21,20],"tags":[923,84,1263,1262],"_links":{"self":[{"href":"https:\/\/www.caritasne2.org.br\/site\/wp-json\/wp\/v2\/posts\/12406"}],"collection":[{"href":"https:\/\/www.caritasne2.org.br\/site\/wp-json\/wp\/v2\/posts"}],"about":[{"href":"https:\/\/www.caritasne2.org.br\/site\/wp-json\/wp\/v2\/types\/post"}],"author":[{"embeddable":true,"href":"https:\/\/www.caritasne2.org.br\/site\/wp-json\/wp\/v2\/users\/4"}],"replies":[{"embeddable":true,"href":"https:\/\/www.caritasne2.org.br\/site\/wp-json\/wp\/v2\/comments?post=12406"}],"version-history":[{"count":3,"href":"https:\/\/www.caritasne2.org.br\/site\/wp-json\/wp\/v2\/posts\/12406\/revisions"}],"predecessor-version":[{"id":12417,"href":"https:\/\/www.caritasne2.org.br\/site\/wp-json\/wp\/v2\/posts\/12406\/revisions\/12417"}],"wp:featuredmedia":[{"embeddable":true,"href":"https:\/\/www.caritasne2.org.br\/site\/wp-json\/wp\/v2\/media\/12408"}],"wp:attachment":[{"href":"https:\/\/www.caritasne2.org.br\/site\/wp-json\/wp\/v2\/media?parent=12406"}],"wp:term":[{"taxonomy":"category","embeddable":true,"href":"https:\/\/www.caritasne2.org.br\/site\/wp-json\/wp\/v2\/categories?post=12406"},{"taxonomy":"post_tag","embeddable":true,"href":"https:\/\/www.caritasne2.org.br\/site\/wp-json\/wp\/v2\/tags?post=12406"}],"curies":[{"name":"wp","href":"https:\/\/api.w.org\/{rel}","templated":true}]}}