{"id":12392,"date":"2024-07-25T10:23:42","date_gmt":"2024-07-25T13:23:42","guid":{"rendered":"https:\/\/www.caritasne2.org.br\/site\/?p=12392"},"modified":"2024-07-25T11:02:40","modified_gmt":"2024-07-25T14:02:40","slug":"formacao-debate-desafios-e-caminhos-para-politicas-de-migracao","status":"publish","type":"post","link":"https:\/\/www.caritasne2.org.br\/site\/formacao-debate-desafios-e-caminhos-para-politicas-de-migracao\/","title":{"rendered":"Forma\u00e7\u00e3o debate desafios e caminhos para Pol\u00edticas de Migra\u00e7\u00e3o"},"content":{"rendered":"<p style=\"font-weight: 400; text-align: justify;\">Agentes C\u00e1ritas, parceiros, migrantes e refugiados participaram nesta quarta (24) de um momento de reflex\u00e3o, avalia\u00e7\u00e3o e constru\u00e7\u00e3o de caminhos para as pol\u00edticas de migra\u00e7\u00e3o na\u00a0Rede C\u00e1ritas Regional Nordeste 2. Tendo como base os quatro verbos que, descritos pelo Papa Francisco, embasam a atua\u00e7\u00e3o da C\u00e1ritas nesta \u00e1rea, o Encontro de Forma\u00e7\u00e3o debateu os desafios para melhor \u201cacolher, proteger, promover e integrar\u201d os povos migrantes.<\/p>\n<p style=\"text-align: justify;\">Entre os destaques do encontro, os participantes relataram a import\u00e2ncia da mobiliza\u00e7\u00e3o social para constru\u00e7\u00e3o de pol\u00edticas p\u00fablicas efetivas, cont\u00ednuas e transversais, que n\u00e3o estejam restritas \u00e0 linha emergencial.<\/p>\n<p style=\"font-weight: 400; text-align: justify;\"><img decoding=\"async\" loading=\"lazy\" class=\"alignright wp-image-12396\" src=\"https:\/\/www.caritasne2.org.br\/site\/wp-content\/uploads\/2024\/07\/WhatsApp-Image-2024-07-24-at-15.04.06-2-225x300.jpeg\" alt=\"\" width=\"259\" height=\"345\" srcset=\"https:\/\/www.caritasne2.org.br\/site\/wp-content\/uploads\/2024\/07\/WhatsApp-Image-2024-07-24-at-15.04.06-2-225x300.jpeg 225w, https:\/\/www.caritasne2.org.br\/site\/wp-content\/uploads\/2024\/07\/WhatsApp-Image-2024-07-24-at-15.04.06-2-768x1024.jpeg 768w, https:\/\/www.caritasne2.org.br\/site\/wp-content\/uploads\/2024\/07\/WhatsApp-Image-2024-07-24-at-15.04.06-2-1152x1536.jpeg 1152w, https:\/\/www.caritasne2.org.br\/site\/wp-content\/uploads\/2024\/07\/WhatsApp-Image-2024-07-24-at-15.04.06-2.jpeg 1200w\" sizes=\"(max-width: 259px) 100vw, 259px\" \/>A secret\u00e1ria executiva da C\u00e1ritas Regional Nordeste 2, Neilda Pereira, resgatou a import\u00e2ncia de algumas a\u00e7\u00f5es realizadas, a exemplo da Casa de Direitos, que \u00e9 refer\u00eancia no estado e no Nordeste. \u201cMas \u00e9 preciso que este tema seja tirado da invisibilidade e que o or\u00e7amento para as a\u00e7\u00f5es n\u00e3o seja pontual\u201d, ressaltou Neilda.<\/p>\n<p style=\"text-align: justify;\">O encontro foi, tamb\u00e9m, um importante espa\u00e7o de autoavalia\u00e7\u00e3o. Neste sentido, foi reiterada, em diversas falas, a necessidade de rearticular o Comit\u00ea de Migra\u00e7\u00e3o que, criado originalmente de maneira informal, acabou perdendo for\u00e7a ap\u00f3s sua institucionaliza\u00e7\u00e3o, h\u00e1 cerca de um ano. Refor\u00e7ar o Comit\u00ea, que est\u00e1 com edital de composi\u00e7\u00e3o aberto, garantindo presen\u00e7a e voz aos migrantes e refor\u00e7ando seu poder de press\u00e3o e articula\u00e7\u00e3o, \u00e9, portanto, uma das a\u00e7\u00f5es necess\u00e1rias.<\/p>\n<p style=\"text-align: justify;\">Outras estrat\u00e9gias de atua\u00e7\u00e3o citadas foram a organiza\u00e7\u00e3o de redes de contato nas diversas \u00e1reas dos Poderes P\u00fablicos municipais, estaduais e nacional; e a constru\u00e7\u00e3o da Pol\u00edtica e Plano Nacional de Migra\u00e7\u00e3o.<\/p>\n<p style=\"text-align: justify;\"><img decoding=\"async\" loading=\"lazy\" class=\"alignright wp-image-12397\" src=\"https:\/\/www.caritasne2.org.br\/site\/wp-content\/uploads\/2024\/07\/WhatsApp-Image-2024-07-24-at-15.04.06-1-300x225.jpeg\" alt=\"\" width=\"343\" height=\"257\" srcset=\"https:\/\/www.caritasne2.org.br\/site\/wp-content\/uploads\/2024\/07\/WhatsApp-Image-2024-07-24-at-15.04.06-1-300x225.jpeg 300w, https:\/\/www.caritasne2.org.br\/site\/wp-content\/uploads\/2024\/07\/WhatsApp-Image-2024-07-24-at-15.04.06-1-1024x768.jpeg 1024w, https:\/\/www.caritasne2.org.br\/site\/wp-content\/uploads\/2024\/07\/WhatsApp-Image-2024-07-24-at-15.04.06-1-768x576.jpeg 768w, https:\/\/www.caritasne2.org.br\/site\/wp-content\/uploads\/2024\/07\/WhatsApp-Image-2024-07-24-at-15.04.06-1-1536x1152.jpeg 1536w, https:\/\/www.caritasne2.org.br\/site\/wp-content\/uploads\/2024\/07\/WhatsApp-Image-2024-07-24-at-15.04.06-1.jpeg 1600w\" sizes=\"(max-width: 343px) 100vw, 343px\" \/>A assessora nacional de Migra\u00e7\u00e3o e Ref\u00fagio da C\u00e1ritas Brasileira, Cristina dos Anjos participou do semin\u00e1rio de forma remota. Ela partiu do documento, finalizado em 2021, que tra\u00e7a a pol\u00edtica de Migra\u00e7\u00e3o da C\u00e1ritas, para resgatar um pouco da experi\u00eancia e caminhada ao longo dos anos, e refor\u00e7ar os princ\u00edpios, metodologias e caminhos.<\/p>\n<p style=\"text-align: justify;\">No Brasil, estes caminhos se inspiram na a\u00e7\u00e3o de Dom H\u00e9lder C\u00e2mara, cuja trajet\u00f3ria foi relembrada, durante o encontro, pelo professor Manoel Moraes, da C\u00e1tedra Unicap. \u201cPara Dom Helder, era o Cristo humano que interessava. O mist\u00e9rio do Cristo encarnado era a solidariedade\u201d, comentou o professor. E, para os participantes do encontro, solidariedade n\u00e3o tem fronteiras.<\/p>\n<ul class=\"ssb_list_wrapper\"><li class=\"fb2\" style=\"width:135px\"><iframe src=\"\/\/www.facebook.com\/plugins\/like.php?href=https%3A%2F%2Fwww.caritasne2.org.br%2Fsite%2Fformacao-debate-desafios-e-caminhos-para-politicas-de-migracao%2F&amp;layout=button_count&amp;action=like&amp;show_faces=false&amp;share=true&amp;width=135&amp;height=21&amp;appId=307091639398582\" scrolling=\"no\" frameborder=\"0\" style=\"border:none; overflow:hidden;  width:150px; height:21px;\" allowTransparency=\"true\"><\/iframe><\/li><li class=\"twtr\" style=\"width:90px\"><a href=\"https:\/\/twitter.com\/share\" class=\"twitter-share-button\" data-url=\"https:\/\/www.caritasne2.org.br\/site\/formacao-debate-desafios-e-caminhos-para-politicas-de-migracao\/\">&nbsp;<\/a><script>!function(d,s,id){var js,fjs=d.getElementsByTagName(s)[0],p=\/^http:\/.test(d.location)?'http':'https';if(!d.getElementById(id)){js=d.createElement(s);js.id=id;js.src=p+':\/\/platform.twitter.com\/widgets.js';fjs.parentNode.insertBefore(js,fjs);}}(document, 'script', 'twitter-wjs');<\/script><\/li><li class=\"gplus\" style=\"width:68px\"><div class=\"g-plusone\" data-size=\"medium\" data-href=\"https:\/\/www.caritasne2.org.br\/site\/formacao-debate-desafios-e-caminhos-para-politicas-de-migracao\/\"><\/div><\/li><li class=\"ssb_linkedin\" style=\"width:64px\"><script src=\"\/\/platform.linkedin.com\/in.js\" type=\"text\/javascript\">lang: en_US<\/script><script type=\"IN\/Share\" data-url=\"https:\/\/www.caritasne2.org.br\/site\/formacao-debate-desafios-e-caminhos-para-politicas-de-migracao\/\" data-counter=\"right\"><\/script><\/li><\/ul>","protected":false},"excerpt":{"rendered":"<p>Agentes C\u00e1ritas, parceiros, migrantes e refugiados participaram nesta quarta (24) de um momento de reflex\u00e3o, avalia\u00e7\u00e3o e constru\u00e7\u00e3o de caminhos para as pol\u00edticas de migra\u00e7\u00e3o na\u00a0Rede C\u00e1ritas Regional Nordeste 2. Tendo como base os quatro verbos que, descritos pelo Papa Francisco, embasam a atua\u00e7\u00e3o da C\u00e1ritas nesta \u00e1rea, o Encontro de Forma\u00e7\u00e3o debateu os desafios para melhor \u201cacolher, proteger, promover e integrar\u201d os povos migrantes. [&hellip;]<\/p>\n<ul class=\"ssb_list_wrapper\"><li class=\"fb2\" style=\"width:135px\"><iframe src=\"\/\/www.facebook.com\/plugins\/like.php?href=https%3A%2F%2Fwww.caritasne2.org.br%2Fsite%2Fformacao-debate-desafios-e-caminhos-para-politicas-de-migracao%2F&amp;layout=button_count&amp;action=like&amp;show_faces=false&amp;share=true&amp;width=135&amp;height=21&amp;appId=307091639398582\" scrolling=\"no\" frameborder=\"0\" style=\"border:none; overflow:hidden;  width:150px; height:21px;\" allowTransparency=\"true\"><\/iframe><\/li><li class=\"twtr\" style=\"width:90px\"><a href=\"https:\/\/twitter.com\/share\" class=\"twitter-share-button\" data-url=\"https:\/\/www.caritasne2.org.br\/site\/formacao-debate-desafios-e-caminhos-para-politicas-de-migracao\/\">&nbsp;<\/a><script>!function(d,s,id){var js,fjs=d.getElementsByTagName(s)[0],p=\/^http:\/.test(d.location)?'http':'https';if(!d.getElementById(id)){js=d.createElement(s);js.id=id;js.src=p+':\/\/platform.twitter.com\/widgets.js';fjs.parentNode.insertBefore(js,fjs);}}(document, 'script', 'twitter-wjs');<\/script><\/li><li class=\"gplus\" style=\"width:68px\"><div class=\"g-plusone\" data-size=\"medium\" data-href=\"https:\/\/www.caritasne2.org.br\/site\/formacao-debate-desafios-e-caminhos-para-politicas-de-migracao\/\"><\/div><\/li><li class=\"ssb_linkedin\" style=\"width:64px\"><script src=\"\/\/platform.linkedin.com\/in.js\" type=\"text\/javascript\">lang: en_US<\/script><script type=\"IN\/Share\" data-url=\"https:\/\/www.caritasne2.org.br\/site\/formacao-debate-desafios-e-caminhos-para-politicas-de-migracao\/\" data-counter=\"right\"><\/script><\/li><\/ul>","protected":false},"author":4,"featured_media":12403,"comment_status":"open","ping_status":"open","sticky":false,"template":"","format":"standard","meta":[],"categories":[21,20],"tags":[59,84,626,621,1261],"_links":{"self":[{"href":"https:\/\/www.caritasne2.org.br\/site\/wp-json\/wp\/v2\/posts\/12392"}],"collection":[{"href":"https:\/\/www.caritasne2.org.br\/site\/wp-json\/wp\/v2\/posts"}],"about":[{"href":"https:\/\/www.caritasne2.org.br\/site\/wp-json\/wp\/v2\/types\/post"}],"author":[{"embeddable":true,"href":"https:\/\/www.caritasne2.org.br\/site\/wp-json\/wp\/v2\/users\/4"}],"replies":[{"embeddable":true,"href":"https:\/\/www.caritasne2.org.br\/site\/wp-json\/wp\/v2\/comments?post=12392"}],"version-history":[{"count":6,"href":"https:\/\/www.caritasne2.org.br\/site\/wp-json\/wp\/v2\/posts\/12392\/revisions"}],"predecessor-version":[{"id":12405,"href":"https:\/\/www.caritasne2.org.br\/site\/wp-json\/wp\/v2\/posts\/12392\/revisions\/12405"}],"wp:featuredmedia":[{"embeddable":true,"href":"https:\/\/www.caritasne2.org.br\/site\/wp-json\/wp\/v2\/media\/12403"}],"wp:attachment":[{"href":"https:\/\/www.caritasne2.org.br\/site\/wp-json\/wp\/v2\/media?parent=12392"}],"wp:term":[{"taxonomy":"category","embeddable":true,"href":"https:\/\/www.caritasne2.org.br\/site\/wp-json\/wp\/v2\/categories?post=12392"},{"taxonomy":"post_tag","embeddable":true,"href":"https:\/\/www.caritasne2.org.br\/site\/wp-json\/wp\/v2\/tags?post=12392"}],"curies":[{"name":"wp","href":"https:\/\/api.w.org\/{rel}","templated":true}]}}