{"id":12385,"date":"2024-07-24T18:07:49","date_gmt":"2024-07-24T21:07:49","guid":{"rendered":"https:\/\/www.caritasne2.org.br\/site\/?p=12385"},"modified":"2024-07-24T15:12:49","modified_gmt":"2024-07-24T18:12:49","slug":"seu-aluisio-e-dona-cleonice-antes-pedia-agua-na-casa-do-vizinho-agora-tem-agua-no-quintal-de-casa","status":"publish","type":"post","link":"https:\/\/www.caritasne2.org.br\/site\/seu-aluisio-e-dona-cleonice-antes-pedia-agua-na-casa-do-vizinho-agora-tem-agua-no-quintal-de-casa\/","title":{"rendered":"Seu Alu\u00edsio e Dona Cleonice antes pedia \u00e1gua na casa do vizinho, agora, tem \u00e1gua no quintal de casa"},"content":{"rendered":"<p style=\"text-align: justify;\">Sem \u00e1gua n\u00e3o h\u00e1 combate \u00e0 fome, e n\u00e3o \u00e9 \u00e0 toa que desde de 2016 a fome voltou, de forma que em 2021 chegamos a 19 milh\u00f5es de pessoas\u00a0que acordavam sem saberem se iriam conseguir alguma refei\u00e7\u00e3o para o dia\u201d. Como exemplo, vimos as \u201cfilas dos ossos\u201d sendo noticiadas. J\u00e1 no ano de 2023, essa situa\u00e7\u00e3o vem melhorando com o resgate do Projeto Cisternas e outras\u00a0pol\u00edticas que foram extintas.<\/p>\n<p style=\"text-align: justify;\">A inseguran\u00e7a alimentar\u00a0no pa\u00eds j\u00e1 apresenta outros resultados, onde neste primeiro semestre de 2024, 24 milh\u00f5es\u00a0de pessoas sa\u00edram da condi\u00e7\u00e3o de fome e de inseguran\u00e7a alimentar.\u00a0Sendo a \u00e1gua a base e elemento fundamental para a produ\u00e7\u00e3o de alimentos, n\u00e3o basta garantir \u00e1gua para o consumo humano, mas tamb\u00e9m investir em fontes que possam oferecer \u00e1gua para outros usos investimentos e para produ\u00e7\u00e3o de alimento saud\u00e1veis oriundos da agricultura familiar, escassez de pol\u00edticas para esse fim, representa amea\u00e7a \u00e0 vida e tamb\u00e9m ao sustento das fam\u00edlias.<\/p>\n<p style=\"text-align: justify;\">O Programa Um Milh\u00e3o de Cisternas (P1MC) \u00e9 uma iniciativa que visa implantar um programa de conviv\u00eancia com o semi\u00e1rido atrav\u00e9s de tecnologias sociais diversas. O principal objetivo \u00e9 proporcionar acesso \u00e0 \u00e1gua para consumo humano, produ\u00e7\u00e3o de alimentos, dessedenta\u00e7\u00e3o animal e abastecimento de escolas e espa\u00e7os comunit\u00e1rios, contribuindo para a conviv\u00eancia sustent\u00e1vel com o semi\u00e1rido, o combate \u00e0 desertifica\u00e7\u00e3o e a erradica\u00e7\u00e3o da pobreza rural.<\/p>\n<p><img decoding=\"async\" loading=\"lazy\" class=\" wp-image-12386 aligncenter\" src=\"https:\/\/www.caritasne2.org.br\/site\/wp-content\/uploads\/2024\/07\/WhatsApp-Image-2024-07-12-at-13.58.31-1-300x225.jpeg\" alt=\"\" width=\"395\" height=\"296\" srcset=\"https:\/\/www.caritasne2.org.br\/site\/wp-content\/uploads\/2024\/07\/WhatsApp-Image-2024-07-12-at-13.58.31-1-300x225.jpeg 300w, https:\/\/www.caritasne2.org.br\/site\/wp-content\/uploads\/2024\/07\/WhatsApp-Image-2024-07-12-at-13.58.31-1-1024x768.jpeg 1024w, https:\/\/www.caritasne2.org.br\/site\/wp-content\/uploads\/2024\/07\/WhatsApp-Image-2024-07-12-at-13.58.31-1-768x576.jpeg 768w, https:\/\/www.caritasne2.org.br\/site\/wp-content\/uploads\/2024\/07\/WhatsApp-Image-2024-07-12-at-13.58.31-1-1536x1152.jpeg 1536w, https:\/\/www.caritasne2.org.br\/site\/wp-content\/uploads\/2024\/07\/WhatsApp-Image-2024-07-12-at-13.58.31-1-2048x1536.jpeg 2048w\" sizes=\"(max-width: 395px) 100vw, 395px\" \/><\/p>\n<p style=\"text-align: justify;\">A mudan\u00e7a na vida das fam\u00edlias n\u00e3o termina com a implementa\u00e7\u00e3o da cisterna, o caminho para a transforma\u00e7\u00e3o inicia ap\u00f3s a entrega das cisternas. Como a hist\u00f3ria de seu Alu\u00edsio e Dona Cleonice, agricultores familiares que residem na Comunidade do Po\u00e7o, zona rural de Caet\u00e9s (PE) contemplados com cisterna de 16 mil litros, \u00a0na \u00faltima semana a equipe t\u00e9cnica do programa visitou a fam\u00edlia para uma conversa para compreender quais mudan\u00e7as ocorreram na vida da sua fam\u00edlia ap\u00f3s a implementa\u00e7\u00e3o da tecnologia social.<\/p>\n<p style=\"text-align: justify;\">Como conta seu Alu\u00edsio, \u201cantes era muito dif\u00edcil, eu tinha que pegar \u00e1gua na cisterna do vizinho botada pelo ex\u00e9rcito. Eu ia de jegue, mais ou menos 1 quil\u00f4metro e pouco. Eu ia toda semana, pegava dois ou tr\u00eas tambores pra tudo, pra beber, pra cozinhar, pra lavar, porque n\u00e3o tinha outra \u00e1gua, n\u00e9!\u00a0 Agora n\u00e3o, agora tem essa aguinha boa, n\u00e9! A gente tem essa \u00e1gua boa, melhor de beber\u2026 \u00e9 uma \u00e1gua doce, das telhas. Porque a que vem do ex\u00e9rcito n\u00e3o \u00e9 muito boa n\u00e3o, \u00e9 meia salobra\u201d.<\/p>\n<p style=\"text-align: justify;\">Ele continua. \u201cMas agora a \u00e1gua que eu t\u00f4 bebendo \u00e9 uma \u00e1gua boa, doce, sadia, limpa. Aquele neg\u00f3cio ali que botaram \u00e9 muito bom, aquela tela n\u00e9, a telazinha no cano, que coa ali, n\u00e3o cai sujeira, \u00e9 muito bom, a \u00e1gua vem limpinha. Eu achei muito bom esse projeto, isso \u00e9 uma ben\u00e7\u00e3o! Quem n\u00e3o tem isso da\u00ed, ia gastar o que? um dinheirinho a mais e n\u00e3o tem n\u00e3o. Pra muita gente, \u00f3, isso da\u00ed foi uma beleza, n\u00e3o foi mui\u00e9?\u201d.<\/p>\n<p style=\"text-align: justify;\">Dona Cleonice concorda e complementa. \u201cAhhh, foi sim. N\u00e3o teve melhor que essa cisterna, porque a gente pegava \u00e1gua na cisterna do vizinho e era uma \u00e1gua ruim, a gente bebia apulso. E eu que tenho pedra nos rins, o m\u00e9dico falou que era pra tomar de tr\u00eas a quatro litros de \u00e1gua por dia, e eu n\u00e3o tomava nem dois\u201d. Ela ressalta e finaliza. \u201cA press\u00e3o alta, j\u00e1 como insosso pra tomar \u00e1gua ruim? Ai gra\u00e7as a Deus, depois dessa cisterna, a coisa melhorou. A gente toma \u00e1gua com vontade\u201d.<\/p>\n<p style=\"text-align: justify;\"><img decoding=\"async\" loading=\"lazy\" class=\" wp-image-12387 aligncenter\" src=\"https:\/\/www.caritasne2.org.br\/site\/wp-content\/uploads\/2024\/07\/WhatsApp-Image-2024-07-12-at-13.58.23-300x225.jpeg\" alt=\"\" width=\"444\" height=\"333\" srcset=\"https:\/\/www.caritasne2.org.br\/site\/wp-content\/uploads\/2024\/07\/WhatsApp-Image-2024-07-12-at-13.58.23-300x225.jpeg 300w, https:\/\/www.caritasne2.org.br\/site\/wp-content\/uploads\/2024\/07\/WhatsApp-Image-2024-07-12-at-13.58.23-1024x768.jpeg 1024w, https:\/\/www.caritasne2.org.br\/site\/wp-content\/uploads\/2024\/07\/WhatsApp-Image-2024-07-12-at-13.58.23-768x576.jpeg 768w, https:\/\/www.caritasne2.org.br\/site\/wp-content\/uploads\/2024\/07\/WhatsApp-Image-2024-07-12-at-13.58.23-1536x1152.jpeg 1536w, https:\/\/www.caritasne2.org.br\/site\/wp-content\/uploads\/2024\/07\/WhatsApp-Image-2024-07-12-at-13.58.23-2048x1536.jpeg 2048w\" sizes=\"(max-width: 444px) 100vw, 444px\" \/><\/p>\n<p><img decoding=\"async\" loading=\"lazy\" class=\" wp-image-12388 aligncenter\" src=\"https:\/\/www.caritasne2.org.br\/site\/wp-content\/uploads\/2024\/07\/WhatsApp-Image-2024-07-12-at-13.58.29-300x225.jpeg\" alt=\"\" width=\"451\" height=\"338\" srcset=\"https:\/\/www.caritasne2.org.br\/site\/wp-content\/uploads\/2024\/07\/WhatsApp-Image-2024-07-12-at-13.58.29-300x225.jpeg 300w, https:\/\/www.caritasne2.org.br\/site\/wp-content\/uploads\/2024\/07\/WhatsApp-Image-2024-07-12-at-13.58.29-1024x768.jpeg 1024w, https:\/\/www.caritasne2.org.br\/site\/wp-content\/uploads\/2024\/07\/WhatsApp-Image-2024-07-12-at-13.58.29-768x576.jpeg 768w, https:\/\/www.caritasne2.org.br\/site\/wp-content\/uploads\/2024\/07\/WhatsApp-Image-2024-07-12-at-13.58.29-1536x1152.jpeg 1536w, https:\/\/www.caritasne2.org.br\/site\/wp-content\/uploads\/2024\/07\/WhatsApp-Image-2024-07-12-at-13.58.29-2048x1536.jpeg 2048w\" sizes=\"(max-width: 451px) 100vw, 451px\" \/><\/p>\n<p style=\"text-align: justify;\">Seu Aluisio ainda conta os gastos que j\u00e1 fez para pode beber \u00e1gua de qualidade. \u201cUma vez eu comprei mil litros de \u00e1gua a R$ 70,00 (setenta reais) pra n\u00e3o beber essa \u00e1gua v\u00e9ia salobra. Uma vez eu fui ver \u00e1gua numa cisterna e n\u00e3o tinha, e parti com o jegue que nem besta pra cima e pra baixo. Oh coisa ruim! Uma vez eu s\u00f3 consegui um tambor de \u00e1gua, porque no ver\u00e3o o povo arrocha a pegar \u00e1gua n\u00e9. A\u00ed perdi a viagem de uma e fui pra outra, e consegui s\u00f3 um tambor, a\u00ed eu disse: \u00f3ia mui\u00e9, eu s\u00f3 consegui um tambor de \u00e1gua, vamos pirangar (economiza)\u2026 e assim ficava! \u201c, relembra.<\/p>\n<p style=\"text-align: justify;\">O assessoramento t\u00e9cnico para as fam\u00edlias contempladas com as cisternas faz parte do planejamento do Programa, e tem o papel de educar e dar suporte por meio de a\u00e7\u00f5es educativas, a manejar as tecnologias sociais de forma a n\u00e3o desperdi\u00e7ar \u00e1gua.<\/p>\n<ul class=\"ssb_list_wrapper\"><li class=\"fb2\" style=\"width:135px\"><iframe src=\"\/\/www.facebook.com\/plugins\/like.php?href=https%3A%2F%2Fwww.caritasne2.org.br%2Fsite%2Fseu-aluisio-e-dona-cleonice-antes-pedia-agua-na-casa-do-vizinho-agora-tem-agua-no-quintal-de-casa%2F&amp;layout=button_count&amp;action=like&amp;show_faces=false&amp;share=true&amp;width=135&amp;height=21&amp;appId=307091639398582\" scrolling=\"no\" frameborder=\"0\" style=\"border:none; overflow:hidden;  width:150px; height:21px;\" allowTransparency=\"true\"><\/iframe><\/li><li class=\"twtr\" style=\"width:90px\"><a href=\"https:\/\/twitter.com\/share\" class=\"twitter-share-button\" data-url=\"https:\/\/www.caritasne2.org.br\/site\/seu-aluisio-e-dona-cleonice-antes-pedia-agua-na-casa-do-vizinho-agora-tem-agua-no-quintal-de-casa\/\">&nbsp;<\/a><script>!function(d,s,id){var js,fjs=d.getElementsByTagName(s)[0],p=\/^http:\/.test(d.location)?'http':'https';if(!d.getElementById(id)){js=d.createElement(s);js.id=id;js.src=p+':\/\/platform.twitter.com\/widgets.js';fjs.parentNode.insertBefore(js,fjs);}}(document, 'script', 'twitter-wjs');<\/script><\/li><li class=\"gplus\" style=\"width:68px\"><div class=\"g-plusone\" data-size=\"medium\" data-href=\"https:\/\/www.caritasne2.org.br\/site\/seu-aluisio-e-dona-cleonice-antes-pedia-agua-na-casa-do-vizinho-agora-tem-agua-no-quintal-de-casa\/\"><\/div><\/li><li class=\"ssb_linkedin\" style=\"width:64px\"><script src=\"\/\/platform.linkedin.com\/in.js\" type=\"text\/javascript\">lang: en_US<\/script><script type=\"IN\/Share\" data-url=\"https:\/\/www.caritasne2.org.br\/site\/seu-aluisio-e-dona-cleonice-antes-pedia-agua-na-casa-do-vizinho-agora-tem-agua-no-quintal-de-casa\/\" data-counter=\"right\"><\/script><\/li><\/ul>","protected":false},"excerpt":{"rendered":"<p>Sem \u00e1gua n\u00e3o h\u00e1 combate \u00e0 fome, e n\u00e3o \u00e9 \u00e0 toa que desde de 2016 a fome voltou, de forma que em 2021 chegamos a 19 milh\u00f5es de pessoas\u00a0que acordavam sem saberem se iriam conseguir alguma refei\u00e7\u00e3o para o dia\u201d. Como exemplo, vimos as \u201cfilas dos ossos\u201d sendo noticiadas. J\u00e1 no ano de 2023, essa situa\u00e7\u00e3o vem melhorando com o resgate do Projeto Cisternas [&hellip;]<\/p>\n<ul class=\"ssb_list_wrapper\"><li class=\"fb2\" style=\"width:135px\"><iframe src=\"\/\/www.facebook.com\/plugins\/like.php?href=https%3A%2F%2Fwww.caritasne2.org.br%2Fsite%2Fseu-aluisio-e-dona-cleonice-antes-pedia-agua-na-casa-do-vizinho-agora-tem-agua-no-quintal-de-casa%2F&amp;layout=button_count&amp;action=like&amp;show_faces=false&amp;share=true&amp;width=135&amp;height=21&amp;appId=307091639398582\" scrolling=\"no\" frameborder=\"0\" style=\"border:none; overflow:hidden;  width:150px; height:21px;\" allowTransparency=\"true\"><\/iframe><\/li><li class=\"twtr\" style=\"width:90px\"><a href=\"https:\/\/twitter.com\/share\" class=\"twitter-share-button\" data-url=\"https:\/\/www.caritasne2.org.br\/site\/seu-aluisio-e-dona-cleonice-antes-pedia-agua-na-casa-do-vizinho-agora-tem-agua-no-quintal-de-casa\/\">&nbsp;<\/a><script>!function(d,s,id){var js,fjs=d.getElementsByTagName(s)[0],p=\/^http:\/.test(d.location)?'http':'https';if(!d.getElementById(id)){js=d.createElement(s);js.id=id;js.src=p+':\/\/platform.twitter.com\/widgets.js';fjs.parentNode.insertBefore(js,fjs);}}(document, 'script', 'twitter-wjs');<\/script><\/li><li class=\"gplus\" style=\"width:68px\"><div class=\"g-plusone\" data-size=\"medium\" data-href=\"https:\/\/www.caritasne2.org.br\/site\/seu-aluisio-e-dona-cleonice-antes-pedia-agua-na-casa-do-vizinho-agora-tem-agua-no-quintal-de-casa\/\"><\/div><\/li><li class=\"ssb_linkedin\" style=\"width:64px\"><script src=\"\/\/platform.linkedin.com\/in.js\" type=\"text\/javascript\">lang: en_US<\/script><script type=\"IN\/Share\" data-url=\"https:\/\/www.caritasne2.org.br\/site\/seu-aluisio-e-dona-cleonice-antes-pedia-agua-na-casa-do-vizinho-agora-tem-agua-no-quintal-de-casa\/\" data-counter=\"right\"><\/script><\/li><\/ul>","protected":false},"author":4,"featured_media":12389,"comment_status":"open","ping_status":"open","sticky":false,"template":"","format":"standard","meta":[],"categories":[21,20],"tags":[],"_links":{"self":[{"href":"https:\/\/www.caritasne2.org.br\/site\/wp-json\/wp\/v2\/posts\/12385"}],"collection":[{"href":"https:\/\/www.caritasne2.org.br\/site\/wp-json\/wp\/v2\/posts"}],"about":[{"href":"https:\/\/www.caritasne2.org.br\/site\/wp-json\/wp\/v2\/types\/post"}],"author":[{"embeddable":true,"href":"https:\/\/www.caritasne2.org.br\/site\/wp-json\/wp\/v2\/users\/4"}],"replies":[{"embeddable":true,"href":"https:\/\/www.caritasne2.org.br\/site\/wp-json\/wp\/v2\/comments?post=12385"}],"version-history":[{"count":2,"href":"https:\/\/www.caritasne2.org.br\/site\/wp-json\/wp\/v2\/posts\/12385\/revisions"}],"predecessor-version":[{"id":12391,"href":"https:\/\/www.caritasne2.org.br\/site\/wp-json\/wp\/v2\/posts\/12385\/revisions\/12391"}],"wp:featuredmedia":[{"embeddable":true,"href":"https:\/\/www.caritasne2.org.br\/site\/wp-json\/wp\/v2\/media\/12389"}],"wp:attachment":[{"href":"https:\/\/www.caritasne2.org.br\/site\/wp-json\/wp\/v2\/media?parent=12385"}],"wp:term":[{"taxonomy":"category","embeddable":true,"href":"https:\/\/www.caritasne2.org.br\/site\/wp-json\/wp\/v2\/categories?post=12385"},{"taxonomy":"post_tag","embeddable":true,"href":"https:\/\/www.caritasne2.org.br\/site\/wp-json\/wp\/v2\/tags?post=12385"}],"curies":[{"name":"wp","href":"https:\/\/api.w.org\/{rel}","templated":true}]}}