{"id":12368,"date":"2024-07-24T15:04:53","date_gmt":"2024-07-24T18:04:53","guid":{"rendered":"https:\/\/www.caritasne2.org.br\/site\/?p=12368"},"modified":"2024-07-24T15:04:53","modified_gmt":"2024-07-24T18:04:53","slug":"entidades-membro-da-cbne2-se-reunem-para-oficina-de-planejamento-monitoramento-e-avaliacao-do-projeto-quintais-produtivos","status":"publish","type":"post","link":"https:\/\/www.caritasne2.org.br\/site\/entidades-membro-da-cbne2-se-reunem-para-oficina-de-planejamento-monitoramento-e-avaliacao-do-projeto-quintais-produtivos\/","title":{"rendered":"Entidades Membro da CBNE2 se re\u00fanem para Oficina de Planejamento, Monitoramento e Avalia\u00e7\u00e3o do Projeto Quintais Produtivos"},"content":{"rendered":"<p style=\"text-align: justify;\">A C\u00e1ritas Regional Nordeste 2 (CBNE2) em parceria com a Funda\u00e7\u00e3o Banco do Brasil (FBB), est\u00e1 implementando o projeto Quintais Produtivos que tem como objetivo\u00a0estimular processos educativos voltados para a conviv\u00eancia com os biomas, promo\u00e7\u00e3o de seguran\u00e7a e soberania alimentar, e inclus\u00e3o produtiva das fam\u00edlias contempladas. Al\u00e9m de buscar fortalecer a organiza\u00e7\u00e3o produtiva das mulheres rurais para que possam incidir nas pol\u00edticas p\u00fablicas de apoio \u00e0 agricultura familiar em seus territ\u00f3rios.<\/p>\n<p style=\"text-align: justify;\">Entre os dias 15 e 17 de julho foi realizada a Oficina de Planejamento, Monitoramento e Avalia\u00e7\u00e3o do Projeto Quintais Produtivos, um encontro para contribuir na estrutura\u00e7\u00e3o, desenvolvimento e acompanhamento de todos as etapas, e processos do Projeto, bem como, da equipe t\u00e9cnica e gest\u00e3o envolvidas no planejamento proposto.<\/p>\n<p><img decoding=\"async\" loading=\"lazy\" class=\" wp-image-12369 aligncenter\" src=\"https:\/\/www.caritasne2.org.br\/site\/wp-content\/uploads\/2024\/07\/IMG_1273-300x200.jpg\" alt=\"\" width=\"408\" height=\"272\" srcset=\"https:\/\/www.caritasne2.org.br\/site\/wp-content\/uploads\/2024\/07\/IMG_1273-300x200.jpg 300w, https:\/\/www.caritasne2.org.br\/site\/wp-content\/uploads\/2024\/07\/IMG_1273-1024x683.jpg 1024w, https:\/\/www.caritasne2.org.br\/site\/wp-content\/uploads\/2024\/07\/IMG_1273-768x512.jpg 768w, https:\/\/www.caritasne2.org.br\/site\/wp-content\/uploads\/2024\/07\/IMG_1273-1536x1024.jpg 1536w, https:\/\/www.caritasne2.org.br\/site\/wp-content\/uploads\/2024\/07\/IMG_1273-2048x1365.jpg 2048w\" sizes=\"(max-width: 408px) 100vw, 408px\" \/><\/p>\n<p style=\"text-align: justify;\">No primeiro dia ocorreu a solenidade de entrega dos ve\u00edculos e motos para as quatro entidades membro que est\u00e3o executando o projeto: C\u00e1ritas Diocesana de Pesqueira (PE), C\u00e1ritas Diocesana de Caic\u00f3 (RN), C\u00e1ritas Diocesana de Campina Grande(PB) e C\u00e1ritas Diocesana de Palmeira dos \u00cdndios(AL), equipamentos que ir\u00e3o otimizar a a\u00e7\u00e3o junto \u00e0s comunidades.<\/p>\n<p style=\"text-align: justify;\"><img decoding=\"async\" loading=\"lazy\" class=\" wp-image-12370 alignleft\" src=\"https:\/\/www.caritasne2.org.br\/site\/wp-content\/uploads\/2024\/07\/IMG_1290-300x200.jpg\" alt=\"\" width=\"323\" height=\"215\" srcset=\"https:\/\/www.caritasne2.org.br\/site\/wp-content\/uploads\/2024\/07\/IMG_1290-300x200.jpg 300w, https:\/\/www.caritasne2.org.br\/site\/wp-content\/uploads\/2024\/07\/IMG_1290-1024x683.jpg 1024w, https:\/\/www.caritasne2.org.br\/site\/wp-content\/uploads\/2024\/07\/IMG_1290-768x512.jpg 768w, https:\/\/www.caritasne2.org.br\/site\/wp-content\/uploads\/2024\/07\/IMG_1290-1536x1024.jpg 1536w, https:\/\/www.caritasne2.org.br\/site\/wp-content\/uploads\/2024\/07\/IMG_1290-2048x1365.jpg 2048w\" sizes=\"(max-width: 323px) 100vw, 323px\" \/>Para esse momento, tivemos a presen\u00e7a do bispo referencial da CBNE2, e Arcebispo da Para\u00edba, Dom Manoel Delson. Ele pode contribuir e trazer em sua fala \u00e2nimo para os agentes C\u00e1ritas presentes. \u201cPenso o quanto \u00e9 importante a a\u00e7\u00e3o da C\u00e1ritas na vida de tantas fam\u00edlias. Com certeza esse projeto vai mudar a hist\u00f3ria de cada uma, e mais do que avalia\u00e7\u00e3o e dados, voc\u00eas estar\u00e3o transformando vidas pelos simples fatos de irmos ao encontro delas, quando numa grande maioria, n\u00e3o \u00e9 vista, e nem ouvida\u201d, disse.<\/p>\n<p style=\"text-align: justify;\">\n<p style=\"text-align: justify;\">Al\u00e9m de Dom Delson, a secret\u00e1ria executiva da C\u00e1ritas Brasileira, Valqu\u00edria Lima, tamb\u00e9m prestigiou o momento fortalecendo a miss\u00e3o da C\u00e1ritas. \u201c\u00c9 interessante ver todas as a\u00e7\u00f5es da C\u00e1ritas e o quanto ela sempre vem atrelada a solidariedade que transforma. Quantas mulheres nesse projeto ser\u00e3o protagonistas das suas hist\u00f3rias e poder\u00e3o mudar suas vidas tendo atrav\u00e9s da implementa\u00e7\u00e3o de uma tecnologia social. Que mais projetos como esse aconte\u00e7am e possamos continuar nossa miss\u00e3o\u201d, comentou Valquiria.<\/p>\n<p><img decoding=\"async\" loading=\"lazy\" class=\" wp-image-12374 aligncenter\" src=\"https:\/\/www.caritasne2.org.br\/site\/wp-content\/uploads\/2024\/07\/IMG_1297-300x200.jpg\" alt=\"\" width=\"398\" height=\"265\" srcset=\"https:\/\/www.caritasne2.org.br\/site\/wp-content\/uploads\/2024\/07\/IMG_1297-300x200.jpg 300w, https:\/\/www.caritasne2.org.br\/site\/wp-content\/uploads\/2024\/07\/IMG_1297-1024x683.jpg 1024w, https:\/\/www.caritasne2.org.br\/site\/wp-content\/uploads\/2024\/07\/IMG_1297-768x512.jpg 768w, https:\/\/www.caritasne2.org.br\/site\/wp-content\/uploads\/2024\/07\/IMG_1297-1536x1024.jpg 1536w, https:\/\/www.caritasne2.org.br\/site\/wp-content\/uploads\/2024\/07\/IMG_1297-2048x1365.jpg 2048w\" sizes=\"(max-width: 398px) 100vw, 398px\" \/><\/p>\n<p style=\"text-align: justify;\">No decorrer dos outros dias da Oficina, durante a programa\u00e7\u00e3o ocorreram atividades que inclu\u00edram momentos de ora\u00e7\u00e3o, apresenta\u00e7\u00f5es sobre as tecnologias sociais e a elabora\u00e7\u00e3o de um cronograma detalhado com prazos espec\u00edficos para as pr\u00f3ximas etapas e a\u00e7\u00f5es.<\/p>\n<p style=\"text-align: justify;\">\u201cComo foi bom estarmos reunidos nestes dias, n\u00e3o s\u00f3 aumentamos nossos v\u00ednculos, como nos fortalecemos e nos capacitamos para melhor aplicar os projetos nas regi\u00f5es em que atuamos. Finalizamos essa oficina levando as sementes que iremos plantar e em breve ver os frutos que ser\u00e3o colhidos\u201d, afirmou Charles Andr\u00e9, coordenador do projeto na C\u00e1ritas Diocesana de Palmeira dos \u00cdndios (AL).<\/p>\n<p style=\"text-align: justify;\">A a\u00e7\u00e3o dos Quintais\u00a0Produtivos\u00a0tamb\u00e9m pretende reduzir a vulnerabilidade socioecon\u00f4mica por meio de processos formativos, al\u00e9m da instala\u00e7\u00e3o de hortas e pomares, da cria\u00e7\u00e3o de galinhas, \u00a0implementa\u00e7\u00e3o dos sistemas agroflorestais (SAF\u2019s), \u00a0de cisternas de 5 mil litros, e planta\u00e7\u00f5es de base agroecol\u00f3gica que dialogam com a realidade dos agroecossistemas. O projeto ir\u00e1 atuar em 24 munic\u00edpios nos estados de Pernambuco, Alagoas, Para\u00edba e Rio Grande do Norte, em parceria com as entidades membros da Rede C\u00e1ritas nestes estados.<\/p>\n<p><img decoding=\"async\" loading=\"lazy\" class=\" wp-image-12373 aligncenter\" src=\"https:\/\/www.caritasne2.org.br\/site\/wp-content\/uploads\/2024\/07\/IMG_1309-300x200.jpg\" alt=\"\" width=\"368\" height=\"245\" srcset=\"https:\/\/www.caritasne2.org.br\/site\/wp-content\/uploads\/2024\/07\/IMG_1309-300x200.jpg 300w, https:\/\/www.caritasne2.org.br\/site\/wp-content\/uploads\/2024\/07\/IMG_1309-1024x683.jpg 1024w, https:\/\/www.caritasne2.org.br\/site\/wp-content\/uploads\/2024\/07\/IMG_1309-768x512.jpg 768w, https:\/\/www.caritasne2.org.br\/site\/wp-content\/uploads\/2024\/07\/IMG_1309-1536x1024.jpg 1536w, https:\/\/www.caritasne2.org.br\/site\/wp-content\/uploads\/2024\/07\/IMG_1309-2048x1365.jpg 2048w\" sizes=\"(max-width: 368px) 100vw, 368px\" \/><\/p>\n<p><img decoding=\"async\" loading=\"lazy\" class=\"wp-image-12375 aligncenter\" src=\"https:\/\/www.caritasne2.org.br\/site\/wp-content\/uploads\/2024\/07\/WhatsApp-Image-2024-07-17-at-09.00.44-1-300x225.jpeg\" alt=\"\" width=\"357\" height=\"268\" srcset=\"https:\/\/www.caritasne2.org.br\/site\/wp-content\/uploads\/2024\/07\/WhatsApp-Image-2024-07-17-at-09.00.44-1-300x225.jpeg 300w, https:\/\/www.caritasne2.org.br\/site\/wp-content\/uploads\/2024\/07\/WhatsApp-Image-2024-07-17-at-09.00.44-1-1024x768.jpeg 1024w, https:\/\/www.caritasne2.org.br\/site\/wp-content\/uploads\/2024\/07\/WhatsApp-Image-2024-07-17-at-09.00.44-1-768x576.jpeg 768w, https:\/\/www.caritasne2.org.br\/site\/wp-content\/uploads\/2024\/07\/WhatsApp-Image-2024-07-17-at-09.00.44-1.jpeg 1280w\" sizes=\"(max-width: 357px) 100vw, 357px\" \/><\/p>\n<p><img decoding=\"async\" loading=\"lazy\" class=\"wp-image-12376 aligncenter\" src=\"https:\/\/www.caritasne2.org.br\/site\/wp-content\/uploads\/2024\/07\/WhatsApp-Image-2024-07-17-at-09.00.45-3-300x225.jpeg\" alt=\"\" width=\"355\" height=\"266\" srcset=\"https:\/\/www.caritasne2.org.br\/site\/wp-content\/uploads\/2024\/07\/WhatsApp-Image-2024-07-17-at-09.00.45-3-300x225.jpeg 300w, https:\/\/www.caritasne2.org.br\/site\/wp-content\/uploads\/2024\/07\/WhatsApp-Image-2024-07-17-at-09.00.45-3-1024x768.jpeg 1024w, https:\/\/www.caritasne2.org.br\/site\/wp-content\/uploads\/2024\/07\/WhatsApp-Image-2024-07-17-at-09.00.45-3-768x576.jpeg 768w, https:\/\/www.caritasne2.org.br\/site\/wp-content\/uploads\/2024\/07\/WhatsApp-Image-2024-07-17-at-09.00.45-3.jpeg 1280w\" sizes=\"(max-width: 355px) 100vw, 355px\" \/><\/p>\n<p><img decoding=\"async\" loading=\"lazy\" class=\" wp-image-12379 aligncenter\" src=\"https:\/\/www.caritasne2.org.br\/site\/wp-content\/uploads\/2024\/07\/WhatsApp-Image-2024-07-17-at-15.14.46-225x300.jpeg\" alt=\"\" width=\"255\" height=\"340\" srcset=\"https:\/\/www.caritasne2.org.br\/site\/wp-content\/uploads\/2024\/07\/WhatsApp-Image-2024-07-17-at-15.14.46-225x300.jpeg 225w, https:\/\/www.caritasne2.org.br\/site\/wp-content\/uploads\/2024\/07\/WhatsApp-Image-2024-07-17-at-15.14.46-768x1024.jpeg 768w, https:\/\/www.caritasne2.org.br\/site\/wp-content\/uploads\/2024\/07\/WhatsApp-Image-2024-07-17-at-15.14.46-1152x1536.jpeg 1152w, https:\/\/www.caritasne2.org.br\/site\/wp-content\/uploads\/2024\/07\/WhatsApp-Image-2024-07-17-at-15.14.46.jpeg 1200w\" sizes=\"(max-width: 255px) 100vw, 255px\" \/><\/p>\n<p style=\"text-align: justify;\"><img decoding=\"async\" loading=\"lazy\" class=\" wp-image-12381 aligncenter\" src=\"https:\/\/www.caritasne2.org.br\/site\/wp-content\/uploads\/2024\/07\/WhatsApp-Image-2024-07-17-at-15.15.18-3-225x300.jpeg\" alt=\"\" width=\"258\" height=\"344\" srcset=\"https:\/\/www.caritasne2.org.br\/site\/wp-content\/uploads\/2024\/07\/WhatsApp-Image-2024-07-17-at-15.15.18-3-225x300.jpeg 225w, https:\/\/www.caritasne2.org.br\/site\/wp-content\/uploads\/2024\/07\/WhatsApp-Image-2024-07-17-at-15.15.18-3-768x1024.jpeg 768w, https:\/\/www.caritasne2.org.br\/site\/wp-content\/uploads\/2024\/07\/WhatsApp-Image-2024-07-17-at-15.15.18-3-1152x1536.jpeg 1152w, https:\/\/www.caritasne2.org.br\/site\/wp-content\/uploads\/2024\/07\/WhatsApp-Image-2024-07-17-at-15.15.18-3.jpeg 1200w\" sizes=\"(max-width: 258px) 100vw, 258px\" \/><\/p>\n<p>&nbsp;<\/p>\n<p style=\"text-align: justify;\">\n<ul class=\"ssb_list_wrapper\"><li class=\"fb2\" style=\"width:135px\"><iframe src=\"\/\/www.facebook.com\/plugins\/like.php?href=https%3A%2F%2Fwww.caritasne2.org.br%2Fsite%2Fentidades-membro-da-cbne2-se-reunem-para-oficina-de-planejamento-monitoramento-e-avaliacao-do-projeto-quintais-produtivos%2F&amp;layout=button_count&amp;action=like&amp;show_faces=false&amp;share=true&amp;width=135&amp;height=21&amp;appId=307091639398582\" scrolling=\"no\" frameborder=\"0\" style=\"border:none; overflow:hidden;  width:150px; height:21px;\" allowTransparency=\"true\"><\/iframe><\/li><li class=\"twtr\" style=\"width:90px\"><a href=\"https:\/\/twitter.com\/share\" class=\"twitter-share-button\" data-url=\"https:\/\/www.caritasne2.org.br\/site\/entidades-membro-da-cbne2-se-reunem-para-oficina-de-planejamento-monitoramento-e-avaliacao-do-projeto-quintais-produtivos\/\">&nbsp;<\/a><script>!function(d,s,id){var js,fjs=d.getElementsByTagName(s)[0],p=\/^http:\/.test(d.location)?'http':'https';if(!d.getElementById(id)){js=d.createElement(s);js.id=id;js.src=p+':\/\/platform.twitter.com\/widgets.js';fjs.parentNode.insertBefore(js,fjs);}}(document, 'script', 'twitter-wjs');<\/script><\/li><li class=\"gplus\" style=\"width:68px\"><div class=\"g-plusone\" data-size=\"medium\" data-href=\"https:\/\/www.caritasne2.org.br\/site\/entidades-membro-da-cbne2-se-reunem-para-oficina-de-planejamento-monitoramento-e-avaliacao-do-projeto-quintais-produtivos\/\"><\/div><\/li><li class=\"ssb_linkedin\" style=\"width:64px\"><script src=\"\/\/platform.linkedin.com\/in.js\" type=\"text\/javascript\">lang: en_US<\/script><script type=\"IN\/Share\" data-url=\"https:\/\/www.caritasne2.org.br\/site\/entidades-membro-da-cbne2-se-reunem-para-oficina-de-planejamento-monitoramento-e-avaliacao-do-projeto-quintais-produtivos\/\" data-counter=\"right\"><\/script><\/li><\/ul>","protected":false},"excerpt":{"rendered":"<p>A C\u00e1ritas Regional Nordeste 2 (CBNE2) em parceria com a Funda\u00e7\u00e3o Banco do Brasil (FBB), est\u00e1 implementando o projeto Quintais Produtivos que tem como objetivo\u00a0estimular processos educativos voltados para a conviv\u00eancia com os biomas, promo\u00e7\u00e3o de seguran\u00e7a e soberania alimentar, e inclus\u00e3o produtiva das fam\u00edlias contempladas. Al\u00e9m de buscar fortalecer a organiza\u00e7\u00e3o produtiva das mulheres rurais para que possam incidir nas pol\u00edticas p\u00fablicas de apoio [&hellip;]<\/p>\n<ul class=\"ssb_list_wrapper\"><li class=\"fb2\" style=\"width:135px\"><iframe src=\"\/\/www.facebook.com\/plugins\/like.php?href=https%3A%2F%2Fwww.caritasne2.org.br%2Fsite%2Fentidades-membro-da-cbne2-se-reunem-para-oficina-de-planejamento-monitoramento-e-avaliacao-do-projeto-quintais-produtivos%2F&amp;layout=button_count&amp;action=like&amp;show_faces=false&amp;share=true&amp;width=135&amp;height=21&amp;appId=307091639398582\" scrolling=\"no\" frameborder=\"0\" style=\"border:none; overflow:hidden;  width:150px; height:21px;\" allowTransparency=\"true\"><\/iframe><\/li><li class=\"twtr\" style=\"width:90px\"><a href=\"https:\/\/twitter.com\/share\" class=\"twitter-share-button\" data-url=\"https:\/\/www.caritasne2.org.br\/site\/entidades-membro-da-cbne2-se-reunem-para-oficina-de-planejamento-monitoramento-e-avaliacao-do-projeto-quintais-produtivos\/\">&nbsp;<\/a><script>!function(d,s,id){var js,fjs=d.getElementsByTagName(s)[0],p=\/^http:\/.test(d.location)?'http':'https';if(!d.getElementById(id)){js=d.createElement(s);js.id=id;js.src=p+':\/\/platform.twitter.com\/widgets.js';fjs.parentNode.insertBefore(js,fjs);}}(document, 'script', 'twitter-wjs');<\/script><\/li><li class=\"gplus\" style=\"width:68px\"><div class=\"g-plusone\" data-size=\"medium\" data-href=\"https:\/\/www.caritasne2.org.br\/site\/entidades-membro-da-cbne2-se-reunem-para-oficina-de-planejamento-monitoramento-e-avaliacao-do-projeto-quintais-produtivos\/\"><\/div><\/li><li class=\"ssb_linkedin\" style=\"width:64px\"><script src=\"\/\/platform.linkedin.com\/in.js\" type=\"text\/javascript\">lang: en_US<\/script><script type=\"IN\/Share\" data-url=\"https:\/\/www.caritasne2.org.br\/site\/entidades-membro-da-cbne2-se-reunem-para-oficina-de-planejamento-monitoramento-e-avaliacao-do-projeto-quintais-produtivos\/\" data-counter=\"right\"><\/script><\/li><\/ul>","protected":false},"author":4,"featured_media":12382,"comment_status":"open","ping_status":"open","sticky":false,"template":"","format":"standard","meta":[],"categories":[21,20],"tags":[],"_links":{"self":[{"href":"https:\/\/www.caritasne2.org.br\/site\/wp-json\/wp\/v2\/posts\/12368"}],"collection":[{"href":"https:\/\/www.caritasne2.org.br\/site\/wp-json\/wp\/v2\/posts"}],"about":[{"href":"https:\/\/www.caritasne2.org.br\/site\/wp-json\/wp\/v2\/types\/post"}],"author":[{"embeddable":true,"href":"https:\/\/www.caritasne2.org.br\/site\/wp-json\/wp\/v2\/users\/4"}],"replies":[{"embeddable":true,"href":"https:\/\/www.caritasne2.org.br\/site\/wp-json\/wp\/v2\/comments?post=12368"}],"version-history":[{"count":1,"href":"https:\/\/www.caritasne2.org.br\/site\/wp-json\/wp\/v2\/posts\/12368\/revisions"}],"predecessor-version":[{"id":12383,"href":"https:\/\/www.caritasne2.org.br\/site\/wp-json\/wp\/v2\/posts\/12368\/revisions\/12383"}],"wp:featuredmedia":[{"embeddable":true,"href":"https:\/\/www.caritasne2.org.br\/site\/wp-json\/wp\/v2\/media\/12382"}],"wp:attachment":[{"href":"https:\/\/www.caritasne2.org.br\/site\/wp-json\/wp\/v2\/media?parent=12368"}],"wp:term":[{"taxonomy":"category","embeddable":true,"href":"https:\/\/www.caritasne2.org.br\/site\/wp-json\/wp\/v2\/categories?post=12368"},{"taxonomy":"post_tag","embeddable":true,"href":"https:\/\/www.caritasne2.org.br\/site\/wp-json\/wp\/v2\/tags?post=12368"}],"curies":[{"name":"wp","href":"https:\/\/api.w.org\/{rel}","templated":true}]}}