{"id":12345,"date":"2024-07-17T11:06:16","date_gmt":"2024-07-17T14:06:16","guid":{"rendered":"https:\/\/www.caritasne2.org.br\/site\/?p=12345"},"modified":"2024-07-17T15:58:07","modified_gmt":"2024-07-17T18:58:07","slug":"saneamento-rural-e-tema-de-encontro-para-debate-e-formacao-de-multiplicadores-no-regional-nordeste-2","status":"publish","type":"post","link":"https:\/\/www.caritasne2.org.br\/site\/saneamento-rural-e-tema-de-encontro-para-debate-e-formacao-de-multiplicadores-no-regional-nordeste-2\/","title":{"rendered":"Encontro sobre saneamento rural evidencia pr\u00e1ticas de sucesso e debate os desafios e import\u00e2ncia desse direito"},"content":{"rendered":"<p style=\"text-align: justify;\">Ap\u00f3s aperfei\u00e7oar o uso da \u00e1gua da chuva, para matar a sede e cozinhar com ela, destinar \u00e0 horta, frut\u00edferas e cria\u00e7\u00e3o animal, as fam\u00edlias agricultoras do semi\u00e1rido brasileiro est\u00e3o experimentando novas tecnologias que possibilitam o reaproveitamento das \u00e1guas das pias, chuveiros e lavagem das roupas. Trata-se das tecnologias sociais de saneamento rural a partir do reuso da \u00e1gua.<\/p>\n<p style=\"text-align: justify;\">Entre os dias 08 e 10 de julho, a A\u00e7\u00e3o Social Diocesana de Patos (ASDPPB), entidade membro do Regional NE2, localizada no munic\u00edpio de Patos, na Para\u00edba, sediou o Encontro sobre Saneamento Rural atrav\u00e9s da tecnologia social bio\u00e1gua. O encontro teve como objetivo capacitar agentes de desenvolvimento locais (ADLs) e multiplicadores de tecnologias sociais no campo do saneamento rural para dissemina\u00e7\u00e3o e implanta\u00e7\u00e3o do sistema bio\u00e1gua em seus territ\u00f3rios de atua\u00e7\u00e3o.<\/p>\n<p style=\"text-align: justify;\">Durante os tr\u00eas dias de encontro, os participantes participaram dos momentos formativos que proporcionaram um aprofundamento te\u00f3rico e pr\u00e1tico sobre as tecnologias de saneamento rural, como o bio\u00e1gua. Um conjunto de tecnologias dividido em tr\u00eas partes filtro biol\u00f3gico (filtra as \u00e1guas que chegam com sab\u00e3o e res\u00edduos, chamada \u00e1guas cinzas), tanque de reuso de \u00e1gua (armazena \u00e1gua filtrada, bombeada para uma caixa elevada e que segue por gravidade para o quintal produtivo) e o sistema de irriga\u00e7\u00e3o por gotejamento.<\/p>\n<p style=\"text-align: justify;\"><img decoding=\"async\" loading=\"lazy\" class=\" wp-image-12350 aligncenter\" src=\"https:\/\/www.caritasne2.org.br\/site\/wp-content\/uploads\/2024\/07\/WhatsApp-Image-2024-07-17-at-09.19.39-1-300x200.jpeg\" alt=\"\" width=\"384\" height=\"256\" srcset=\"https:\/\/www.caritasne2.org.br\/site\/wp-content\/uploads\/2024\/07\/WhatsApp-Image-2024-07-17-at-09.19.39-1-300x200.jpeg 300w, https:\/\/www.caritasne2.org.br\/site\/wp-content\/uploads\/2024\/07\/WhatsApp-Image-2024-07-17-at-09.19.39-1-1024x682.jpeg 1024w, https:\/\/www.caritasne2.org.br\/site\/wp-content\/uploads\/2024\/07\/WhatsApp-Image-2024-07-17-at-09.19.39-1-768x512.jpeg 768w, https:\/\/www.caritasne2.org.br\/site\/wp-content\/uploads\/2024\/07\/WhatsApp-Image-2024-07-17-at-09.19.39-1-1536x1023.jpeg 1536w, https:\/\/www.caritasne2.org.br\/site\/wp-content\/uploads\/2024\/07\/WhatsApp-Image-2024-07-17-at-09.19.39-1.jpeg 1600w\" sizes=\"(max-width: 384px) 100vw, 384px\" \/><\/p>\n<p><img decoding=\"async\" loading=\"lazy\" class=\" wp-image-12351 aligncenter\" src=\"https:\/\/www.caritasne2.org.br\/site\/wp-content\/uploads\/2024\/07\/WhatsApp-Image-2024-07-17-at-09.19.39-2-300x200.jpeg\" alt=\"\" width=\"399\" height=\"266\" srcset=\"https:\/\/www.caritasne2.org.br\/site\/wp-content\/uploads\/2024\/07\/WhatsApp-Image-2024-07-17-at-09.19.39-2-300x200.jpeg 300w, https:\/\/www.caritasne2.org.br\/site\/wp-content\/uploads\/2024\/07\/WhatsApp-Image-2024-07-17-at-09.19.39-2-1024x682.jpeg 1024w, https:\/\/www.caritasne2.org.br\/site\/wp-content\/uploads\/2024\/07\/WhatsApp-Image-2024-07-17-at-09.19.39-2-768x512.jpeg 768w, https:\/\/www.caritasne2.org.br\/site\/wp-content\/uploads\/2024\/07\/WhatsApp-Image-2024-07-17-at-09.19.39-2-1536x1023.jpeg 1536w, https:\/\/www.caritasne2.org.br\/site\/wp-content\/uploads\/2024\/07\/WhatsApp-Image-2024-07-17-at-09.19.39-2.jpeg 1600w\" sizes=\"(max-width: 399px) 100vw, 399px\" \/><\/p>\n<p style=\"text-align: justify;\">\u201cFoi interessante esse encontro porque vimos como a experi\u00eancia vivida traz um novo jeito de reunir pessoas para uma constru\u00e7\u00e3o coletiva. Importante ver a fam\u00edlia que nos acolhe atenta e participando do processo, assim, ajudando no protagonismo. Concluo dizendo todo esfor\u00e7o vivido nesses dias de encontro foi para manter viva a esperan\u00e7a do Bem Viver\u201d, afirmou padre Jo\u00e3o Saturnino, presidente da A\u00e7\u00e3o Social Diocesana de Patos.<\/p>\n<p style=\"text-align: justify;\">A programa\u00e7\u00e3o tamb\u00e9m contemplou interc\u00e2mbios para as comunidades do Maracuj\u00e1 e do S\u00edtio Mucambo, que apresentou a abordagem pr\u00e1tica e participativa, preparando os agentes locais e multiplicadores para atuarem em suas comunidades.<\/p>\n<p style=\"text-align: justify;\">Para seu Dida e dona Marilene, agricultores do S\u00edtio Mucambo, foi uma grande alegria acolher a equipe t\u00e9cnica, pedreiros e todos nesse momento. &#8220;Estamos muito felizes em receb\u00ea-los aqui na nossa casa. J\u00e1 era um sonho antigo ter essa tecnologia social do bio\u00e1gua na nossa resid\u00eancia. Hoje esse sonho est\u00e1 sendo realizado. Daqui uns dias estaremos usufruindo dos benef\u00edcios dessa tecnologia\u201d, afirmou seu Dida.<\/p>\n<p style=\"text-align: justify;\"><img decoding=\"async\" loading=\"lazy\" class=\"alignnone wp-image-12354 aligncenter\" src=\"https:\/\/www.caritasne2.org.br\/site\/wp-content\/uploads\/2024\/07\/WhatsApp-Image-2024-07-17-at-09.19.39-300x200.jpeg\" alt=\"\" width=\"396\" height=\"264\" srcset=\"https:\/\/www.caritasne2.org.br\/site\/wp-content\/uploads\/2024\/07\/WhatsApp-Image-2024-07-17-at-09.19.39-300x200.jpeg 300w, https:\/\/www.caritasne2.org.br\/site\/wp-content\/uploads\/2024\/07\/WhatsApp-Image-2024-07-17-at-09.19.39-1024x682.jpeg 1024w, https:\/\/www.caritasne2.org.br\/site\/wp-content\/uploads\/2024\/07\/WhatsApp-Image-2024-07-17-at-09.19.39-768x512.jpeg 768w, https:\/\/www.caritasne2.org.br\/site\/wp-content\/uploads\/2024\/07\/WhatsApp-Image-2024-07-17-at-09.19.39-1536x1023.jpeg 1536w, https:\/\/www.caritasne2.org.br\/site\/wp-content\/uploads\/2024\/07\/WhatsApp-Image-2024-07-17-at-09.19.39.jpeg 1600w\" sizes=\"(max-width: 396px) 100vw, 396px\" \/><\/p>\n<p style=\"text-align: justify;\">O encontro representou um passo significativo na miss\u00e3o de fortalecer as capacidades locais e promover tecnologias sociais que contribuam para o bem-estar das comunidades rurais. \u201cExperi\u00eancia fant\u00e1stica. Uma oportunidade de formar multiplicadores para instala\u00e7\u00e3o da bio\u00e1gua que se adapta ao quintal familiar\u201d, foi assim que Paulo Junior, educador social da C\u00e1ritas Diocesana de Caic\u00f3 (RN), definiu o momento.<\/p>\n<p style=\"text-align: justify;\">Universalizar o saneamento b\u00e1sico ainda \u00e9 um dos grandes desafios da atualidade, principalmente quando se trata da zona rural, onde a aus\u00eancia dos servi\u00e7os \u00e9 ainda maior, em especial a coleta e o tratamento do esgoto sanit\u00e1rio. Associado a isso, a escassez h\u00eddrica \u00e9 outro desafio enfrentado nos \u00faltimos anos, fen\u00f4meno intensificado no semi\u00e1rido, que convive com a seca, devido a longos per\u00edodos de estiagem, que inviabiliza diversas atividades, entre elas, a agricultura familiar.<\/p>\n<p style=\"text-align: justify;\"><img decoding=\"async\" loading=\"lazy\" class=\" wp-image-12347 aligncenter\" src=\"https:\/\/www.caritasne2.org.br\/site\/wp-content\/uploads\/2024\/07\/WhatsApp-Image-2024-07-17-at-09.19.38-1-300x200.jpeg\" alt=\"\" width=\"425\" height=\"283\" srcset=\"https:\/\/www.caritasne2.org.br\/site\/wp-content\/uploads\/2024\/07\/WhatsApp-Image-2024-07-17-at-09.19.38-1-300x200.jpeg 300w, https:\/\/www.caritasne2.org.br\/site\/wp-content\/uploads\/2024\/07\/WhatsApp-Image-2024-07-17-at-09.19.38-1-1024x682.jpeg 1024w, https:\/\/www.caritasne2.org.br\/site\/wp-content\/uploads\/2024\/07\/WhatsApp-Image-2024-07-17-at-09.19.38-1-768x512.jpeg 768w, https:\/\/www.caritasne2.org.br\/site\/wp-content\/uploads\/2024\/07\/WhatsApp-Image-2024-07-17-at-09.19.38-1-1536x1023.jpeg 1536w, https:\/\/www.caritasne2.org.br\/site\/wp-content\/uploads\/2024\/07\/WhatsApp-Image-2024-07-17-at-09.19.38-1.jpeg 1600w\" sizes=\"(max-width: 425px) 100vw, 425px\" \/><\/p>\n<p><img decoding=\"async\" loading=\"lazy\" class=\" wp-image-12350 aligncenter\" src=\"https:\/\/www.caritasne2.org.br\/site\/wp-content\/uploads\/2024\/07\/WhatsApp-Image-2024-07-17-at-09.19.39-1-300x200.jpeg\" alt=\"\" width=\"436\" height=\"290\" srcset=\"https:\/\/www.caritasne2.org.br\/site\/wp-content\/uploads\/2024\/07\/WhatsApp-Image-2024-07-17-at-09.19.39-1-300x200.jpeg 300w, https:\/\/www.caritasne2.org.br\/site\/wp-content\/uploads\/2024\/07\/WhatsApp-Image-2024-07-17-at-09.19.39-1-1024x682.jpeg 1024w, https:\/\/www.caritasne2.org.br\/site\/wp-content\/uploads\/2024\/07\/WhatsApp-Image-2024-07-17-at-09.19.39-1-768x512.jpeg 768w, https:\/\/www.caritasne2.org.br\/site\/wp-content\/uploads\/2024\/07\/WhatsApp-Image-2024-07-17-at-09.19.39-1-1536x1023.jpeg 1536w, https:\/\/www.caritasne2.org.br\/site\/wp-content\/uploads\/2024\/07\/WhatsApp-Image-2024-07-17-at-09.19.39-1.jpeg 1600w\" sizes=\"(max-width: 436px) 100vw, 436px\" \/><\/p>\n<p><img decoding=\"async\" loading=\"lazy\" class=\" wp-image-12351 aligncenter\" src=\"https:\/\/www.caritasne2.org.br\/site\/wp-content\/uploads\/2024\/07\/WhatsApp-Image-2024-07-17-at-09.19.39-2-300x200.jpeg\" alt=\"\" width=\"410\" height=\"273\" srcset=\"https:\/\/www.caritasne2.org.br\/site\/wp-content\/uploads\/2024\/07\/WhatsApp-Image-2024-07-17-at-09.19.39-2-300x200.jpeg 300w, https:\/\/www.caritasne2.org.br\/site\/wp-content\/uploads\/2024\/07\/WhatsApp-Image-2024-07-17-at-09.19.39-2-1024x682.jpeg 1024w, https:\/\/www.caritasne2.org.br\/site\/wp-content\/uploads\/2024\/07\/WhatsApp-Image-2024-07-17-at-09.19.39-2-768x512.jpeg 768w, https:\/\/www.caritasne2.org.br\/site\/wp-content\/uploads\/2024\/07\/WhatsApp-Image-2024-07-17-at-09.19.39-2-1536x1023.jpeg 1536w, https:\/\/www.caritasne2.org.br\/site\/wp-content\/uploads\/2024\/07\/WhatsApp-Image-2024-07-17-at-09.19.39-2.jpeg 1600w\" sizes=\"(max-width: 410px) 100vw, 410px\" \/><\/p>\n<p><img decoding=\"async\" loading=\"lazy\" class=\" wp-image-12356 aligncenter\" src=\"https:\/\/www.caritasne2.org.br\/site\/wp-content\/uploads\/2024\/07\/WhatsApp-Image-2024-07-17-at-09.19.40-2-300x200.jpeg\" alt=\"\" width=\"422\" height=\"281\" srcset=\"https:\/\/www.caritasne2.org.br\/site\/wp-content\/uploads\/2024\/07\/WhatsApp-Image-2024-07-17-at-09.19.40-2-300x200.jpeg 300w, https:\/\/www.caritasne2.org.br\/site\/wp-content\/uploads\/2024\/07\/WhatsApp-Image-2024-07-17-at-09.19.40-2-1024x682.jpeg 1024w, https:\/\/www.caritasne2.org.br\/site\/wp-content\/uploads\/2024\/07\/WhatsApp-Image-2024-07-17-at-09.19.40-2-768x512.jpeg 768w, https:\/\/www.caritasne2.org.br\/site\/wp-content\/uploads\/2024\/07\/WhatsApp-Image-2024-07-17-at-09.19.40-2-1536x1023.jpeg 1536w, https:\/\/www.caritasne2.org.br\/site\/wp-content\/uploads\/2024\/07\/WhatsApp-Image-2024-07-17-at-09.19.40-2.jpeg 1600w\" sizes=\"(max-width: 422px) 100vw, 422px\" \/><\/p>\n<p><img decoding=\"async\" loading=\"lazy\" class=\" wp-image-12355 aligncenter\" src=\"https:\/\/www.caritasne2.org.br\/site\/wp-content\/uploads\/2024\/07\/WhatsApp-Image-2024-07-17-at-09.19.40-1-300x200.jpeg\" alt=\"\" width=\"408\" height=\"272\" srcset=\"https:\/\/www.caritasne2.org.br\/site\/wp-content\/uploads\/2024\/07\/WhatsApp-Image-2024-07-17-at-09.19.40-1-300x200.jpeg 300w, https:\/\/www.caritasne2.org.br\/site\/wp-content\/uploads\/2024\/07\/WhatsApp-Image-2024-07-17-at-09.19.40-1-1024x682.jpeg 1024w, https:\/\/www.caritasne2.org.br\/site\/wp-content\/uploads\/2024\/07\/WhatsApp-Image-2024-07-17-at-09.19.40-1-768x512.jpeg 768w, https:\/\/www.caritasne2.org.br\/site\/wp-content\/uploads\/2024\/07\/WhatsApp-Image-2024-07-17-at-09.19.40-1-1536x1023.jpeg 1536w, https:\/\/www.caritasne2.org.br\/site\/wp-content\/uploads\/2024\/07\/WhatsApp-Image-2024-07-17-at-09.19.40-1.jpeg 1600w\" sizes=\"(max-width: 408px) 100vw, 408px\" \/><\/p>\n<p><img decoding=\"async\" loading=\"lazy\" class=\" wp-image-12349 aligncenter\" src=\"https:\/\/www.caritasne2.org.br\/site\/wp-content\/uploads\/2024\/07\/WhatsApp-Image-2024-07-17-at-09.19.38-300x200.jpeg\" alt=\"\" width=\"416\" height=\"277\" srcset=\"https:\/\/www.caritasne2.org.br\/site\/wp-content\/uploads\/2024\/07\/WhatsApp-Image-2024-07-17-at-09.19.38-300x200.jpeg 300w, https:\/\/www.caritasne2.org.br\/site\/wp-content\/uploads\/2024\/07\/WhatsApp-Image-2024-07-17-at-09.19.38-1024x682.jpeg 1024w, https:\/\/www.caritasne2.org.br\/site\/wp-content\/uploads\/2024\/07\/WhatsApp-Image-2024-07-17-at-09.19.38-768x512.jpeg 768w, https:\/\/www.caritasne2.org.br\/site\/wp-content\/uploads\/2024\/07\/WhatsApp-Image-2024-07-17-at-09.19.38-1536x1023.jpeg 1536w, https:\/\/www.caritasne2.org.br\/site\/wp-content\/uploads\/2024\/07\/WhatsApp-Image-2024-07-17-at-09.19.38.jpeg 1600w\" sizes=\"(max-width: 416px) 100vw, 416px\" \/><\/p>\n<ul class=\"ssb_list_wrapper\"><li class=\"fb2\" style=\"width:135px\"><iframe src=\"\/\/www.facebook.com\/plugins\/like.php?href=https%3A%2F%2Fwww.caritasne2.org.br%2Fsite%2Fsaneamento-rural-e-tema-de-encontro-para-debate-e-formacao-de-multiplicadores-no-regional-nordeste-2%2F&amp;layout=button_count&amp;action=like&amp;show_faces=false&amp;share=true&amp;width=135&amp;height=21&amp;appId=307091639398582\" scrolling=\"no\" frameborder=\"0\" style=\"border:none; overflow:hidden;  width:150px; height:21px;\" allowTransparency=\"true\"><\/iframe><\/li><li class=\"twtr\" style=\"width:90px\"><a href=\"https:\/\/twitter.com\/share\" class=\"twitter-share-button\" data-url=\"https:\/\/www.caritasne2.org.br\/site\/saneamento-rural-e-tema-de-encontro-para-debate-e-formacao-de-multiplicadores-no-regional-nordeste-2\/\">&nbsp;<\/a><script>!function(d,s,id){var js,fjs=d.getElementsByTagName(s)[0],p=\/^http:\/.test(d.location)?'http':'https';if(!d.getElementById(id)){js=d.createElement(s);js.id=id;js.src=p+':\/\/platform.twitter.com\/widgets.js';fjs.parentNode.insertBefore(js,fjs);}}(document, 'script', 'twitter-wjs');<\/script><\/li><li class=\"gplus\" style=\"width:68px\"><div class=\"g-plusone\" data-size=\"medium\" data-href=\"https:\/\/www.caritasne2.org.br\/site\/saneamento-rural-e-tema-de-encontro-para-debate-e-formacao-de-multiplicadores-no-regional-nordeste-2\/\"><\/div><\/li><li class=\"ssb_linkedin\" style=\"width:64px\"><script src=\"\/\/platform.linkedin.com\/in.js\" type=\"text\/javascript\">lang: en_US<\/script><script type=\"IN\/Share\" data-url=\"https:\/\/www.caritasne2.org.br\/site\/saneamento-rural-e-tema-de-encontro-para-debate-e-formacao-de-multiplicadores-no-regional-nordeste-2\/\" data-counter=\"right\"><\/script><\/li><\/ul>","protected":false},"excerpt":{"rendered":"<p>Ap\u00f3s aperfei\u00e7oar o uso da \u00e1gua da chuva, para matar a sede e cozinhar com ela, destinar \u00e0 horta, frut\u00edferas e cria\u00e7\u00e3o animal, as fam\u00edlias agricultoras do semi\u00e1rido brasileiro est\u00e3o experimentando novas tecnologias que possibilitam o reaproveitamento das \u00e1guas das pias, chuveiros e lavagem das roupas. Trata-se das tecnologias sociais de saneamento rural a partir do reuso da \u00e1gua. Entre os dias 08 e 10 [&hellip;]<\/p>\n<ul class=\"ssb_list_wrapper\"><li class=\"fb2\" style=\"width:135px\"><iframe src=\"\/\/www.facebook.com\/plugins\/like.php?href=https%3A%2F%2Fwww.caritasne2.org.br%2Fsite%2Fsaneamento-rural-e-tema-de-encontro-para-debate-e-formacao-de-multiplicadores-no-regional-nordeste-2%2F&amp;layout=button_count&amp;action=like&amp;show_faces=false&amp;share=true&amp;width=135&amp;height=21&amp;appId=307091639398582\" scrolling=\"no\" frameborder=\"0\" style=\"border:none; overflow:hidden;  width:150px; height:21px;\" allowTransparency=\"true\"><\/iframe><\/li><li class=\"twtr\" style=\"width:90px\"><a href=\"https:\/\/twitter.com\/share\" class=\"twitter-share-button\" data-url=\"https:\/\/www.caritasne2.org.br\/site\/saneamento-rural-e-tema-de-encontro-para-debate-e-formacao-de-multiplicadores-no-regional-nordeste-2\/\">&nbsp;<\/a><script>!function(d,s,id){var js,fjs=d.getElementsByTagName(s)[0],p=\/^http:\/.test(d.location)?'http':'https';if(!d.getElementById(id)){js=d.createElement(s);js.id=id;js.src=p+':\/\/platform.twitter.com\/widgets.js';fjs.parentNode.insertBefore(js,fjs);}}(document, 'script', 'twitter-wjs');<\/script><\/li><li class=\"gplus\" style=\"width:68px\"><div class=\"g-plusone\" data-size=\"medium\" data-href=\"https:\/\/www.caritasne2.org.br\/site\/saneamento-rural-e-tema-de-encontro-para-debate-e-formacao-de-multiplicadores-no-regional-nordeste-2\/\"><\/div><\/li><li class=\"ssb_linkedin\" style=\"width:64px\"><script src=\"\/\/platform.linkedin.com\/in.js\" type=\"text\/javascript\">lang: en_US<\/script><script type=\"IN\/Share\" data-url=\"https:\/\/www.caritasne2.org.br\/site\/saneamento-rural-e-tema-de-encontro-para-debate-e-formacao-de-multiplicadores-no-regional-nordeste-2\/\" data-counter=\"right\"><\/script><\/li><\/ul>","protected":false},"author":4,"featured_media":12359,"comment_status":"open","ping_status":"open","sticky":false,"template":"","format":"standard","meta":[],"categories":[21,20],"tags":[],"_links":{"self":[{"href":"https:\/\/www.caritasne2.org.br\/site\/wp-json\/wp\/v2\/posts\/12345"}],"collection":[{"href":"https:\/\/www.caritasne2.org.br\/site\/wp-json\/wp\/v2\/posts"}],"about":[{"href":"https:\/\/www.caritasne2.org.br\/site\/wp-json\/wp\/v2\/types\/post"}],"author":[{"embeddable":true,"href":"https:\/\/www.caritasne2.org.br\/site\/wp-json\/wp\/v2\/users\/4"}],"replies":[{"embeddable":true,"href":"https:\/\/www.caritasne2.org.br\/site\/wp-json\/wp\/v2\/comments?post=12345"}],"version-history":[{"count":8,"href":"https:\/\/www.caritasne2.org.br\/site\/wp-json\/wp\/v2\/posts\/12345\/revisions"}],"predecessor-version":[{"id":12366,"href":"https:\/\/www.caritasne2.org.br\/site\/wp-json\/wp\/v2\/posts\/12345\/revisions\/12366"}],"wp:featuredmedia":[{"embeddable":true,"href":"https:\/\/www.caritasne2.org.br\/site\/wp-json\/wp\/v2\/media\/12359"}],"wp:attachment":[{"href":"https:\/\/www.caritasne2.org.br\/site\/wp-json\/wp\/v2\/media?parent=12345"}],"wp:term":[{"taxonomy":"category","embeddable":true,"href":"https:\/\/www.caritasne2.org.br\/site\/wp-json\/wp\/v2\/categories?post=12345"},{"taxonomy":"post_tag","embeddable":true,"href":"https:\/\/www.caritasne2.org.br\/site\/wp-json\/wp\/v2\/tags?post=12345"}],"curies":[{"name":"wp","href":"https:\/\/api.w.org\/{rel}","templated":true}]}}