{"id":12332,"date":"2024-07-11T13:11:56","date_gmt":"2024-07-11T16:11:56","guid":{"rendered":"https:\/\/www.caritasne2.org.br\/site\/?p=12332"},"modified":"2024-07-11T13:59:16","modified_gmt":"2024-07-11T16:59:16","slug":"cbne2-elege-delegadosas-nas-etapas-estaduais-da-comigrar-na-paraiba-pernambuco-rio-grande-do-norte-e-alagoas","status":"publish","type":"post","link":"https:\/\/www.caritasne2.org.br\/site\/cbne2-elege-delegadosas-nas-etapas-estaduais-da-comigrar-na-paraiba-pernambuco-rio-grande-do-norte-e-alagoas\/","title":{"rendered":"CBNE2  elege delegados(as) nas etapas estaduais da COMIGRAR na Para\u00edba, Pernambuco, Rio Grande do Norte e Alagoas"},"content":{"rendered":"<p style=\"text-align: justify;\">A C\u00e1ritas Regional NE2 atrav\u00e9s do Programa de Migra\u00e7\u00e3o e Ref\u00fagio participou das etapas estaduais da Confer\u00eancia Nacional de Migra\u00e7\u00f5es, Ref\u00fagio e Apatridia (COMIGRAR), nos estados do Rio Grande do Norte, Para\u00edba, Pernambuco e Alagoas. A Comigrar \u00e9 uma ferramenta que garante e legitima a participa\u00e7\u00e3o da sociedade civil organizada e da popula\u00e7\u00e3o de migrantes, refugiados e ap\u00e1tridas na constru\u00e7\u00e3o dos debates necess\u00e1rios, entre governo, sociedade civil organizada e a popula\u00e7\u00e3o alvo. O objetivo \u00e9\u00a0 avan\u00e7ar no aprimoramento das pol\u00edticas p\u00fablicas nacionais, estaduais e municipais destinadas a esta popula\u00e7\u00e3o.<\/p>\n<p style=\"text-align: justify;\">Nas etapas estaduais foram eleitos oito delegados em cada, sendo divididos entre migrantes, sociedade civil e poder p\u00fablico. Na etapa da Para\u00edba uma migrante assessorada pela \u00a0CBNE2 foi eleita delegada; em Pernambuco, Alagoas e Rio Grande do Norte agentes C\u00e1ritas foram eleitos \u00a0enquanto representa\u00e7\u00e3o da sociedade civil, al\u00e9m de migrantes assessorados. Todos os eleitos participar\u00e3o da Confer\u00eancia Nacional\u00a0prevista para primeira quinzena de novembro, em Foz do Igua\u00e7u, no Paran\u00e1.<\/p>\n<p style=\"text-align: justify;\">Para Mona Mirella, assessora regional do Programa de migra\u00e7\u00e3o e ref\u00fagio da CBNE2, \u00a0ela relata sobre a import\u00e2ncia dos debates estabelecidos na confer\u00eancia. \u00a0\u201cAs etapas das COMIGRAR colaboram para a constru\u00e7\u00e3o de uma pol\u00edtica nacional de migra\u00e7\u00e3o, ref\u00fagio e apatridia inclusiva e humana, respeitando o princ\u00edpio fundamental da igualdade de direitos entre as pessoas migrantes e brasileiras, reconhecendo a dignidade inerente a cada ser humano\u2019\u2019, comenta.<\/p>\n<p style=\"text-align: justify;\">Para Mauriza Cabral, volunt\u00e1ria da C\u00e1ritas Arquidiocesana de Alagoas\u00a0, eleita delegada na etapa Alagoas que comenta. \u201cNossa luta (da C\u00e1ritas Arquidiocesana) pela constru\u00e7\u00e3o do bem viver coletivo e sustent\u00e1vel tem sido intensa e com os migrantes n\u00e3o tem sido diferente. Eles vivem em situa\u00e7\u00e3o de vulnerabilidade quase que permanente e para construir estrat\u00e9gias na busca de direitos o debate \u00e9 indispon\u00edvel. Da\u00ed a import\u00e2ncia de uma Confer\u00eancia e aqui em Alagoas para acontecer foi necess\u00e1rio se travar uma luta\u201d.<\/p>\n<p style=\"text-align: justify;\">Ela finaliza. \u201cPosso garantir que nossa participa\u00e7\u00e3o foi crucial para esse pleito se consolidar e obviamente que a elei\u00e7\u00e3o para Delegada se tornou tbm muito significativa para aprofundar o debate e partir para outros feitos. E pra isso foi necess\u00e1rio se conversar com muitos parceiros e o resultado simplesmente foi maravilhoso. Agora \u00e9\u00a0 ir pra\u00a0 etapa nacional e fazer bonito.\u201d<\/p>\n<p style=\"text-align: justify;\">A Confer\u00eancia Nacional\u00a0ter\u00e1 como pauta seis eixos tem\u00e1ticos de discuss\u00e3o: Igualdade de tratamento e acesso a servi\u00e7os p\u00fablicos; Inser\u00e7\u00e3o socioecon\u00f4mica e promo\u00e7\u00e3o do trabalho decente; Enfrentamento a viola\u00e7\u00f5es de direitos; Governan\u00e7a e participa\u00e7\u00e3o social; Regulariza\u00e7\u00e3o migrat\u00f3ria e documental; e Interculturalidade e diversidades.<\/p>\n<p><img decoding=\"async\" loading=\"lazy\" class=\"wp-image-12334 aligncenter\" src=\"https:\/\/www.caritasne2.org.br\/site\/wp-content\/uploads\/2024\/07\/WhatsApp-Image-2024-07-11-at-11.05.36-4-300x225.jpeg\" alt=\"\" width=\"399\" height=\"299\" srcset=\"https:\/\/www.caritasne2.org.br\/site\/wp-content\/uploads\/2024\/07\/WhatsApp-Image-2024-07-11-at-11.05.36-4-300x225.jpeg 300w, https:\/\/www.caritasne2.org.br\/site\/wp-content\/uploads\/2024\/07\/WhatsApp-Image-2024-07-11-at-11.05.36-4-1024x768.jpeg 1024w, https:\/\/www.caritasne2.org.br\/site\/wp-content\/uploads\/2024\/07\/WhatsApp-Image-2024-07-11-at-11.05.36-4-768x576.jpeg 768w, https:\/\/www.caritasne2.org.br\/site\/wp-content\/uploads\/2024\/07\/WhatsApp-Image-2024-07-11-at-11.05.36-4.jpeg 1280w\" sizes=\"(max-width: 399px) 100vw, 399px\" \/><\/p>\n<p><img decoding=\"async\" loading=\"lazy\" class=\" wp-image-12337 aligncenter\" src=\"https:\/\/www.caritasne2.org.br\/site\/wp-content\/uploads\/2024\/07\/WhatsApp-Image-2024-07-06-at-18.21.13-300x225.jpeg\" alt=\"\" width=\"407\" height=\"305\" srcset=\"https:\/\/www.caritasne2.org.br\/site\/wp-content\/uploads\/2024\/07\/WhatsApp-Image-2024-07-06-at-18.21.13-300x225.jpeg 300w, https:\/\/www.caritasne2.org.br\/site\/wp-content\/uploads\/2024\/07\/WhatsApp-Image-2024-07-06-at-18.21.13-1024x768.jpeg 1024w, https:\/\/www.caritasne2.org.br\/site\/wp-content\/uploads\/2024\/07\/WhatsApp-Image-2024-07-06-at-18.21.13-768x576.jpeg 768w, https:\/\/www.caritasne2.org.br\/site\/wp-content\/uploads\/2024\/07\/WhatsApp-Image-2024-07-06-at-18.21.13.jpeg 1280w\" sizes=\"(max-width: 407px) 100vw, 407px\" \/><\/p>\n<p><img decoding=\"async\" loading=\"lazy\" class=\" wp-image-12335 aligncenter\" src=\"https:\/\/www.caritasne2.org.br\/site\/wp-content\/uploads\/2024\/07\/WhatsApp-Image-2024-07-11-at-12.07.14-5-300x225.jpeg\" alt=\"\" width=\"404\" height=\"303\" srcset=\"https:\/\/www.caritasne2.org.br\/site\/wp-content\/uploads\/2024\/07\/WhatsApp-Image-2024-07-11-at-12.07.14-5-300x225.jpeg 300w, https:\/\/www.caritasne2.org.br\/site\/wp-content\/uploads\/2024\/07\/WhatsApp-Image-2024-07-11-at-12.07.14-5-1024x768.jpeg 1024w, https:\/\/www.caritasne2.org.br\/site\/wp-content\/uploads\/2024\/07\/WhatsApp-Image-2024-07-11-at-12.07.14-5-768x576.jpeg 768w, https:\/\/www.caritasne2.org.br\/site\/wp-content\/uploads\/2024\/07\/WhatsApp-Image-2024-07-11-at-12.07.14-5.jpeg 1280w\" sizes=\"(max-width: 404px) 100vw, 404px\" \/><\/p>\n<p><img decoding=\"async\" loading=\"lazy\" class=\" wp-image-12340 aligncenter\" src=\"https:\/\/www.caritasne2.org.br\/site\/wp-content\/uploads\/2024\/07\/WhatsApp-Image-2024-07-11-at-12.08.26-300x225.jpeg\" alt=\"\" width=\"405\" height=\"304\" srcset=\"https:\/\/www.caritasne2.org.br\/site\/wp-content\/uploads\/2024\/07\/WhatsApp-Image-2024-07-11-at-12.08.26-300x225.jpeg 300w, https:\/\/www.caritasne2.org.br\/site\/wp-content\/uploads\/2024\/07\/WhatsApp-Image-2024-07-11-at-12.08.26-1024x768.jpeg 1024w, https:\/\/www.caritasne2.org.br\/site\/wp-content\/uploads\/2024\/07\/WhatsApp-Image-2024-07-11-at-12.08.26-768x576.jpeg 768w, https:\/\/www.caritasne2.org.br\/site\/wp-content\/uploads\/2024\/07\/WhatsApp-Image-2024-07-11-at-12.08.26-1536x1152.jpeg 1536w, https:\/\/www.caritasne2.org.br\/site\/wp-content\/uploads\/2024\/07\/WhatsApp-Image-2024-07-11-at-12.08.26.jpeg 1600w\" sizes=\"(max-width: 405px) 100vw, 405px\" \/><\/p>\n<p><img decoding=\"async\" loading=\"lazy\" class=\" wp-image-12341 aligncenter\" src=\"https:\/\/www.caritasne2.org.br\/site\/wp-content\/uploads\/2024\/07\/WhatsApp-Image-2024-07-06-at-09.54.13-225x300.jpeg\" alt=\"\" width=\"352\" height=\"470\" srcset=\"https:\/\/www.caritasne2.org.br\/site\/wp-content\/uploads\/2024\/07\/WhatsApp-Image-2024-07-06-at-09.54.13-225x300.jpeg 225w, https:\/\/www.caritasne2.org.br\/site\/wp-content\/uploads\/2024\/07\/WhatsApp-Image-2024-07-06-at-09.54.13-768x1024.jpeg 768w, https:\/\/www.caritasne2.org.br\/site\/wp-content\/uploads\/2024\/07\/WhatsApp-Image-2024-07-06-at-09.54.13-1152x1536.jpeg 1152w, https:\/\/www.caritasne2.org.br\/site\/wp-content\/uploads\/2024\/07\/WhatsApp-Image-2024-07-06-at-09.54.13.jpeg 1200w\" sizes=\"(max-width: 352px) 100vw, 352px\" \/><\/p>\n<ul class=\"ssb_list_wrapper\"><li class=\"fb2\" style=\"width:135px\"><iframe src=\"\/\/www.facebook.com\/plugins\/like.php?href=https%3A%2F%2Fwww.caritasne2.org.br%2Fsite%2Fcbne2-elege-delegadosas-nas-etapas-estaduais-da-comigrar-na-paraiba-pernambuco-rio-grande-do-norte-e-alagoas%2F&amp;layout=button_count&amp;action=like&amp;show_faces=false&amp;share=true&amp;width=135&amp;height=21&amp;appId=307091639398582\" scrolling=\"no\" frameborder=\"0\" style=\"border:none; overflow:hidden;  width:150px; height:21px;\" allowTransparency=\"true\"><\/iframe><\/li><li class=\"twtr\" style=\"width:90px\"><a href=\"https:\/\/twitter.com\/share\" class=\"twitter-share-button\" data-url=\"https:\/\/www.caritasne2.org.br\/site\/cbne2-elege-delegadosas-nas-etapas-estaduais-da-comigrar-na-paraiba-pernambuco-rio-grande-do-norte-e-alagoas\/\">&nbsp;<\/a><script>!function(d,s,id){var js,fjs=d.getElementsByTagName(s)[0],p=\/^http:\/.test(d.location)?'http':'https';if(!d.getElementById(id)){js=d.createElement(s);js.id=id;js.src=p+':\/\/platform.twitter.com\/widgets.js';fjs.parentNode.insertBefore(js,fjs);}}(document, 'script', 'twitter-wjs');<\/script><\/li><li class=\"gplus\" style=\"width:68px\"><div class=\"g-plusone\" data-size=\"medium\" data-href=\"https:\/\/www.caritasne2.org.br\/site\/cbne2-elege-delegadosas-nas-etapas-estaduais-da-comigrar-na-paraiba-pernambuco-rio-grande-do-norte-e-alagoas\/\"><\/div><\/li><li class=\"ssb_linkedin\" style=\"width:64px\"><script src=\"\/\/platform.linkedin.com\/in.js\" type=\"text\/javascript\">lang: en_US<\/script><script type=\"IN\/Share\" data-url=\"https:\/\/www.caritasne2.org.br\/site\/cbne2-elege-delegadosas-nas-etapas-estaduais-da-comigrar-na-paraiba-pernambuco-rio-grande-do-norte-e-alagoas\/\" data-counter=\"right\"><\/script><\/li><\/ul>","protected":false},"excerpt":{"rendered":"<p>A C\u00e1ritas Regional NE2 atrav\u00e9s do Programa de Migra\u00e7\u00e3o e Ref\u00fagio participou das etapas estaduais da Confer\u00eancia Nacional de Migra\u00e7\u00f5es, Ref\u00fagio e Apatridia (COMIGRAR), nos estados do Rio Grande do Norte, Para\u00edba, Pernambuco e Alagoas. A Comigrar \u00e9 uma ferramenta que garante e legitima a participa\u00e7\u00e3o da sociedade civil organizada e da popula\u00e7\u00e3o de migrantes, refugiados e ap\u00e1tridas na constru\u00e7\u00e3o dos debates necess\u00e1rios, entre governo, [&hellip;]<\/p>\n<ul class=\"ssb_list_wrapper\"><li class=\"fb2\" style=\"width:135px\"><iframe src=\"\/\/www.facebook.com\/plugins\/like.php?href=https%3A%2F%2Fwww.caritasne2.org.br%2Fsite%2Fcbne2-elege-delegadosas-nas-etapas-estaduais-da-comigrar-na-paraiba-pernambuco-rio-grande-do-norte-e-alagoas%2F&amp;layout=button_count&amp;action=like&amp;show_faces=false&amp;share=true&amp;width=135&amp;height=21&amp;appId=307091639398582\" scrolling=\"no\" frameborder=\"0\" style=\"border:none; overflow:hidden;  width:150px; height:21px;\" allowTransparency=\"true\"><\/iframe><\/li><li class=\"twtr\" style=\"width:90px\"><a href=\"https:\/\/twitter.com\/share\" class=\"twitter-share-button\" data-url=\"https:\/\/www.caritasne2.org.br\/site\/cbne2-elege-delegadosas-nas-etapas-estaduais-da-comigrar-na-paraiba-pernambuco-rio-grande-do-norte-e-alagoas\/\">&nbsp;<\/a><script>!function(d,s,id){var js,fjs=d.getElementsByTagName(s)[0],p=\/^http:\/.test(d.location)?'http':'https';if(!d.getElementById(id)){js=d.createElement(s);js.id=id;js.src=p+':\/\/platform.twitter.com\/widgets.js';fjs.parentNode.insertBefore(js,fjs);}}(document, 'script', 'twitter-wjs');<\/script><\/li><li class=\"gplus\" style=\"width:68px\"><div class=\"g-plusone\" data-size=\"medium\" data-href=\"https:\/\/www.caritasne2.org.br\/site\/cbne2-elege-delegadosas-nas-etapas-estaduais-da-comigrar-na-paraiba-pernambuco-rio-grande-do-norte-e-alagoas\/\"><\/div><\/li><li class=\"ssb_linkedin\" style=\"width:64px\"><script src=\"\/\/platform.linkedin.com\/in.js\" type=\"text\/javascript\">lang: en_US<\/script><script type=\"IN\/Share\" data-url=\"https:\/\/www.caritasne2.org.br\/site\/cbne2-elege-delegadosas-nas-etapas-estaduais-da-comigrar-na-paraiba-pernambuco-rio-grande-do-norte-e-alagoas\/\" data-counter=\"right\"><\/script><\/li><\/ul>","protected":false},"author":4,"featured_media":12343,"comment_status":"open","ping_status":"open","sticky":false,"template":"","format":"standard","meta":[],"categories":[21,20],"tags":[],"_links":{"self":[{"href":"https:\/\/www.caritasne2.org.br\/site\/wp-json\/wp\/v2\/posts\/12332"}],"collection":[{"href":"https:\/\/www.caritasne2.org.br\/site\/wp-json\/wp\/v2\/posts"}],"about":[{"href":"https:\/\/www.caritasne2.org.br\/site\/wp-json\/wp\/v2\/types\/post"}],"author":[{"embeddable":true,"href":"https:\/\/www.caritasne2.org.br\/site\/wp-json\/wp\/v2\/users\/4"}],"replies":[{"embeddable":true,"href":"https:\/\/www.caritasne2.org.br\/site\/wp-json\/wp\/v2\/comments?post=12332"}],"version-history":[{"count":2,"href":"https:\/\/www.caritasne2.org.br\/site\/wp-json\/wp\/v2\/posts\/12332\/revisions"}],"predecessor-version":[{"id":12344,"href":"https:\/\/www.caritasne2.org.br\/site\/wp-json\/wp\/v2\/posts\/12332\/revisions\/12344"}],"wp:featuredmedia":[{"embeddable":true,"href":"https:\/\/www.caritasne2.org.br\/site\/wp-json\/wp\/v2\/media\/12343"}],"wp:attachment":[{"href":"https:\/\/www.caritasne2.org.br\/site\/wp-json\/wp\/v2\/media?parent=12332"}],"wp:term":[{"taxonomy":"category","embeddable":true,"href":"https:\/\/www.caritasne2.org.br\/site\/wp-json\/wp\/v2\/categories?post=12332"},{"taxonomy":"post_tag","embeddable":true,"href":"https:\/\/www.caritasne2.org.br\/site\/wp-json\/wp\/v2\/tags?post=12332"}],"curies":[{"name":"wp","href":"https:\/\/api.w.org\/{rel}","templated":true}]}}