{"id":12307,"date":"2024-06-28T10:20:44","date_gmt":"2024-06-28T13:20:44","guid":{"rendered":"https:\/\/www.caritasne2.org.br\/site\/?p=12307"},"modified":"2024-06-28T10:20:44","modified_gmt":"2024-06-28T13:20:44","slug":"aguas-para-educar-promove-o-direito-a-agua-de-qualidade-e-o-uso-sustentavel","status":"publish","type":"post","link":"https:\/\/www.caritasne2.org.br\/site\/aguas-para-educar-promove-o-direito-a-agua-de-qualidade-e-o-uso-sustentavel\/","title":{"rendered":"\u00c1guas para educar promove o direito \u00e0 \u00e1gua de qualidade e o uso sustent\u00e1vel"},"content":{"rendered":"<p style=\"text-align: justify;\">Em alinhamento com os Objetivos de Desenvolvimento Sustent\u00e1vel (ODS), especificamente o ODS 6, que visa &#8220;assegurar a disponibilidade e gest\u00e3o sustent\u00e1vel da \u00e1gua e saneamento para todos e todas&#8221;, a C\u00e1ritas Regional Nordeste 2 executa o Projeto \u00c1guas para Educar, em escolas municipais no Cabo de Santo Agostinho (PE), uma a\u00e7\u00e3o voltada para disponibilizar \u00e1gua \u00e0s escolas que enfrentam dificuldades de acesso localmente.<\/p>\n<p style=\"text-align: justify;\">O projeto \u00e9 uma parceria com a Coca-Cola Brasil e implementou tecnologias sociais de acesso \u00e0 \u00e1gua, como a cisterna de 52 mil litros, para capta\u00e7\u00e3o e armazenamento da \u00e1gua da chuva, um sistema para reuso de \u00e1gua, o bio\u00e1gua, al\u00e9m da instala\u00e7\u00e3o de pomar ou horta, com objetivo de transformar a escola em um ambiente sustent\u00e1vel.<\/p>\n<p><img decoding=\"async\" loading=\"lazy\" class=\" wp-image-12308 aligncenter\" src=\"https:\/\/www.caritasne2.org.br\/site\/wp-content\/uploads\/2024\/06\/WhatsApp-Image-2024-01-17-at-12.01.31-1-300x225.jpeg\" alt=\"\" width=\"411\" height=\"308\" srcset=\"https:\/\/www.caritasne2.org.br\/site\/wp-content\/uploads\/2024\/06\/WhatsApp-Image-2024-01-17-at-12.01.31-1-300x225.jpeg 300w, https:\/\/www.caritasne2.org.br\/site\/wp-content\/uploads\/2024\/06\/WhatsApp-Image-2024-01-17-at-12.01.31-1-1024x769.jpeg 1024w, https:\/\/www.caritasne2.org.br\/site\/wp-content\/uploads\/2024\/06\/WhatsApp-Image-2024-01-17-at-12.01.31-1-768x577.jpeg 768w, https:\/\/www.caritasne2.org.br\/site\/wp-content\/uploads\/2024\/06\/WhatsApp-Image-2024-01-17-at-12.01.31-1.jpeg 1156w\" sizes=\"(max-width: 411px) 100vw, 411px\" \/><\/p>\n<p><img decoding=\"async\" loading=\"lazy\" class=\" wp-image-12309 aligncenter\" src=\"https:\/\/www.caritasne2.org.br\/site\/wp-content\/uploads\/2024\/06\/WhatsApp-Image-2024-01-17-at-12.01.37-225x300.jpeg\" alt=\"\" width=\"364\" height=\"485\" srcset=\"https:\/\/www.caritasne2.org.br\/site\/wp-content\/uploads\/2024\/06\/WhatsApp-Image-2024-01-17-at-12.01.37-225x300.jpeg 225w, https:\/\/www.caritasne2.org.br\/site\/wp-content\/uploads\/2024\/06\/WhatsApp-Image-2024-01-17-at-12.01.37-769x1024.jpeg 769w, https:\/\/www.caritasne2.org.br\/site\/wp-content\/uploads\/2024\/06\/WhatsApp-Image-2024-01-17-at-12.01.37-768x1023.jpeg 768w, https:\/\/www.caritasne2.org.br\/site\/wp-content\/uploads\/2024\/06\/WhatsApp-Image-2024-01-17-at-12.01.37.jpeg 868w\" sizes=\"(max-width: 364px) 100vw, 364px\" \/><\/p>\n<p><img decoding=\"async\" loading=\"lazy\" class=\" wp-image-12310 aligncenter\" src=\"https:\/\/www.caritasne2.org.br\/site\/wp-content\/uploads\/2024\/06\/WhatsApp-Image-2024-01-17-at-12.01.38-1-300x225.jpeg\" alt=\"\" width=\"553\" height=\"415\" srcset=\"https:\/\/www.caritasne2.org.br\/site\/wp-content\/uploads\/2024\/06\/WhatsApp-Image-2024-01-17-at-12.01.38-1-300x225.jpeg 300w, https:\/\/www.caritasne2.org.br\/site\/wp-content\/uploads\/2024\/06\/WhatsApp-Image-2024-01-17-at-12.01.38-1-1024x769.jpeg 1024w, https:\/\/www.caritasne2.org.br\/site\/wp-content\/uploads\/2024\/06\/WhatsApp-Image-2024-01-17-at-12.01.38-1-768x577.jpeg 768w, https:\/\/www.caritasne2.org.br\/site\/wp-content\/uploads\/2024\/06\/WhatsApp-Image-2024-01-17-at-12.01.38-1.jpeg 1156w\" sizes=\"(max-width: 553px) 100vw, 553px\" \/><\/p>\n<p style=\"text-align: justify;\">A Escola Municipal Joaquim Nabuco, localizada no munic\u00edpio do Cabo de Santo Agostinho, teve suas tecnologias inauguradas na manh\u00e3 do dia 26 de junho. O momento foi de grande alegria para os alunos(as), professores(as), comunidade e gestores(as) que se faziam presentes no local.\u00a0\u201cFoi muito importante viver junto com meus colegas esse projeto porque podemos entender como funciona cada tecnologia e o quanto ela traz benef\u00edcios na nossa escola. Hoje n\u00e3o temos mais problema com falta de \u00e1gua\u201d, afirmou a estudante do oitavo ano, L\u00edvia\u00a0Lais.<\/p>\n<p style=\"text-align: justify;\">Al\u00e9m das instala\u00e7\u00f5es das tecnologias sociais que garantem o abastecimento de \u00e1gua e a qualidade alimentar, o projeto promoveu\u00a0 forma\u00e7\u00f5es\u00a0 sobre a conviv\u00eancia com os biomas, a seguran\u00e7a alimentar e nutricional, e a constru\u00e7\u00e3o de h\u00e1bitos alimentares saud\u00e1veis.<\/p>\n<p><img decoding=\"async\" loading=\"lazy\" class=\" wp-image-12312 aligncenter\" src=\"https:\/\/www.caritasne2.org.br\/site\/wp-content\/uploads\/2024\/06\/WhatsApp-Image-2024-06-26-at-16.33.33-300x225.jpeg\" alt=\"\" width=\"456\" height=\"342\" srcset=\"https:\/\/www.caritasne2.org.br\/site\/wp-content\/uploads\/2024\/06\/WhatsApp-Image-2024-06-26-at-16.33.33-300x225.jpeg 300w, https:\/\/www.caritasne2.org.br\/site\/wp-content\/uploads\/2024\/06\/WhatsApp-Image-2024-06-26-at-16.33.33-1024x768.jpeg 1024w, https:\/\/www.caritasne2.org.br\/site\/wp-content\/uploads\/2024\/06\/WhatsApp-Image-2024-06-26-at-16.33.33-768x576.jpeg 768w, https:\/\/www.caritasne2.org.br\/site\/wp-content\/uploads\/2024\/06\/WhatsApp-Image-2024-06-26-at-16.33.33-1536x1152.jpeg 1536w, https:\/\/www.caritasne2.org.br\/site\/wp-content\/uploads\/2024\/06\/WhatsApp-Image-2024-06-26-at-16.33.33.jpeg 1600w\" sizes=\"(max-width: 456px) 100vw, 456px\" \/><\/p>\n<p style=\"text-align: justify;\">O \u00c1guas para Educar\u00a0reflete a amplia\u00e7\u00e3o do debate sobre a import\u00e2ncia da educa\u00e7\u00e3o contextualizada e o envolvimento de toda a comunidade na constru\u00e7\u00e3o de um futuro sustent\u00e1vel, garantindo que todos tenham acesso aos recursos h\u00eddricos necess\u00e1rios para uma vida digna e saud\u00e1vel.<\/p>\n<p style=\"text-align: justify;\">O momento contou com a presen\u00e7a da comunidade escolar,\u00a0pais, alunos(as) e professores(as),\u00a0representantes\u00a0da gest\u00e3o\u00a0municipal,\u00a0da comunidade do Engenho Massangana e da Solar Coca-Cola.<\/p>\n<p style=\"text-align: justify;\"><img decoding=\"async\" loading=\"lazy\" class=\" wp-image-12315 aligncenter\" src=\"https:\/\/www.caritasne2.org.br\/site\/wp-content\/uploads\/2024\/06\/WhatsApp-Image-2024-06-27-at-14.19.01-225x300.jpeg\" alt=\"\" width=\"319\" height=\"425\" srcset=\"https:\/\/www.caritasne2.org.br\/site\/wp-content\/uploads\/2024\/06\/WhatsApp-Image-2024-06-27-at-14.19.01-225x300.jpeg 225w, https:\/\/www.caritasne2.org.br\/site\/wp-content\/uploads\/2024\/06\/WhatsApp-Image-2024-06-27-at-14.19.01-768x1024.jpeg 768w, https:\/\/www.caritasne2.org.br\/site\/wp-content\/uploads\/2024\/06\/WhatsApp-Image-2024-06-27-at-14.19.01-1152x1536.jpeg 1152w, https:\/\/www.caritasne2.org.br\/site\/wp-content\/uploads\/2024\/06\/WhatsApp-Image-2024-06-27-at-14.19.01.jpeg 1200w\" sizes=\"(max-width: 319px) 100vw, 319px\" \/><\/p>\n<p><img decoding=\"async\" loading=\"lazy\" class=\" wp-image-12317 aligncenter\" src=\"https:\/\/www.caritasne2.org.br\/site\/wp-content\/uploads\/2024\/06\/WhatsApp-Image-2024-06-26-at-16.33.34-2-300x225.jpeg\" alt=\"\" width=\"439\" height=\"329\" srcset=\"https:\/\/www.caritasne2.org.br\/site\/wp-content\/uploads\/2024\/06\/WhatsApp-Image-2024-06-26-at-16.33.34-2-300x225.jpeg 300w, https:\/\/www.caritasne2.org.br\/site\/wp-content\/uploads\/2024\/06\/WhatsApp-Image-2024-06-26-at-16.33.34-2-1024x768.jpeg 1024w, https:\/\/www.caritasne2.org.br\/site\/wp-content\/uploads\/2024\/06\/WhatsApp-Image-2024-06-26-at-16.33.34-2-768x576.jpeg 768w, https:\/\/www.caritasne2.org.br\/site\/wp-content\/uploads\/2024\/06\/WhatsApp-Image-2024-06-26-at-16.33.34-2-1536x1152.jpeg 1536w, https:\/\/www.caritasne2.org.br\/site\/wp-content\/uploads\/2024\/06\/WhatsApp-Image-2024-06-26-at-16.33.34-2.jpeg 1600w\" sizes=\"(max-width: 439px) 100vw, 439px\" \/><\/p>\n<p><img decoding=\"async\" loading=\"lazy\" class=\" wp-image-12319 aligncenter\" src=\"https:\/\/www.caritasne2.org.br\/site\/wp-content\/uploads\/2024\/06\/WhatsApp-Image-2024-06-26-at-13.30.46-300x225.jpeg\" alt=\"\" width=\"447\" height=\"335\" srcset=\"https:\/\/www.caritasne2.org.br\/site\/wp-content\/uploads\/2024\/06\/WhatsApp-Image-2024-06-26-at-13.30.46-300x225.jpeg 300w, https:\/\/www.caritasne2.org.br\/site\/wp-content\/uploads\/2024\/06\/WhatsApp-Image-2024-06-26-at-13.30.46-1024x768.jpeg 1024w, https:\/\/www.caritasne2.org.br\/site\/wp-content\/uploads\/2024\/06\/WhatsApp-Image-2024-06-26-at-13.30.46-768x576.jpeg 768w, https:\/\/www.caritasne2.org.br\/site\/wp-content\/uploads\/2024\/06\/WhatsApp-Image-2024-06-26-at-13.30.46-1536x1152.jpeg 1536w, https:\/\/www.caritasne2.org.br\/site\/wp-content\/uploads\/2024\/06\/WhatsApp-Image-2024-06-26-at-13.30.46.jpeg 1600w\" sizes=\"(max-width: 447px) 100vw, 447px\" \/><\/p>\n<ul class=\"ssb_list_wrapper\"><li class=\"fb2\" style=\"width:135px\"><iframe src=\"\/\/www.facebook.com\/plugins\/like.php?href=https%3A%2F%2Fwww.caritasne2.org.br%2Fsite%2Faguas-para-educar-promove-o-direito-a-agua-de-qualidade-e-o-uso-sustentavel%2F&amp;layout=button_count&amp;action=like&amp;show_faces=false&amp;share=true&amp;width=135&amp;height=21&amp;appId=307091639398582\" scrolling=\"no\" frameborder=\"0\" style=\"border:none; overflow:hidden;  width:150px; height:21px;\" allowTransparency=\"true\"><\/iframe><\/li><li class=\"twtr\" style=\"width:90px\"><a href=\"https:\/\/twitter.com\/share\" class=\"twitter-share-button\" data-url=\"https:\/\/www.caritasne2.org.br\/site\/aguas-para-educar-promove-o-direito-a-agua-de-qualidade-e-o-uso-sustentavel\/\">&nbsp;<\/a><script>!function(d,s,id){var js,fjs=d.getElementsByTagName(s)[0],p=\/^http:\/.test(d.location)?'http':'https';if(!d.getElementById(id)){js=d.createElement(s);js.id=id;js.src=p+':\/\/platform.twitter.com\/widgets.js';fjs.parentNode.insertBefore(js,fjs);}}(document, 'script', 'twitter-wjs');<\/script><\/li><li class=\"gplus\" style=\"width:68px\"><div class=\"g-plusone\" data-size=\"medium\" data-href=\"https:\/\/www.caritasne2.org.br\/site\/aguas-para-educar-promove-o-direito-a-agua-de-qualidade-e-o-uso-sustentavel\/\"><\/div><\/li><li class=\"ssb_linkedin\" style=\"width:64px\"><script src=\"\/\/platform.linkedin.com\/in.js\" type=\"text\/javascript\">lang: en_US<\/script><script type=\"IN\/Share\" data-url=\"https:\/\/www.caritasne2.org.br\/site\/aguas-para-educar-promove-o-direito-a-agua-de-qualidade-e-o-uso-sustentavel\/\" data-counter=\"right\"><\/script><\/li><\/ul>","protected":false},"excerpt":{"rendered":"<p>Em alinhamento com os Objetivos de Desenvolvimento Sustent\u00e1vel (ODS), especificamente o ODS 6, que visa &#8220;assegurar a disponibilidade e gest\u00e3o sustent\u00e1vel da \u00e1gua e saneamento para todos e todas&#8221;, a C\u00e1ritas Regional Nordeste 2 executa o Projeto \u00c1guas para Educar, em escolas municipais no Cabo de Santo Agostinho (PE), uma a\u00e7\u00e3o voltada para disponibilizar \u00e1gua \u00e0s escolas que enfrentam dificuldades de acesso localmente. O projeto [&hellip;]<\/p>\n<ul class=\"ssb_list_wrapper\"><li class=\"fb2\" style=\"width:135px\"><iframe src=\"\/\/www.facebook.com\/plugins\/like.php?href=https%3A%2F%2Fwww.caritasne2.org.br%2Fsite%2Faguas-para-educar-promove-o-direito-a-agua-de-qualidade-e-o-uso-sustentavel%2F&amp;layout=button_count&amp;action=like&amp;show_faces=false&amp;share=true&amp;width=135&amp;height=21&amp;appId=307091639398582\" scrolling=\"no\" frameborder=\"0\" style=\"border:none; overflow:hidden;  width:150px; height:21px;\" allowTransparency=\"true\"><\/iframe><\/li><li class=\"twtr\" style=\"width:90px\"><a href=\"https:\/\/twitter.com\/share\" class=\"twitter-share-button\" data-url=\"https:\/\/www.caritasne2.org.br\/site\/aguas-para-educar-promove-o-direito-a-agua-de-qualidade-e-o-uso-sustentavel\/\">&nbsp;<\/a><script>!function(d,s,id){var js,fjs=d.getElementsByTagName(s)[0],p=\/^http:\/.test(d.location)?'http':'https';if(!d.getElementById(id)){js=d.createElement(s);js.id=id;js.src=p+':\/\/platform.twitter.com\/widgets.js';fjs.parentNode.insertBefore(js,fjs);}}(document, 'script', 'twitter-wjs');<\/script><\/li><li class=\"gplus\" style=\"width:68px\"><div class=\"g-plusone\" data-size=\"medium\" data-href=\"https:\/\/www.caritasne2.org.br\/site\/aguas-para-educar-promove-o-direito-a-agua-de-qualidade-e-o-uso-sustentavel\/\"><\/div><\/li><li class=\"ssb_linkedin\" style=\"width:64px\"><script src=\"\/\/platform.linkedin.com\/in.js\" type=\"text\/javascript\">lang: en_US<\/script><script type=\"IN\/Share\" data-url=\"https:\/\/www.caritasne2.org.br\/site\/aguas-para-educar-promove-o-direito-a-agua-de-qualidade-e-o-uso-sustentavel\/\" data-counter=\"right\"><\/script><\/li><\/ul>","protected":false},"author":4,"featured_media":12311,"comment_status":"open","ping_status":"open","sticky":false,"template":"","format":"standard","meta":[],"categories":[21,20],"tags":[],"_links":{"self":[{"href":"https:\/\/www.caritasne2.org.br\/site\/wp-json\/wp\/v2\/posts\/12307"}],"collection":[{"href":"https:\/\/www.caritasne2.org.br\/site\/wp-json\/wp\/v2\/posts"}],"about":[{"href":"https:\/\/www.caritasne2.org.br\/site\/wp-json\/wp\/v2\/types\/post"}],"author":[{"embeddable":true,"href":"https:\/\/www.caritasne2.org.br\/site\/wp-json\/wp\/v2\/users\/4"}],"replies":[{"embeddable":true,"href":"https:\/\/www.caritasne2.org.br\/site\/wp-json\/wp\/v2\/comments?post=12307"}],"version-history":[{"count":3,"href":"https:\/\/www.caritasne2.org.br\/site\/wp-json\/wp\/v2\/posts\/12307\/revisions"}],"predecessor-version":[{"id":12323,"href":"https:\/\/www.caritasne2.org.br\/site\/wp-json\/wp\/v2\/posts\/12307\/revisions\/12323"}],"wp:featuredmedia":[{"embeddable":true,"href":"https:\/\/www.caritasne2.org.br\/site\/wp-json\/wp\/v2\/media\/12311"}],"wp:attachment":[{"href":"https:\/\/www.caritasne2.org.br\/site\/wp-json\/wp\/v2\/media?parent=12307"}],"wp:term":[{"taxonomy":"category","embeddable":true,"href":"https:\/\/www.caritasne2.org.br\/site\/wp-json\/wp\/v2\/categories?post=12307"},{"taxonomy":"post_tag","embeddable":true,"href":"https:\/\/www.caritasne2.org.br\/site\/wp-json\/wp\/v2\/tags?post=12307"}],"curies":[{"name":"wp","href":"https:\/\/api.w.org\/{rel}","templated":true}]}}