{"id":12287,"date":"2024-06-13T11:27:00","date_gmt":"2024-06-13T14:27:00","guid":{"rendered":"https:\/\/www.caritasne2.org.br\/site\/?p=12287"},"modified":"2024-06-13T11:31:39","modified_gmt":"2024-06-13T14:31:39","slug":"um-novo-recomeco-e-marcado-na-vida-dos-empreendedores-migrantes-com-o-fundo-de-credito-solidario","status":"publish","type":"post","link":"https:\/\/www.caritasne2.org.br\/site\/um-novo-recomeco-e-marcado-na-vida-dos-empreendedores-migrantes-com-o-fundo-de-credito-solidario\/","title":{"rendered":"Um novo recome\u00e7o \u00e9 marcado na vida dos empreendedores migrantes com o Fundo de Cr\u00e9dito Solid\u00e1rio"},"content":{"rendered":"<p style=\"text-align: justify;\">\u201cQueira. Basta ser sincero e desejar profundo.\u00a0Voc\u00ea ser\u00e1 capaz de sacudir o mundo.\u00a0Vai, tente outra vez.\u201d Trecho da can\u00e7\u00e3o de Raul Seixas pode definir um recome\u00e7ar para os migrantes que chegam no territ\u00f3rio brasileiro. Segundo a \u00a0Plataforma R4V, o Brasil \u00e9 o quinto pa\u00eds que mais acolhe venezuelanos.\u00a0Em sua grande maioria, saem dos seus territ\u00f3rios por quest\u00f5es socioecon\u00f4micas na busca de conseguir uma nova oportunidade de trabalho, sendo empreendendo ou como celetista.<\/p>\n<p style=\"text-align: justify;\">Nos estados de atua\u00e7\u00e3o da C\u00e1ritas Regional Nordeste 2 (CBNE2); Pernambuco, Alagoas, Para\u00edba e Rio Grande do Norte, j\u00e1 se v\u00ea uma realidade na busca por emprego ou orienta\u00e7\u00e3o para seus empreendimentos. Diante dessa realidade, o Programa de Migra\u00e7\u00e3o e Ref\u00fagio da CBNE2 \u00a0assessora migrantes empreendedores.<\/p>\n<p style=\"text-align: justify;\">Na \u00faltima quarta-feira, 11,\u00a0o\u00a0Empreende Migrante Comit\u00ea (EMC), \u00a0agentes C\u00e1ritas do Programa de Migra\u00e7\u00e3o e Ref\u00fagio e os migrantes, se reuniram na\u00a0Casa de Direitos de Pernambuco\u00a0para um momento de apresenta\u00e7\u00e3o e assinatura do termo de contrato do Fundo de Cr\u00e9dito Solid\u00e1rio\u00a0, em parceria com a \u00a0Funda\u00e7\u00e3o Interamericana (IAF), atrav\u00e9s do Projeto Creciendo.<\/p>\n<p style=\"text-align: justify;\"><img decoding=\"async\" loading=\"lazy\" class=\" wp-image-12289 aligncenter\" src=\"https:\/\/www.caritasne2.org.br\/site\/wp-content\/uploads\/2024\/06\/WhatsApp-Image-2024-06-11-at-19.24.50-1-300x225.jpeg\" alt=\"\" width=\"495\" height=\"371\" srcset=\"https:\/\/www.caritasne2.org.br\/site\/wp-content\/uploads\/2024\/06\/WhatsApp-Image-2024-06-11-at-19.24.50-1-300x225.jpeg 300w, https:\/\/www.caritasne2.org.br\/site\/wp-content\/uploads\/2024\/06\/WhatsApp-Image-2024-06-11-at-19.24.50-1-1024x768.jpeg 1024w, https:\/\/www.caritasne2.org.br\/site\/wp-content\/uploads\/2024\/06\/WhatsApp-Image-2024-06-11-at-19.24.50-1-768x576.jpeg 768w, https:\/\/www.caritasne2.org.br\/site\/wp-content\/uploads\/2024\/06\/WhatsApp-Image-2024-06-11-at-19.24.50-1-1536x1152.jpeg 1536w, https:\/\/www.caritasne2.org.br\/site\/wp-content\/uploads\/2024\/06\/WhatsApp-Image-2024-06-11-at-19.24.50-1.jpeg 1600w\" sizes=\"(max-width: 495px) 100vw, 495px\" \/><\/p>\n<p><img decoding=\"async\" loading=\"lazy\" class=\" wp-image-12290 aligncenter\" src=\"https:\/\/www.caritasne2.org.br\/site\/wp-content\/uploads\/2024\/06\/WhatsApp-Image-2024-06-11-at-19.24.51-4-300x225.jpeg\" alt=\"\" width=\"491\" height=\"368\" srcset=\"https:\/\/www.caritasne2.org.br\/site\/wp-content\/uploads\/2024\/06\/WhatsApp-Image-2024-06-11-at-19.24.51-4-300x225.jpeg 300w, https:\/\/www.caritasne2.org.br\/site\/wp-content\/uploads\/2024\/06\/WhatsApp-Image-2024-06-11-at-19.24.51-4-1024x768.jpeg 1024w, https:\/\/www.caritasne2.org.br\/site\/wp-content\/uploads\/2024\/06\/WhatsApp-Image-2024-06-11-at-19.24.51-4-768x576.jpeg 768w, https:\/\/www.caritasne2.org.br\/site\/wp-content\/uploads\/2024\/06\/WhatsApp-Image-2024-06-11-at-19.24.51-4-1536x1152.jpeg 1536w, https:\/\/www.caritasne2.org.br\/site\/wp-content\/uploads\/2024\/06\/WhatsApp-Image-2024-06-11-at-19.24.51-4.jpeg 1600w\" sizes=\"(max-width: 491px) 100vw, 491px\" \/><\/p>\n<p style=\"text-align: justify;\">Os sete empreendimentos selecionados passaram por um processo de entrevista, avalia\u00e7\u00e3o dos planos de neg\u00f3cios e sele\u00e7\u00e3o das propostas para chegarem \u00e0 aprova\u00e7\u00e3o. Os migrantes estavam bem entusiasmados(as) e esperan\u00e7osos(as) pelo apoio aos seus empreendimentos, j\u00e1 que alguns estavam sem conseguir dar continuidade pela aus\u00eancia de recursos para insumos, por exemplo.<\/p>\n<p style=\"text-align: justify;\">\u201cCheguei em Recife em 2021 e comecei vendendo tequenhos na praia. Vi que seria um meio de sustento, e atualmente, estou morando em Macei\u00f3 e tenho um neg\u00f3cio chamado\u00a0Tequenhos do\u00a0Rey, onde esse fundo venho numa hora importante para que eu possa investir em insumos e dar continuidade ao meu empreendimento que funciona minha casa no formato delivery\u201d, contou Luiz Brabo.<\/p>\n<p style=\"text-align: justify;\">Ao final, houve a formaliza\u00e7\u00e3o com a assinatura dos termos do contrato. Mais um \u00a0importante passo na vida dos migrantes empreendedores que trazem consigo f\u00e9 e esperan\u00e7a para este novo momento.<\/p>\n<p><img decoding=\"async\" loading=\"lazy\" class=\" wp-image-12291 aligncenter\" src=\"https:\/\/www.caritasne2.org.br\/site\/wp-content\/uploads\/2024\/06\/WhatsApp-Image-2024-06-11-at-19.24.52-2-225x300.jpeg\" alt=\"\" width=\"337\" height=\"449\" srcset=\"https:\/\/www.caritasne2.org.br\/site\/wp-content\/uploads\/2024\/06\/WhatsApp-Image-2024-06-11-at-19.24.52-2-225x300.jpeg 225w, https:\/\/www.caritasne2.org.br\/site\/wp-content\/uploads\/2024\/06\/WhatsApp-Image-2024-06-11-at-19.24.52-2-768x1024.jpeg 768w, https:\/\/www.caritasne2.org.br\/site\/wp-content\/uploads\/2024\/06\/WhatsApp-Image-2024-06-11-at-19.24.52-2-1152x1536.jpeg 1152w, https:\/\/www.caritasne2.org.br\/site\/wp-content\/uploads\/2024\/06\/WhatsApp-Image-2024-06-11-at-19.24.52-2.jpeg 1200w\" sizes=\"(max-width: 337px) 100vw, 337px\" \/><\/p>\n<p><img decoding=\"async\" loading=\"lazy\" class=\" wp-image-12292 aligncenter\" src=\"https:\/\/www.caritasne2.org.br\/site\/wp-content\/uploads\/2024\/06\/WhatsApp-Image-2024-06-11-at-19.24.54-4-225x300.jpeg\" alt=\"\" width=\"312\" height=\"416\" srcset=\"https:\/\/www.caritasne2.org.br\/site\/wp-content\/uploads\/2024\/06\/WhatsApp-Image-2024-06-11-at-19.24.54-4-225x300.jpeg 225w, https:\/\/www.caritasne2.org.br\/site\/wp-content\/uploads\/2024\/06\/WhatsApp-Image-2024-06-11-at-19.24.54-4-768x1024.jpeg 768w, https:\/\/www.caritasne2.org.br\/site\/wp-content\/uploads\/2024\/06\/WhatsApp-Image-2024-06-11-at-19.24.54-4-1152x1536.jpeg 1152w, https:\/\/www.caritasne2.org.br\/site\/wp-content\/uploads\/2024\/06\/WhatsApp-Image-2024-06-11-at-19.24.54-4.jpeg 1200w\" sizes=\"(max-width: 312px) 100vw, 312px\" \/><\/p>\n<p><img decoding=\"async\" loading=\"lazy\" class=\" wp-image-12293 aligncenter\" src=\"https:\/\/www.caritasne2.org.br\/site\/wp-content\/uploads\/2024\/06\/WhatsApp-Image-2024-06-11-at-19.24.55-2-233x300.jpeg\" alt=\"\" width=\"296\" height=\"381\" srcset=\"https:\/\/www.caritasne2.org.br\/site\/wp-content\/uploads\/2024\/06\/WhatsApp-Image-2024-06-11-at-19.24.55-2-233x300.jpeg 233w, https:\/\/www.caritasne2.org.br\/site\/wp-content\/uploads\/2024\/06\/WhatsApp-Image-2024-06-11-at-19.24.55-2-794x1024.jpeg 794w, https:\/\/www.caritasne2.org.br\/site\/wp-content\/uploads\/2024\/06\/WhatsApp-Image-2024-06-11-at-19.24.55-2-768x991.jpeg 768w, https:\/\/www.caritasne2.org.br\/site\/wp-content\/uploads\/2024\/06\/WhatsApp-Image-2024-06-11-at-19.24.55-2-1190x1536.jpeg 1190w, https:\/\/www.caritasne2.org.br\/site\/wp-content\/uploads\/2024\/06\/WhatsApp-Image-2024-06-11-at-19.24.55-2-169x219.jpeg 169w, https:\/\/www.caritasne2.org.br\/site\/wp-content\/uploads\/2024\/06\/WhatsApp-Image-2024-06-11-at-19.24.55-2.jpeg 1240w\" sizes=\"(max-width: 296px) 100vw, 296px\" \/><\/p>\n<p><img decoding=\"async\" loading=\"lazy\" class=\" wp-image-12294 aligncenter\" src=\"https:\/\/www.caritasne2.org.br\/site\/wp-content\/uploads\/2024\/06\/WhatsApp-Image-2024-06-11-at-19.24.56-2-300x225.jpeg\" alt=\"\" width=\"445\" height=\"334\" srcset=\"https:\/\/www.caritasne2.org.br\/site\/wp-content\/uploads\/2024\/06\/WhatsApp-Image-2024-06-11-at-19.24.56-2-300x225.jpeg 300w, https:\/\/www.caritasne2.org.br\/site\/wp-content\/uploads\/2024\/06\/WhatsApp-Image-2024-06-11-at-19.24.56-2-1024x768.jpeg 1024w, https:\/\/www.caritasne2.org.br\/site\/wp-content\/uploads\/2024\/06\/WhatsApp-Image-2024-06-11-at-19.24.56-2-768x576.jpeg 768w, https:\/\/www.caritasne2.org.br\/site\/wp-content\/uploads\/2024\/06\/WhatsApp-Image-2024-06-11-at-19.24.56-2-1536x1152.jpeg 1536w, https:\/\/www.caritasne2.org.br\/site\/wp-content\/uploads\/2024\/06\/WhatsApp-Image-2024-06-11-at-19.24.56-2.jpeg 1600w\" sizes=\"(max-width: 445px) 100vw, 445px\" \/><\/p>\n<ul class=\"ssb_list_wrapper\"><li class=\"fb2\" style=\"width:135px\"><iframe src=\"\/\/www.facebook.com\/plugins\/like.php?href=https%3A%2F%2Fwww.caritasne2.org.br%2Fsite%2Fum-novo-recomeco-e-marcado-na-vida-dos-empreendedores-migrantes-com-o-fundo-de-credito-solidario%2F&amp;layout=button_count&amp;action=like&amp;show_faces=false&amp;share=true&amp;width=135&amp;height=21&amp;appId=307091639398582\" scrolling=\"no\" frameborder=\"0\" style=\"border:none; overflow:hidden;  width:150px; height:21px;\" allowTransparency=\"true\"><\/iframe><\/li><li class=\"twtr\" style=\"width:90px\"><a href=\"https:\/\/twitter.com\/share\" class=\"twitter-share-button\" data-url=\"https:\/\/www.caritasne2.org.br\/site\/um-novo-recomeco-e-marcado-na-vida-dos-empreendedores-migrantes-com-o-fundo-de-credito-solidario\/\">&nbsp;<\/a><script>!function(d,s,id){var js,fjs=d.getElementsByTagName(s)[0],p=\/^http:\/.test(d.location)?'http':'https';if(!d.getElementById(id)){js=d.createElement(s);js.id=id;js.src=p+':\/\/platform.twitter.com\/widgets.js';fjs.parentNode.insertBefore(js,fjs);}}(document, 'script', 'twitter-wjs');<\/script><\/li><li class=\"gplus\" style=\"width:68px\"><div class=\"g-plusone\" data-size=\"medium\" data-href=\"https:\/\/www.caritasne2.org.br\/site\/um-novo-recomeco-e-marcado-na-vida-dos-empreendedores-migrantes-com-o-fundo-de-credito-solidario\/\"><\/div><\/li><li class=\"ssb_linkedin\" style=\"width:64px\"><script src=\"\/\/platform.linkedin.com\/in.js\" type=\"text\/javascript\">lang: en_US<\/script><script type=\"IN\/Share\" data-url=\"https:\/\/www.caritasne2.org.br\/site\/um-novo-recomeco-e-marcado-na-vida-dos-empreendedores-migrantes-com-o-fundo-de-credito-solidario\/\" data-counter=\"right\"><\/script><\/li><\/ul>","protected":false},"excerpt":{"rendered":"<p>\u201cQueira. Basta ser sincero e desejar profundo.\u00a0Voc\u00ea ser\u00e1 capaz de sacudir o mundo.\u00a0Vai, tente outra vez.\u201d Trecho da can\u00e7\u00e3o de Raul Seixas pode definir um recome\u00e7ar para os migrantes que chegam no territ\u00f3rio brasileiro. Segundo a \u00a0Plataforma R4V, o Brasil \u00e9 o quinto pa\u00eds que mais acolhe venezuelanos.\u00a0Em sua grande maioria, saem dos seus territ\u00f3rios por quest\u00f5es socioecon\u00f4micas na busca de conseguir uma nova oportunidade [&hellip;]<\/p>\n<ul class=\"ssb_list_wrapper\"><li class=\"fb2\" style=\"width:135px\"><iframe src=\"\/\/www.facebook.com\/plugins\/like.php?href=https%3A%2F%2Fwww.caritasne2.org.br%2Fsite%2Fum-novo-recomeco-e-marcado-na-vida-dos-empreendedores-migrantes-com-o-fundo-de-credito-solidario%2F&amp;layout=button_count&amp;action=like&amp;show_faces=false&amp;share=true&amp;width=135&amp;height=21&amp;appId=307091639398582\" scrolling=\"no\" frameborder=\"0\" style=\"border:none; overflow:hidden;  width:150px; height:21px;\" allowTransparency=\"true\"><\/iframe><\/li><li class=\"twtr\" style=\"width:90px\"><a href=\"https:\/\/twitter.com\/share\" class=\"twitter-share-button\" data-url=\"https:\/\/www.caritasne2.org.br\/site\/um-novo-recomeco-e-marcado-na-vida-dos-empreendedores-migrantes-com-o-fundo-de-credito-solidario\/\">&nbsp;<\/a><script>!function(d,s,id){var js,fjs=d.getElementsByTagName(s)[0],p=\/^http:\/.test(d.location)?'http':'https';if(!d.getElementById(id)){js=d.createElement(s);js.id=id;js.src=p+':\/\/platform.twitter.com\/widgets.js';fjs.parentNode.insertBefore(js,fjs);}}(document, 'script', 'twitter-wjs');<\/script><\/li><li class=\"gplus\" style=\"width:68px\"><div class=\"g-plusone\" data-size=\"medium\" data-href=\"https:\/\/www.caritasne2.org.br\/site\/um-novo-recomeco-e-marcado-na-vida-dos-empreendedores-migrantes-com-o-fundo-de-credito-solidario\/\"><\/div><\/li><li class=\"ssb_linkedin\" style=\"width:64px\"><script src=\"\/\/platform.linkedin.com\/in.js\" type=\"text\/javascript\">lang: en_US<\/script><script type=\"IN\/Share\" data-url=\"https:\/\/www.caritasne2.org.br\/site\/um-novo-recomeco-e-marcado-na-vida-dos-empreendedores-migrantes-com-o-fundo-de-credito-solidario\/\" data-counter=\"right\"><\/script><\/li><\/ul>","protected":false},"author":4,"featured_media":12288,"comment_status":"open","ping_status":"open","sticky":false,"template":"","format":"standard","meta":[],"categories":[21,20],"tags":[],"_links":{"self":[{"href":"https:\/\/www.caritasne2.org.br\/site\/wp-json\/wp\/v2\/posts\/12287"}],"collection":[{"href":"https:\/\/www.caritasne2.org.br\/site\/wp-json\/wp\/v2\/posts"}],"about":[{"href":"https:\/\/www.caritasne2.org.br\/site\/wp-json\/wp\/v2\/types\/post"}],"author":[{"embeddable":true,"href":"https:\/\/www.caritasne2.org.br\/site\/wp-json\/wp\/v2\/users\/4"}],"replies":[{"embeddable":true,"href":"https:\/\/www.caritasne2.org.br\/site\/wp-json\/wp\/v2\/comments?post=12287"}],"version-history":[{"count":2,"href":"https:\/\/www.caritasne2.org.br\/site\/wp-json\/wp\/v2\/posts\/12287\/revisions"}],"predecessor-version":[{"id":12296,"href":"https:\/\/www.caritasne2.org.br\/site\/wp-json\/wp\/v2\/posts\/12287\/revisions\/12296"}],"wp:featuredmedia":[{"embeddable":true,"href":"https:\/\/www.caritasne2.org.br\/site\/wp-json\/wp\/v2\/media\/12288"}],"wp:attachment":[{"href":"https:\/\/www.caritasne2.org.br\/site\/wp-json\/wp\/v2\/media?parent=12287"}],"wp:term":[{"taxonomy":"category","embeddable":true,"href":"https:\/\/www.caritasne2.org.br\/site\/wp-json\/wp\/v2\/categories?post=12287"},{"taxonomy":"post_tag","embeddable":true,"href":"https:\/\/www.caritasne2.org.br\/site\/wp-json\/wp\/v2\/tags?post=12287"}],"curies":[{"name":"wp","href":"https:\/\/api.w.org\/{rel}","templated":true}]}}