{"id":12276,"date":"2024-06-11T11:23:15","date_gmt":"2024-06-11T14:23:15","guid":{"rendered":"https:\/\/www.caritasne2.org.br\/site\/?p=12276"},"modified":"2024-06-13T12:10:26","modified_gmt":"2024-06-13T15:10:26","slug":"agricultores-e-agricultoras-familiares-retomam-com-forca-a-producao-de-alimentos-no-semiarido-pernambucano","status":"publish","type":"post","link":"https:\/\/www.caritasne2.org.br\/site\/agricultores-e-agricultoras-familiares-retomam-com-forca-a-producao-de-alimentos-no-semiarido-pernambucano\/","title":{"rendered":"Agricultores e agricultoras familiares retomam com for\u00e7a a produ\u00e7\u00e3o de alimentos no semi\u00e1rido pernambucano"},"content":{"rendered":"<p style=\"text-align: justify;\">Com a chegada das chuvas, as fam\u00edlias est\u00e3o retomando o processo de produ\u00e7\u00e3o de alimentos, e, ap\u00f3s as implementa\u00e7\u00f5es das tecnologias sociais de conviv\u00eancia com o semi\u00e1rido no agreste meridional e toda a regi\u00e3o semi\u00e1rida, agricultores e agricultoras t\u00eam retomado a produ\u00e7\u00e3o de alimentos de forma limpa, sem agroqu\u00edmicos, evitando queimadas e desmatamentos, e protegendo cada vez mais o meio ambiente.<\/p>\n<p style=\"text-align: justify;\">Por meio do Programa Cisternas,\u00a0a C\u00e1ritas Brasileira Nordeste 2 (CBNE2) e C\u00e1ritas Diocesana de Garanhuns est\u00e3o implementando cisternas com capacidade de 16 mil litros nos munic\u00edpios de Caet\u00e9s, Paranatama, Capoeiras e Terezinha,\u00a0atendendo 584 fam\u00edlias\u00a0chegando aproximadamente a 2 mil pessoas.<\/p>\n<p><img decoding=\"async\" loading=\"lazy\" class=\" wp-image-12279 aligncenter\" src=\"https:\/\/www.caritasne2.org.br\/site\/wp-content\/uploads\/2024\/06\/WhatsApp-Image-2024-06-07-at-15.54.39-300x225.jpeg\" alt=\"\" width=\"455\" height=\"341\" srcset=\"https:\/\/www.caritasne2.org.br\/site\/wp-content\/uploads\/2024\/06\/WhatsApp-Image-2024-06-07-at-15.54.39-300x225.jpeg 300w, https:\/\/www.caritasne2.org.br\/site\/wp-content\/uploads\/2024\/06\/WhatsApp-Image-2024-06-07-at-15.54.39-1024x768.jpeg 1024w, https:\/\/www.caritasne2.org.br\/site\/wp-content\/uploads\/2024\/06\/WhatsApp-Image-2024-06-07-at-15.54.39-768x576.jpeg 768w, https:\/\/www.caritasne2.org.br\/site\/wp-content\/uploads\/2024\/06\/WhatsApp-Image-2024-06-07-at-15.54.39-1536x1152.jpeg 1536w, https:\/\/www.caritasne2.org.br\/site\/wp-content\/uploads\/2024\/06\/WhatsApp-Image-2024-06-07-at-15.54.39.jpeg 1600w\" sizes=\"(max-width: 455px) 100vw, 455px\" \/><\/p>\n<p style=\"text-align: justify;\">No munic\u00edpio de Paranatama, a casa de seu Luiz Estev\u00e3o e dona Gildete de Carvalho, desde o in\u00edcio do per\u00edodo das chuvas, a fam\u00edlia est\u00e1 retomando a produ\u00e7\u00e3o ao redor de casa na perspectiva de ter uma alimenta\u00e7\u00e3o produzida de forma natural, livre de contamina\u00e7\u00e3o, utilizando os pr\u00f3prios recursos da propriedade para prote\u00e7\u00e3o de solo e vegeta\u00e7\u00e3o. Hoje a fam\u00edlia tem cria\u00e7\u00e3o de vacas, galinhas, produ\u00e7\u00e3o de mel e est\u00e1 iniciando na cria\u00e7\u00e3o de abelhas \u00e1pice.<\/p>\n<p><img decoding=\"async\" loading=\"lazy\" class=\" wp-image-12277 aligncenter\" src=\"https:\/\/www.caritasne2.org.br\/site\/wp-content\/uploads\/2024\/06\/WhatsApp-Image-2024-06-07-at-15.53.28-1-300x169.jpeg\" alt=\"\" width=\"485\" height=\"273\" srcset=\"https:\/\/www.caritasne2.org.br\/site\/wp-content\/uploads\/2024\/06\/WhatsApp-Image-2024-06-07-at-15.53.28-1-300x169.jpeg 300w, https:\/\/www.caritasne2.org.br\/site\/wp-content\/uploads\/2024\/06\/WhatsApp-Image-2024-06-07-at-15.53.28-1-1024x576.jpeg 1024w, https:\/\/www.caritasne2.org.br\/site\/wp-content\/uploads\/2024\/06\/WhatsApp-Image-2024-06-07-at-15.53.28-1-768x432.jpeg 768w, https:\/\/www.caritasne2.org.br\/site\/wp-content\/uploads\/2024\/06\/WhatsApp-Image-2024-06-07-at-15.53.28-1-1536x864.jpeg 1536w, https:\/\/www.caritasne2.org.br\/site\/wp-content\/uploads\/2024\/06\/WhatsApp-Image-2024-06-07-at-15.53.28-1-588x330.jpeg 588w, https:\/\/www.caritasne2.org.br\/site\/wp-content\/uploads\/2024\/06\/WhatsApp-Image-2024-06-07-at-15.53.28-1.jpeg 1600w\" sizes=\"(max-width: 485px) 100vw, 485px\" \/><\/p>\n<p style=\"text-align: justify;\">\u201cTenho aproveitado o m\u00e1ximo a cisterna cal\u00e7ad\u00e3o para fazer minhas planta\u00e7\u00f5es. Fiz ao redor dela uma grande mandala de feij\u00e3o. Tamb\u00e9m costumo sempre estar preservando a natureza plantando \u00e1rvores, n\u00e3o fazendo queimadas e nem utilizando produtos qu\u00edmicos\u201d, afirmou seu Luiz.<\/p>\n<p style=\"text-align: justify;\">A produ\u00e7\u00e3o tem proporcionado \u00e0 fam\u00edlia acesso a uma alimenta\u00e7\u00e3o saud\u00e1vel que \u00e9 um direito, al\u00e9m de exercer conviv\u00eancia com o semi\u00e1rido, na busca da sustentabilidade e bem viver das fam\u00edlias e na defesa de toda forma de vida na preserva\u00e7\u00e3o ambiental.\u00a0Nesta semana do meio ambiente o programa tem valorizado e registrado as experi\u00eancias, e boas pr\u00e1ticas deste setor de produ\u00e7\u00e3o que p\u00f5e mais de 70% dos alimentos consumidos no pa\u00eds.<\/p>\n<p><img decoding=\"async\" loading=\"lazy\" class=\" wp-image-12280 aligncenter\" src=\"https:\/\/www.caritasne2.org.br\/site\/wp-content\/uploads\/2024\/06\/WhatsApp-Image-2024-06-07-at-15.53.25-1-300x225.jpeg\" alt=\"\" width=\"480\" height=\"360\" srcset=\"https:\/\/www.caritasne2.org.br\/site\/wp-content\/uploads\/2024\/06\/WhatsApp-Image-2024-06-07-at-15.53.25-1-300x225.jpeg 300w, https:\/\/www.caritasne2.org.br\/site\/wp-content\/uploads\/2024\/06\/WhatsApp-Image-2024-06-07-at-15.53.25-1-1024x768.jpeg 1024w, https:\/\/www.caritasne2.org.br\/site\/wp-content\/uploads\/2024\/06\/WhatsApp-Image-2024-06-07-at-15.53.25-1-768x576.jpeg 768w, https:\/\/www.caritasne2.org.br\/site\/wp-content\/uploads\/2024\/06\/WhatsApp-Image-2024-06-07-at-15.53.25-1.jpeg 1280w\" sizes=\"(max-width: 480px) 100vw, 480px\" \/><\/p>\n<p><img decoding=\"async\" loading=\"lazy\" class=\" wp-image-12281 aligncenter\" src=\"https:\/\/www.caritasne2.org.br\/site\/wp-content\/uploads\/2024\/06\/WhatsApp-Image-2024-06-07-at-15.53.25-2-300x225.jpeg\" alt=\"\" width=\"483\" height=\"362\" srcset=\"https:\/\/www.caritasne2.org.br\/site\/wp-content\/uploads\/2024\/06\/WhatsApp-Image-2024-06-07-at-15.53.25-2-300x225.jpeg 300w, https:\/\/www.caritasne2.org.br\/site\/wp-content\/uploads\/2024\/06\/WhatsApp-Image-2024-06-07-at-15.53.25-2-1024x768.jpeg 1024w, https:\/\/www.caritasne2.org.br\/site\/wp-content\/uploads\/2024\/06\/WhatsApp-Image-2024-06-07-at-15.53.25-2-768x576.jpeg 768w, https:\/\/www.caritasne2.org.br\/site\/wp-content\/uploads\/2024\/06\/WhatsApp-Image-2024-06-07-at-15.53.25-2.jpeg 1280w\" sizes=\"(max-width: 483px) 100vw, 483px\" \/><\/p>\n<ul class=\"ssb_list_wrapper\"><li class=\"fb2\" style=\"width:135px\"><iframe src=\"\/\/www.facebook.com\/plugins\/like.php?href=https%3A%2F%2Fwww.caritasne2.org.br%2Fsite%2Fagricultores-e-agricultoras-familiares-retomam-com-forca-a-producao-de-alimentos-no-semiarido-pernambucano%2F&amp;layout=button_count&amp;action=like&amp;show_faces=false&amp;share=true&amp;width=135&amp;height=21&amp;appId=307091639398582\" scrolling=\"no\" frameborder=\"0\" style=\"border:none; overflow:hidden;  width:150px; height:21px;\" allowTransparency=\"true\"><\/iframe><\/li><li class=\"twtr\" style=\"width:90px\"><a href=\"https:\/\/twitter.com\/share\" class=\"twitter-share-button\" data-url=\"https:\/\/www.caritasne2.org.br\/site\/agricultores-e-agricultoras-familiares-retomam-com-forca-a-producao-de-alimentos-no-semiarido-pernambucano\/\">&nbsp;<\/a><script>!function(d,s,id){var js,fjs=d.getElementsByTagName(s)[0],p=\/^http:\/.test(d.location)?'http':'https';if(!d.getElementById(id)){js=d.createElement(s);js.id=id;js.src=p+':\/\/platform.twitter.com\/widgets.js';fjs.parentNode.insertBefore(js,fjs);}}(document, 'script', 'twitter-wjs');<\/script><\/li><li class=\"gplus\" style=\"width:68px\"><div class=\"g-plusone\" data-size=\"medium\" data-href=\"https:\/\/www.caritasne2.org.br\/site\/agricultores-e-agricultoras-familiares-retomam-com-forca-a-producao-de-alimentos-no-semiarido-pernambucano\/\"><\/div><\/li><li class=\"ssb_linkedin\" style=\"width:64px\"><script src=\"\/\/platform.linkedin.com\/in.js\" type=\"text\/javascript\">lang: en_US<\/script><script type=\"IN\/Share\" data-url=\"https:\/\/www.caritasne2.org.br\/site\/agricultores-e-agricultoras-familiares-retomam-com-forca-a-producao-de-alimentos-no-semiarido-pernambucano\/\" data-counter=\"right\"><\/script><\/li><\/ul>","protected":false},"excerpt":{"rendered":"<p>Com a chegada das chuvas, as fam\u00edlias est\u00e3o retomando o processo de produ\u00e7\u00e3o de alimentos, e, ap\u00f3s as implementa\u00e7\u00f5es das tecnologias sociais de conviv\u00eancia com o semi\u00e1rido no agreste meridional e toda a regi\u00e3o semi\u00e1rida, agricultores e agricultoras t\u00eam retomado a produ\u00e7\u00e3o de alimentos de forma limpa, sem agroqu\u00edmicos, evitando queimadas e desmatamentos, e protegendo cada vez mais o meio ambiente. Por meio do Programa [&hellip;]<\/p>\n<ul class=\"ssb_list_wrapper\"><li class=\"fb2\" style=\"width:135px\"><iframe src=\"\/\/www.facebook.com\/plugins\/like.php?href=https%3A%2F%2Fwww.caritasne2.org.br%2Fsite%2Fagricultores-e-agricultoras-familiares-retomam-com-forca-a-producao-de-alimentos-no-semiarido-pernambucano%2F&amp;layout=button_count&amp;action=like&amp;show_faces=false&amp;share=true&amp;width=135&amp;height=21&amp;appId=307091639398582\" scrolling=\"no\" frameborder=\"0\" style=\"border:none; overflow:hidden;  width:150px; height:21px;\" allowTransparency=\"true\"><\/iframe><\/li><li class=\"twtr\" style=\"width:90px\"><a href=\"https:\/\/twitter.com\/share\" class=\"twitter-share-button\" data-url=\"https:\/\/www.caritasne2.org.br\/site\/agricultores-e-agricultoras-familiares-retomam-com-forca-a-producao-de-alimentos-no-semiarido-pernambucano\/\">&nbsp;<\/a><script>!function(d,s,id){var js,fjs=d.getElementsByTagName(s)[0],p=\/^http:\/.test(d.location)?'http':'https';if(!d.getElementById(id)){js=d.createElement(s);js.id=id;js.src=p+':\/\/platform.twitter.com\/widgets.js';fjs.parentNode.insertBefore(js,fjs);}}(document, 'script', 'twitter-wjs');<\/script><\/li><li class=\"gplus\" style=\"width:68px\"><div class=\"g-plusone\" data-size=\"medium\" data-href=\"https:\/\/www.caritasne2.org.br\/site\/agricultores-e-agricultoras-familiares-retomam-com-forca-a-producao-de-alimentos-no-semiarido-pernambucano\/\"><\/div><\/li><li class=\"ssb_linkedin\" style=\"width:64px\"><script src=\"\/\/platform.linkedin.com\/in.js\" type=\"text\/javascript\">lang: en_US<\/script><script type=\"IN\/Share\" data-url=\"https:\/\/www.caritasne2.org.br\/site\/agricultores-e-agricultoras-familiares-retomam-com-forca-a-producao-de-alimentos-no-semiarido-pernambucano\/\" data-counter=\"right\"><\/script><\/li><\/ul>","protected":false},"author":4,"featured_media":12278,"comment_status":"open","ping_status":"open","sticky":false,"template":"","format":"standard","meta":[],"categories":[21,20],"tags":[],"_links":{"self":[{"href":"https:\/\/www.caritasne2.org.br\/site\/wp-json\/wp\/v2\/posts\/12276"}],"collection":[{"href":"https:\/\/www.caritasne2.org.br\/site\/wp-json\/wp\/v2\/posts"}],"about":[{"href":"https:\/\/www.caritasne2.org.br\/site\/wp-json\/wp\/v2\/types\/post"}],"author":[{"embeddable":true,"href":"https:\/\/www.caritasne2.org.br\/site\/wp-json\/wp\/v2\/users\/4"}],"replies":[{"embeddable":true,"href":"https:\/\/www.caritasne2.org.br\/site\/wp-json\/wp\/v2\/comments?post=12276"}],"version-history":[{"count":5,"href":"https:\/\/www.caritasne2.org.br\/site\/wp-json\/wp\/v2\/posts\/12276\/revisions"}],"predecessor-version":[{"id":12297,"href":"https:\/\/www.caritasne2.org.br\/site\/wp-json\/wp\/v2\/posts\/12276\/revisions\/12297"}],"wp:featuredmedia":[{"embeddable":true,"href":"https:\/\/www.caritasne2.org.br\/site\/wp-json\/wp\/v2\/media\/12278"}],"wp:attachment":[{"href":"https:\/\/www.caritasne2.org.br\/site\/wp-json\/wp\/v2\/media?parent=12276"}],"wp:term":[{"taxonomy":"category","embeddable":true,"href":"https:\/\/www.caritasne2.org.br\/site\/wp-json\/wp\/v2\/categories?post=12276"},{"taxonomy":"post_tag","embeddable":true,"href":"https:\/\/www.caritasne2.org.br\/site\/wp-json\/wp\/v2\/tags?post=12276"}],"curies":[{"name":"wp","href":"https:\/\/api.w.org\/{rel}","templated":true}]}}